{"id":6324,"date":"2024-08-12T11:34:22","date_gmt":"2024-08-12T11:34:22","guid":{"rendered":"https:\/\/www.automakers.cz\/?p=6324"},"modified":"2024-08-12T14:42:10","modified_gmt":"2024-08-12T14:42:10","slug":"riha-bodoval-s-ds-v-eco-rally-beskydy","status":"publish","type":"post","link":"https:\/\/www.automakers.cz\/?p=6324","title":{"rendered":"\u0158\u00edha bodoval s DS v Eco Rally Beskydy"},"content":{"rendered":"<p><strong><b>Dom\u00e1c\u00ed mistrovstv\u00ed v\u202fEco Rally pro vozy s alternativn\u00edm pohonem m\u011blo o v\u00edkendu na programu u\u017e \u010dtvrt\u00fd leto\u0161n\u00ed podnik. Byla j\u00edm premi\u00e9rov\u00e1 Eco Rallye Beskydy se startem i c\u00edlem v\u202f\u010celadn\u00e9. <\/b><\/strong><!--more--><\/p>\n<p>N\u00e1ro\u010dn\u00e9 trat\u011b beskydsk\u00fdmi kopci v\u010detn\u011b no\u010dn\u00edch \u00fasek\u016f absolvovalo 15 pos\u00e1dek. Jan \u0158\u00edha a Michal Oplu\u0161til z DS e-rally teamu s\u202fvozem DS 3 E-Tense vybojovali bod za des\u00e1t\u00e9 m\u00edsto.<\/p>\n<p>Nov\u00fd d\u00edl \u0161ampion\u00e1tu za\u010dal v\u202fp\u00e1tek zostra p\u011bti no\u010dn\u00edmi m\u011b\u0159en\u00fdmi \u00faseky, na kter\u00fdch zabloudilo hned n\u011bkolik pos\u00e1dek. Bohu\u017eel se to t\u00fdkalo i dvojice Jan \u0158\u00edha a Michal Oplu\u0161til, kter\u00e1 tak hned v\u202f\u00favodu sout\u011b\u017ee nabrala \u010dasovou ztr\u00e1tu. O n\u00e1ro\u010dnosti no\u010dn\u00ed etapy sv\u011bd\u010d\u00ed i fakt, \u017ee do \u010dasov\u00e9 kontroly dorazilo v\u010das jen p\u011bt pos\u00e1dek. Ostatn\u00ed se musely sm\u00ed\u0159it s\u202fpenalizac\u00ed, kter\u00e1 rozdala karty do sobotn\u00edho programu s\u202fosmi m\u011b\u0159en\u00fdmi \u00faseky.<\/p>\n<p>\u201e<em><i>Do premi\u00e9rov\u00e9ho ro\u010dn\u00edku v\u202fBeskydech jsme s\u202fMichalem \u0161li s\u202fchut\u00ed a el\u00e1nem. Bohu\u017eel jsme se v\u202fprvn\u00ed etap\u011b hned dvakr\u00e1t odch\u00fdlili z\u202fp\u0159edepsan\u00e9 trasy, co\u017e beru na sebe. V\u202fprvn\u00edm p\u0159\u00edpad\u011b jsem s\u202fnedo\u010dkavost\u00ed odbo\u010dil d\u0159\u00edv, ne\u017e m\u011b Michal podle roadbooku pos\u00edlal. A v\u202ftom druh\u00e9m a z\u00e1sadn\u011bj\u0161\u00edm jsme \u0161patn\u011b vyhodnotili naviga\u010dn\u00ed v\u00e1h\u00e1n\u00ed pos\u00e1dky p\u0159ed n\u00e1mi a vydali se \u00fapln\u011b \u0161patn\u00fdm sm\u011brem. Tak\u017ee jsme se museli po n\u011bkolika kilometrech vracet na m\u00edsto, kde jsme ud\u011blali chybu. Proto jsme nakonec nestihli ani \u010dasovou kontrolu a hned prvn\u00ed den z\u00edskali velk\u00e9 mno\u017estv\u00ed trestn\u00edch bod\u016f,\u201c<\/i><\/em>\u00a0litoval<em><i>\u00a0<\/i><\/em>pilot DS e-rally teamu, moder\u00e1tor Jan \u0158\u00edha.<\/p>\n<p><strong>Rychl\u00e9 m\u011b\u0159en\u00e9 \u00faseky, ale chyba v navigaci<\/strong><\/p>\n<p>V\u202fsobotn\u00edm programu pos\u00e1dka \u0158\u00edha \u2013 Oplu\u0161til zaz\u00e1\u0159ila dv\u011bma druh\u00fdmi m\u00edsty v\u202fm\u011b\u0159en\u00fdch \u00fasec\u00edch. Jen\u017ee se op\u011bt nevyvarovala naviga\u010dn\u00edch chyb a z\u202fpr\u016fb\u011b\u017en\u00e9ho dev\u00e1t\u00e9ho m\u00edsta po p\u00e1te\u010dn\u00ed etap\u011b spadla na kone\u010dn\u00e9 des\u00e1t\u00e9 m\u00edsto, za kter\u00e9 z\u00edskala pro zna\u010dku DS jeden bod do celkov\u00e9ho hodnocen\u00ed.<\/p>\n<p>\u201e<em><i>Kdy\u017e se n\u00e1m s\u202fHonzou za\u010dalo v\u202fsobotu da\u0159it a zaj\u00ed\u017ed\u011bli jsme v\u00fdsledky, kter\u00e9 jsme cht\u011bli, p\u0159i\u0161la trivi\u00e1ln\u00ed naviga\u010dn\u00ed chyba. Minuli jsme p\u0159i n\u00ed jeden m\u011b\u0159en\u00fd bod a nad\u011blili si tak dal\u0161\u00ed penalizaci. A to se s\u202fn\u00e1mi vezlo d\u00e1l. Alespo\u0148, \u017ee jsme si spravili chu\u0165 v\u202fposledn\u00edm m\u011b\u0159en\u00e9m \u00faseku. S\u202fEco Rallye Hustope\u010de jsme tak se rozlou\u010dili druh\u00fdm m\u00edstem. Tak\u017ee m\u00e1me po tomto podniku sm\u00ed\u0161en\u00e9 pocity,\u201c <\/i><\/em>doplnil navig\u00e1tor DS e-rally teamu Michal Oplu\u0161til.<\/p>\n<p><img loading=\"lazy\" decoding=\"async\" class=\"alignnone size-medium wp-image-6327\" src=\"http:\/\/www.automakers.cz\/wp-content\/uploads\/2024\/08\/Riha-DS-Beskydy-675x900.jpg\" alt=\"\" width=\"675\" height=\"900\" \/>P\u0159\u00ed\u0161t\u00ed sout\u011b\u017e \u010cEZ Mistrovstv\u00ed \u010cR v\u202fecoRally i s\u202f\u00fa\u010dast\u00ed DS e-rally teamu se pojede ve dnech 30. a 31. 8. srpna v\u202fokol\u00ed Hustope\u010d\u00ed.<\/p>\n<p><strong><b>Zb\u00fdvaj\u00edc\u00ed podniky \u010cEZ mezin\u00e1rodn\u00edho mistrovstv\u00ed \u010cR v\u202fecoRally 2024<\/b><\/strong><\/p>\n<ol start=\"30\">\n<li><em><i> \u2013 31. srpna 2024 3. Agrotec Eco Rally Hustope\u010de \/ Hustope\u010de<\/i><\/em><\/li>\n<li><em><i> \u2013 23. listopadu 2024 1. New Energies Rallye \u017delezn\u00e9 hory \/ Hradec Kr\u00e1lov\u00e9<\/i><\/em><\/li>\n<\/ol>\n<p><strong>\u00a0Zdroj: DS, Martina Bedrnov\u00e1<\/strong><\/p>\n","protected":false},"excerpt":{"rendered":"<p>Dom\u00e1c\u00ed mistrovstv\u00ed v\u202fEco Rally pro vozy s alternativn\u00edm pohonem m\u011blo o v\u00edkendu na programu u\u017e&#8230;<\/p>\n","protected":false},"author":1,"featured_media":6326,"comment_status":"closed","ping_status":"closed","sticky":false,"template":"","format":"standard","meta":{"footnotes":""},"categories":[26,19],"tags":[],"class_list":["post-6324","post","type-post","status-publish","format-standard","has-post-thumbnail","hentry","category-eventy","category-motorsport"],"_links":{"self":[{"href":"https:\/\/www.automakers.cz\/index.php?rest_route=\/wp\/v2\/posts\/6324","targetHints":{"allow":["GET"]}}],"collection":[{"href":"https:\/\/www.automakers.cz\/index.php?rest_route=\/wp\/v2\/posts"}],"about":[{"href":"https:\/\/www.automakers.cz\/index.php?rest_route=\/wp\/v2\/types\/post"}],"author":[{"embeddable":true,"href":"https:\/\/www.automakers.cz\/index.php?rest_route=\/wp\/v2\/users\/1"}],"replies":[{"embeddable":true,"href":"https:\/\/www.automakers.cz\/index.php?rest_route=%2Fwp%2Fv2%2Fcomments&post=6324"}],"version-history":[{"count":4,"href":"https:\/\/www.automakers.cz\/index.php?rest_route=\/wp\/v2\/posts\/6324\/revisions"}],"predecessor-version":[{"id":6329,"href":"https:\/\/www.automakers.cz\/index.php?rest_route=\/wp\/v2\/posts\/6324\/revisions\/6329"}],"wp:featuredmedia":[{"embeddable":true,"href":"https:\/\/www.automakers.cz\/index.php?rest_route=\/wp\/v2\/media\/6326"}],"wp:attachment":[{"href":"https:\/\/www.automakers.cz\/index.php?rest_route=%2Fwp%2Fv2%2Fmedia&parent=6324"}],"wp:term":[{"taxonomy":"category","embeddable":true,"href":"https:\/\/www.automakers.cz\/index.php?rest_route=%2Fwp%2Fv2%2Fcategories&post=6324"},{"taxonomy":"post_tag","embeddable":true,"href":"https:\/\/www.automakers.cz\/index.php?rest_route=%2Fwp%2Fv2%2Ftags&post=6324"}],"curies":[{"name":"wp","href":"https:\/\/api.w.org\/{rel}","templated":true}]}}