{"id":6336,"date":"2024-08-12T14:52:57","date_gmt":"2024-08-12T14:52:57","guid":{"rendered":"https:\/\/www.automakers.cz\/?p=6336"},"modified":"2024-08-12T14:53:52","modified_gmt":"2024-08-12T14:53:52","slug":"eco-rallye-beskydy-peugeot-pojistil-vedeni-v-mcr","status":"publish","type":"post","link":"https:\/\/www.automakers.cz\/?p=6336","title":{"rendered":"Eco Rallye Beskydy: Peugeot pojistil veden\u00ed v M\u010cR"},"content":{"rendered":"<p><strong><b> Zna\u010dka Peugeot op\u011bt z\u00edskala na beskydsk\u00e9 Eco Rallye zlato v poh\u00e1ru v\u00fdrobc\u016f a zv\u00fd\u0161ila tak sv\u016fj n\u00e1skok v pr\u016fb\u011b\u017en\u00e9m po\u0159ad\u00ed mistrovstv\u00ed \u010cR. Pos\u00e1dky s vozy Peugeot ale vezou z Beskyd velmi r\u016fznorod\u00e9 vzpom\u00ednky.<\/b><\/strong><!--more--><\/p>\n<p>Lucie Kudrnovsk\u00e1 s Petrem Timurou odjeli sv\u016fj nejlep\u0161\u00ed z\u00e1vod a poprv\u00e9 stanuli na stupn\u00edch v\u00edt\u011bz\u016f. Petr a Martina Vom\u00e1\u010dkovi naopak ozna\u010dili tuto sout\u011b\u017e za jejich nejhor\u0161\u00ed. Prov\u00e1zela je toti\u017e sm\u016fla od za\u010d\u00e1tku a\u017e do konce. V\u00fdsledn\u00e9 hodnocen\u00ed je ale nakonec v\u00edce ne\u017e p\u0159\u00edzniv\u00e9.<\/p>\n<p><img loading=\"lazy\" decoding=\"async\" class=\"alignnone size-medium wp-image-6338\" src=\"http:\/\/www.automakers.cz\/wp-content\/uploads\/2024\/08\/Peugeot-Beskydy-ecorallye-posadka-900x600.jpg\" alt=\"\" width=\"900\" height=\"600\" srcset=\"https:\/\/www.automakers.cz\/wp-content\/uploads\/2024\/08\/Peugeot-Beskydy-ecorallye-posadka-900x600.jpg 900w, https:\/\/www.automakers.cz\/wp-content\/uploads\/2024\/08\/Peugeot-Beskydy-ecorallye-posadka-1024x683.jpg 1024w, https:\/\/www.automakers.cz\/wp-content\/uploads\/2024\/08\/Peugeot-Beskydy-ecorallye-posadka-768x512.jpg 768w, https:\/\/www.automakers.cz\/wp-content\/uploads\/2024\/08\/Peugeot-Beskydy-ecorallye-posadka-1536x1024.jpg 1536w, https:\/\/www.automakers.cz\/wp-content\/uploads\/2024\/08\/Peugeot-Beskydy-ecorallye-posadka-2048x1365.jpg 2048w\" sizes=\"auto, (max-width: 900px) 100vw, 900px\" \/>Prvn\u00ed ro\u010dn\u00edk Eco Rallye Beskydy p\u0159ed\u010dil o\u010dek\u00e1v\u00e1n\u00ed \u00fa\u010dastn\u00edk\u016f jak z\u00a0hlediska tras, kter\u00e9 vedly kr\u00e1snou beskydskou krajinou, tak i z\u00a0pohledu organizace. Jedin\u00fdm nedostatkem malebn\u00fdch horsk\u00fdch silni\u010dek v\u0161ak byla jejich omezen\u00e1 \u0161\u00ed\u0159ka, kter\u00e1 znemo\u017e\u0148ovala sout\u011b\u017e\u00edc\u00edm p\u0159edjet pomalej\u0161\u00ed vozidla, a udr\u017eet tak pravidly stanoven\u00fd rychlostn\u00ed pr\u016fm\u011br. N\u011bkter\u00fdm pos\u00e1dk\u00e1m se ale tyto probl\u00e9my vyhnuly, co\u017e byl i p\u0159\u00edklad Kry\u0161tofa H\u00e1jka, kter\u00fd si tak v Beskydech vybojoval u\u017e t\u0159et\u00ed leto\u0161n\u00ed st\u0159\u00edbro. Druhou pozici dr\u017e\u00ed i z\u00a0hlediska pr\u016fb\u011b\u017en\u00e9ho po\u0159ad\u00ed pos\u00e1dek v\u00a0\u0161ampion\u00e1tu.<\/p>\n<p><em><i>\u201eS v\u00fdsledky Eco Rallye Beskydy jsme velmi spokojen\u00ed. Poda\u0159ilo se n\u00e1m usp\u011bt nejen z\u00a0hlediska hodnocen\u00ed regularity, ale tak\u00e9 co se t\u00fd\u010de spot\u0159eby. Bylo to i d\u00edky nastaven\u00ed rychlostn\u00edch pr\u016fm\u011br\u016f, kter\u00e9 po\u0159adatel\u00e9 stanovili ni\u017e\u0161\u00ed, ne\u017e b\u00fdv\u00e1 zvykem na jin\u00fdch podnic\u00edch. A rozhodn\u011b dob\u0159e ud\u011blali, proto\u017ee pr\u00e1zdninov\u00fd v\u00edkend p\u0159il\u00e1kal do Beskyd hodn\u011b turist\u016f a cyklist\u016f, kter\u00e9 jsme na ecorallyov\u00fdch trat\u00edch potk\u00e1vali tak\u0159ka neust\u00e1le. Celkov\u011b hodnot\u00edme Eco Rallye Beskydy jako moc povedenou,\u201c<\/i><\/em>\u00a0\u0159\u00edk\u00e1 Kry\u0161tof H\u00e1jek.<\/p>\n<p><img loading=\"lazy\" decoding=\"async\" class=\"alignnone size-medium wp-image-6343\" src=\"http:\/\/www.automakers.cz\/wp-content\/uploads\/2024\/08\/Peugeot-Ecorallye-Beskydy-modry-900x600.jpg\" alt=\"\" width=\"900\" height=\"600\" srcset=\"https:\/\/www.automakers.cz\/wp-content\/uploads\/2024\/08\/Peugeot-Ecorallye-Beskydy-modry-900x600.jpg 900w, https:\/\/www.automakers.cz\/wp-content\/uploads\/2024\/08\/Peugeot-Ecorallye-Beskydy-modry-1024x683.jpg 1024w, https:\/\/www.automakers.cz\/wp-content\/uploads\/2024\/08\/Peugeot-Ecorallye-Beskydy-modry-768x512.jpg 768w, https:\/\/www.automakers.cz\/wp-content\/uploads\/2024\/08\/Peugeot-Ecorallye-Beskydy-modry-1536x1024.jpg 1536w, https:\/\/www.automakers.cz\/wp-content\/uploads\/2024\/08\/Peugeot-Ecorallye-Beskydy-modry-2048x1366.jpg 2048w\" sizes=\"auto, (max-width: 900px) 100vw, 900px\" \/><\/p>\n<p>Podobn\u011b to vn\u00edmala i Lucie Kudrnovsk\u00e1. <em><i>\u201eZa n\u00e1s to jednozna\u010dn\u011b byla nejlep\u0161\u00ed sout\u011b\u017e! Trasy byly opravdu n\u00e1dhern\u00e9, moc jsme si to u\u017eili. Tak\u00e9 organizace fungovala dokonale. Hlavn\u011b jsme ale zajeli skv\u011bl\u00fd v\u00fdsledek. T\u0159et\u00ed m\u00edsto je na\u0161e nejlep\u0161\u00ed um\u00edst\u011bn\u00ed. I kdy\u017e ur\u010dit\u011b v\u00a0tom sehr\u00e1lo roli i \u0161t\u011bst\u00ed. Nesetkali jsme se toti\u017e s\u00a0\u017e\u00e1dnou z\u00e1va\u017en\u011bj\u0161\u00ed p\u0159ek\u00e1\u017ekou v\u00a0provozu a prvn\u00ed etapu jsme zajeli tak\u0159ka bez chyb. Po prvn\u00edm dnu jsme tak m\u011bli pr\u016fb\u011b\u017en\u00e9 t\u0159et\u00ed m\u00edsto, kter\u00e9 se n\u00e1m poda\u0159ilo udr\u017eet a\u017e do konce. V\u00a0jednom okam\u017eiku jsme se dokonce posunuli na druhou pozici. Nicm\u00e9n\u011b i s\u00a0bronzem jsme nadm\u00edru spokojeni,\u201c<\/i><\/em>\u00a0\u0159\u00edk\u00e1 Lucie Kudrnovsk\u00e1. Toto um\u00edst\u011bn\u00ed nav\u00edc posunulo pos\u00e1dku Lucie Kudrnovsk\u00e1 \u2013 Petr Timura na pr\u016fb\u011b\u017en\u00e9 \u010dtvrt\u00e9 m\u00edsto v\u00a0\u0161ampion\u00e1tu.<\/p>\n<p><img loading=\"lazy\" decoding=\"async\" class=\"alignnone size-medium wp-image-6342\" src=\"http:\/\/www.automakers.cz\/wp-content\/uploads\/2024\/08\/Peugeot-Beskydy-Ec-o-Ecorallye-900x600.jpg\" alt=\"\" width=\"900\" height=\"600\" srcset=\"https:\/\/www.automakers.cz\/wp-content\/uploads\/2024\/08\/Peugeot-Beskydy-Ec-o-Ecorallye-900x600.jpg 900w, https:\/\/www.automakers.cz\/wp-content\/uploads\/2024\/08\/Peugeot-Beskydy-Ec-o-Ecorallye-1024x682.jpg 1024w, https:\/\/www.automakers.cz\/wp-content\/uploads\/2024\/08\/Peugeot-Beskydy-Ec-o-Ecorallye-768x512.jpg 768w, https:\/\/www.automakers.cz\/wp-content\/uploads\/2024\/08\/Peugeot-Beskydy-Ec-o-Ecorallye.jpg 1325w\" sizes=\"auto, (max-width: 900px) 100vw, 900px\" \/>T\u0159et\u00ed dvojice s\u00a0vozem Peugeot, Petr a Martina Vom\u00e1\u010dkovi, se na rozd\u00edl od jejich t\u00fdmov\u00fdch koleg\u016f na Eco Rallye Beskydy pot\u00fdkala sp\u00ed\u0161e se sm\u016flou.<\/p>\n<p><em><i>\u201eZ prvn\u00ed etapy jsme stihli odjet jen asi 10 kilometr\u016f, kdy\u017e jsme potkali st\u00e1do ovc\u00ed, kter\u00e9 p\u0159ech\u00e1zelo silnici. Ztratili jsme zde asi 2 minuty, a ty n\u00e1s tak\u0159ka p\u0159ipravily o \u0161anci na dobr\u00e9 um\u00edst\u011bn\u00ed. Druh\u00fd den sm\u016fla pokra\u010dovala. Narazili jsme na pomalu jedouc\u00ed vozidlo a n\u00e1sledn\u011b i na hotelov\u00fd shuttle. Na \u00fazk\u00fdch silni\u010dk\u00e1ch nebyla prakticky \u017e\u00e1dn\u00e1 mo\u017enost p\u0159edj\u00ed\u017ed\u011bn\u00ed, tak\u017ee p\u0159esto\u017ee jsme usilovali o \u201ebednu\u201c, museli jsme se sm\u00ed\u0159it s 6. m\u00edstem. Nicm\u00e9n\u011b v\u00a0pr\u016fb\u011b\u017en\u00e9m hodnocen\u00ed \u0161ampion\u00e1tu z\u016fst\u00e1v\u00e1me na t\u0159et\u00ed p\u0159\u00ed\u010dce, a tu si rozhodn\u011b chceme udr\u017eet a\u017e do konce sez\u00f3ny,\u201c<\/i><\/em>\u00a0\u0159\u00edk\u00e1 Petr Vom\u00e1\u010dka.<\/p>\n<p><img loading=\"lazy\" decoding=\"async\" class=\"alignnone size-medium wp-image-6341\" src=\"http:\/\/www.automakers.cz\/wp-content\/uploads\/2024\/08\/Peugeot-Beskydy-rallye-pohary-900x600.jpg\" alt=\"\" width=\"900\" height=\"600\" srcset=\"https:\/\/www.automakers.cz\/wp-content\/uploads\/2024\/08\/Peugeot-Beskydy-rallye-pohary-900x600.jpg 900w, https:\/\/www.automakers.cz\/wp-content\/uploads\/2024\/08\/Peugeot-Beskydy-rallye-pohary-1024x683.jpg 1024w, https:\/\/www.automakers.cz\/wp-content\/uploads\/2024\/08\/Peugeot-Beskydy-rallye-pohary-768x512.jpg 768w, https:\/\/www.automakers.cz\/wp-content\/uploads\/2024\/08\/Peugeot-Beskydy-rallye-pohary.jpg 1200w\" sizes=\"auto, (max-width: 900px) 100vw, 900px\" \/>Dal\u0161\u00ed sout\u011b\u017e \u010dek\u00e1 pos\u00e1dky s\u00a0vozy Peugeot u\u017e za p\u00e1r dn\u00ed. O posledn\u00edm srpnov\u00e9m v\u00edkendu se sjedou do jihomoravsk\u00e9ho kraje na 3. ro\u010dn\u00edk AGROTEC ECO Rally Hustope\u010de, kter\u00e1 bude p\u0159edposledn\u00edm podnikem leto\u0161n\u00edho \u0161ampion\u00e1tu.<\/p>\n<p><strong>Zdroj: Peugeot, Radka Matthey<\/strong><\/p>\n<p><img loading=\"lazy\" decoding=\"async\" class=\"alignnone size-medium wp-image-6340\" src=\"http:\/\/www.automakers.cz\/wp-content\/uploads\/2024\/08\/DS-Rally-Beskydy-675x900.jpg\" alt=\"\" width=\"675\" height=\"900\" srcset=\"https:\/\/www.automakers.cz\/wp-content\/uploads\/2024\/08\/DS-Rally-Beskydy-675x900.jpg 675w, https:\/\/www.automakers.cz\/wp-content\/uploads\/2024\/08\/DS-Rally-Beskydy-768x1024.jpg 768w, https:\/\/www.automakers.cz\/wp-content\/uploads\/2024\/08\/DS-Rally-Beskydy-1152x1536.jpg 1152w, https:\/\/www.automakers.cz\/wp-content\/uploads\/2024\/08\/DS-Rally-Beskydy-1024x1365.jpg 1024w, https:\/\/www.automakers.cz\/wp-content\/uploads\/2024\/08\/DS-Rally-Beskydy.jpg 1536w\" sizes=\"auto, (max-width: 675px) 100vw, 675px\" \/><\/p>\n<p>&nbsp;<\/p>\n","protected":false},"excerpt":{"rendered":"<p>Zna\u010dka Peugeot op\u011bt z\u00edskala na beskydsk\u00e9 Eco Rallye zlato v poh\u00e1ru v\u00fdrobc\u016f a zv\u00fd\u0161ila tak&#8230;<\/p>\n","protected":false},"author":1,"featured_media":6339,"comment_status":"closed","ping_status":"closed","sticky":false,"template":"","format":"standard","meta":{"footnotes":""},"categories":[9,19,53],"tags":[],"class_list":["post-6336","post","type-post","status-publish","format-standard","has-post-thumbnail","hentry","category-elektromobily","category-motorsport","category-vysledky"],"_links":{"self":[{"href":"https:\/\/www.automakers.cz\/index.php?rest_route=\/wp\/v2\/posts\/6336","targetHints":{"allow":["GET"]}}],"collection":[{"href":"https:\/\/www.automakers.cz\/index.php?rest_route=\/wp\/v2\/posts"}],"about":[{"href":"https:\/\/www.automakers.cz\/index.php?rest_route=\/wp\/v2\/types\/post"}],"author":[{"embeddable":true,"href":"https:\/\/www.automakers.cz\/index.php?rest_route=\/wp\/v2\/users\/1"}],"replies":[{"embeddable":true,"href":"https:\/\/www.automakers.cz\/index.php?rest_route=%2Fwp%2Fv2%2Fcomments&post=6336"}],"version-history":[{"count":4,"href":"https:\/\/www.automakers.cz\/index.php?rest_route=\/wp\/v2\/posts\/6336\/revisions"}],"predecessor-version":[{"id":6346,"href":"https:\/\/www.automakers.cz\/index.php?rest_route=\/wp\/v2\/posts\/6336\/revisions\/6346"}],"wp:featuredmedia":[{"embeddable":true,"href":"https:\/\/www.automakers.cz\/index.php?rest_route=\/wp\/v2\/media\/6339"}],"wp:attachment":[{"href":"https:\/\/www.automakers.cz\/index.php?rest_route=%2Fwp%2Fv2%2Fmedia&parent=6336"}],"wp:term":[{"taxonomy":"category","embeddable":true,"href":"https:\/\/www.automakers.cz\/index.php?rest_route=%2Fwp%2Fv2%2Fcategories&post=6336"},{"taxonomy":"post_tag","embeddable":true,"href":"https:\/\/www.automakers.cz\/index.php?rest_route=%2Fwp%2Fv2%2Ftags&post=6336"}],"curies":[{"name":"wp","href":"https:\/\/api.w.org\/{rel}","templated":true}]}}