{"id":6350,"date":"2024-08-13T07:33:55","date_gmt":"2024-08-13T07:33:55","guid":{"rendered":"https:\/\/www.automakers.cz\/?p=6350"},"modified":"2024-08-13T07:33:55","modified_gmt":"2024-08-13T07:33:55","slug":"skoda-opet-partnerem-tour-de-france-femmes","status":"publish","type":"post","link":"https:\/\/www.automakers.cz\/?p=6350","title":{"rendered":"\u0160koda op\u011bt partnerem Tour de France Femmes"},"content":{"rendered":"<p><strong>\u0160koda Auto je t\u0159et\u00ed rok za sebou ofici\u00e1ln\u00edm hlavn\u00edm partnerem \u017eensk\u00e9ho cyklistick\u00e9ho z\u00e1vodu Tour de France Femmes avec Zwift. Ve dnech 12. a\u017e 18. srpna jede 154 z\u00e1vodnic z 22 t\u00fdm\u016f na trasu o d\u00e9lce 950 kilometr\u016f. Pro pot\u0159eby organiz\u00e1tor\u016f dod\u00e1 \u0160koda 70 elektrick\u00fdch a plug-in hybridn\u00edch voz\u016f \u0160koda. <\/strong><!--more--><\/p>\n<p>\u0158editelka z\u00e1vodu Marion Rousseov\u00e1 bude dohl\u00ed\u017eet na pr\u016fb\u011bh sout\u011b\u017ee z \u201e\u010derven\u00e9ho vozu\u201c \u2013 pln\u011b elektrick\u00e9ho modelu Enyaq. Fanou\u0161ci mohou sledovat nejnov\u011bj\u0161\u00ed informace o d\u011bn\u00ed v pelotonu i z\u00e1kulis\u00ed na soci\u00e1ln\u00edch s\u00edt\u00edch platformy WeLoveCycling, kde bude p\u0159\u00edsp\u011bvky sd\u00edlet polsk\u00e1 z\u00e1vodnice Katarzyna \u201eKasia\u201c Niewiadoma.<\/p>\n<p>Martin Jahn, \u010dlen p\u0159edstavenstva spole\u010dnosti \u0160koda Auto pro Prodej a marketing, \u0159ekl: \u201eJako dlouholet\u00ed podporovatel\u00e9 cyklistiky jsme hrd\u00ed na to, \u017ee jsme ji\u017e t\u0159et\u00edm rokem ofici\u00e1ln\u00edm hlavn\u00edm partnerem z\u00e1vodu Tour de France Femmes avec Zwift. Sv\u00fdm trval\u00fdm z\u00e1vazkem k podpo\u0159e \u017eensk\u00e9 cyklistiky se sna\u017e\u00edme d\u00e1le posilovat v\u00fdznam a dosah t\u00e9to p\u016fsobiv\u00e9 sportovn\u00ed ud\u00e1losti. T\u011b\u0161\u00edme se na skv\u011bl\u00e9 v\u00fdkony sportovky\u0148 a na propojen\u00ed s fanou\u0161ky pod\u00e9l trati. D\u00edky vozov\u00e9mu parku, kter\u00fd \u010d\u00edt\u00e1 70 elektrick\u00fdch a plug-in hybridn\u00edch vozidel \u0160koda pro po\u0159adatele, bude na\u0161e zna\u010dka siln\u011b zastoupena a st\u00e1le na o\u010d\u00edch, od slavnostn\u00edho startu Grand D\u00e9part a\u017e do c\u00edle.\u201c<\/p>\n<p>Peloton 154 z\u00e1vodnic z 22 t\u00fdm\u016f letos zdol\u00e1 950 kilometr\u016f dlouhou trasu p\u0159es Nizozemsko, Belgii a Francii. Kv\u016fli olympijsk\u00fdm hr\u00e1m v Pa\u0159\u00ed\u017ei se Grand D\u00e9part uskute\u010dn\u00ed v Rotterdamu. Nejn\u00e1ro\u010dn\u011bj\u0161\u00ed v\u00fdzva \u010dek\u00e1 sportovkyn\u011b na osm\u00e9, z\u00e1v\u011bre\u010dn\u00e9 etap\u011b z Le Grand-Bornand do Alpe d\u2019Huez. Zde se cyklistky na Col du Glandon dostanou na nejvy\u0161\u0161\u00ed \u00fasek trati v nadmo\u0159sk\u00e9 v\u00fd\u0161ce 1 924 metr\u016f a celkem nastoupaj\u00ed 3 900 v\u00fd\u0161kov\u00fdch metr\u016f.<\/p>\n<p>Flotila 70 voz\u016f \u0160koda s elektrick\u00fdm a plug-in hybridn\u00edm pohonem \u0160koda Auto zaji\u0161\u0165uje sedmdes\u00e1t automobil\u016f \u0160koda s elektrifikovan\u00fdm pohonem. \u0158editelka z\u00e1vodu Marion Rousseov\u00e1 bude pro dohled pou\u017e\u00edvat elektromobil Enyaq jako sv\u016fj \u201e\u010derven\u00fd v\u016fz\u201c vybaven\u00fd speci\u00e1ln\u00ed technologi\u00ed. Nab\u00eddkou \u0161ir\u0161\u00edho mno\u017estv\u00ed voz\u016f pro pot\u0159eby organiza\u010dn\u00edho t\u00fdmu p\u0159isp\u00edv\u00e1 automobilka ke zv\u00fd\u0161en\u00ed udr\u017eitelnosti vozov\u00e9ho parku a t\u00edm i samotn\u00e9ho z\u00e1vodu.<\/p>\n<p>Zna\u010dka \u0160koda bude zastoupena i jinak: stejn\u011b jako v minul\u00fdch letech automobilka sponzoruje zelen\u00fd trikot pro vedouc\u00ed jezdkyni bodovac\u00ed sout\u011b\u017ee a jej\u00ed v\u00edt\u011bzka na z\u00e1v\u011br z\u00edsk\u00e1 i trofej ze zelen\u00e9ho k\u0159i\u0161\u0165\u00e1lu, jej\u00ed\u017e podobu navrhlo odd\u011blen\u00ed \u0160koda Design.<\/p>\n<p><strong>\u017densk\u00e1 Tour z prvn\u00ed ruky d\u00edky platform\u011b WeLoveCycling<\/strong><\/p>\n<p>P\u0159\u00edznivci cyklistiky se mohou dostat bl\u00ed\u017ee k pr\u016fb\u011bhu z\u00e1vodu prost\u0159ednictv\u00edm soci\u00e1ln\u00edch m\u00e9di\u00ed platformy WeLoveCycling. Polsk\u00e1 z\u00e1vodnice Katarzyna \u201eKasia\u201c Niewiadoma, lo\u0148sk\u00e1 v\u00edt\u011bzka vrcha\u0159sk\u00e9 sout\u011b\u017ee, bude sd\u00edlet zpr\u00e1vy z pelotonu i z d\u011bn\u00ed v z\u00e1kulis\u00ed. Na internetov\u00e9 str\u00e1nce WeLoveCycling budou pro z\u00e1jemce p\u0159ipraveny sout\u011b\u017ee o atraktivn\u00ed ceny, jako nap\u0159\u00edklad elektrokolo, cyklopo\u010d\u00edta\u010d s navigac\u00ed GPS a origin\u00e1ln\u00ed zelen\u00e9 dresy \u0160koda.<\/p>\n<p><strong>\u0160koda Auto tradi\u010dn\u00edm partnerem vrcholov\u00e9 cyklistiky<\/strong><\/p>\n<p>\u0160koda Auto letos prodlou\u017eila spolupr\u00e1ci s organizac\u00ed A.S.O. a je partnerem celkem 20 mezin\u00e1rodn\u00edch profesion\u00e1ln\u00edch a amat\u00e9rsk\u00fdch sportovn\u00edch akc\u00ed pro mu\u017ee i \u017eeny. Vedle Tour de France a Tour de France Femmes avec Zwift jde nap\u0159\u00edklad o z\u00e1vody jako La Vuelta \u010di Valonsk\u00fd \u0161\u00edp. Automobilka sponzoruje i dom\u00e1c\u00ed z\u00e1vod L\u2019\u00c9tape Czech Republic by Tour de France, ur\u010den\u00fd pro amat\u00e9rsk\u00e9 cyklisty i cyklistky.<\/p>\n<p><img loading=\"lazy\" decoding=\"async\" class=\"alignnone wp-image-6352\" src=\"http:\/\/www.automakers.cz\/wp-content\/uploads\/2024\/08\/Source-Lasvit_97a210f1-2-small-707x900.jpg\" alt=\"\" width=\"988\" height=\"1258\" srcset=\"https:\/\/www.automakers.cz\/wp-content\/uploads\/2024\/08\/Source-Lasvit_97a210f1-2-small-707x900.jpg 707w, https:\/\/www.automakers.cz\/wp-content\/uploads\/2024\/08\/Source-Lasvit_97a210f1-2-small-805x1024.jpg 805w, https:\/\/www.automakers.cz\/wp-content\/uploads\/2024\/08\/Source-Lasvit_97a210f1-2-small-768x977.jpg 768w, https:\/\/www.automakers.cz\/wp-content\/uploads\/2024\/08\/Source-Lasvit_97a210f1-2-small-1207x1536.jpg 1207w, https:\/\/www.automakers.cz\/wp-content\/uploads\/2024\/08\/Source-Lasvit_97a210f1-2-small-1609x2048.jpg 1609w, https:\/\/www.automakers.cz\/wp-content\/uploads\/2024\/08\/Source-Lasvit_97a210f1-2-small-1024x1303.jpg 1024w, https:\/\/www.automakers.cz\/wp-content\/uploads\/2024\/08\/Source-Lasvit_97a210f1-2-small-scaled.jpg 2012w\" sizes=\"auto, (max-width: 988px) 100vw, 988px\" \/><\/p>\n","protected":false},"excerpt":{"rendered":"<p>\u0160koda Auto je t\u0159et\u00ed rok za sebou ofici\u00e1ln\u00edm hlavn\u00edm partnerem \u017eensk\u00e9ho cyklistick\u00e9ho z\u00e1vodu Tour de&#8230;<\/p>\n","protected":false},"author":2,"featured_media":6351,"comment_status":"closed","ping_status":"closed","sticky":false,"template":"","format":"standard","meta":{"footnotes":""},"categories":[29,70],"tags":[],"class_list":["post-6350","post","type-post","status-publish","format-standard","has-post-thumbnail","hentry","category-sponzoring","category-sport"],"_links":{"self":[{"href":"https:\/\/www.automakers.cz\/index.php?rest_route=\/wp\/v2\/posts\/6350","targetHints":{"allow":["GET"]}}],"collection":[{"href":"https:\/\/www.automakers.cz\/index.php?rest_route=\/wp\/v2\/posts"}],"about":[{"href":"https:\/\/www.automakers.cz\/index.php?rest_route=\/wp\/v2\/types\/post"}],"author":[{"embeddable":true,"href":"https:\/\/www.automakers.cz\/index.php?rest_route=\/wp\/v2\/users\/2"}],"replies":[{"embeddable":true,"href":"https:\/\/www.automakers.cz\/index.php?rest_route=%2Fwp%2Fv2%2Fcomments&post=6350"}],"version-history":[{"count":4,"href":"https:\/\/www.automakers.cz\/index.php?rest_route=\/wp\/v2\/posts\/6350\/revisions"}],"predecessor-version":[{"id":6368,"href":"https:\/\/www.automakers.cz\/index.php?rest_route=\/wp\/v2\/posts\/6350\/revisions\/6368"}],"wp:featuredmedia":[{"embeddable":true,"href":"https:\/\/www.automakers.cz\/index.php?rest_route=\/wp\/v2\/media\/6351"}],"wp:attachment":[{"href":"https:\/\/www.automakers.cz\/index.php?rest_route=%2Fwp%2Fv2%2Fmedia&parent=6350"}],"wp:term":[{"taxonomy":"category","embeddable":true,"href":"https:\/\/www.automakers.cz\/index.php?rest_route=%2Fwp%2Fv2%2Fcategories&post=6350"},{"taxonomy":"post_tag","embeddable":true,"href":"https:\/\/www.automakers.cz\/index.php?rest_route=%2Fwp%2Fv2%2Ftags&post=6350"}],"curies":[{"name":"wp","href":"https:\/\/api.w.org\/{rel}","templated":true}]}}