{"id":636,"date":"2023-12-03T20:55:05","date_gmt":"2023-12-03T20:55:05","guid":{"rendered":"https:\/\/www.automakers.cz\/?p=636"},"modified":"2023-12-03T20:56:32","modified_gmt":"2023-12-03T20:56:32","slug":"skoda-presova-superb-do-bratislavy","status":"publish","type":"post","link":"https:\/\/www.automakers.cz\/?p=636","title":{"rendered":"Superb se p\u0159esouv\u00e1 z Kvasin do Bratislavy"},"content":{"rendered":"<p><strong>\u010cty\u0159i t\u00fddny po sv\u011btov\u00e9 premi\u00e9\u0159e v Doln\u00edch B\u0159e\u017eanech zah\u00e1jila \u0160koda Auto v bratislavsk\u00e9m z\u00e1vod\u011b VW v\u00fdrobu \u010dtvrt\u00e9 generace Superbu.<\/strong> <strong>N\u00e1b\u011bh v\u00fdroby doprovodila tiskov\u00e1 konference a novin\u00e1\u0159sk\u00e1 exkurze do tov\u00e1rny.<\/strong><!--more--><\/p>\n<p>P\u0159esunem vrcholn\u00e9ho modelu se spalovac\u00edm motorem z Kvasin se v tamn\u00edm z\u00e1vod\u011b uvoln\u00ed v\u00fdrobn\u00ed kapacita, kter\u00e1 bude vyu\u017eita pro v\u00fdrobu modelu Octavia.<\/p>\n<p><img loading=\"lazy\" decoding=\"async\" class=\"alignnone size-medium wp-image-642\" src=\"http:\/\/www.automakers.cz\/wp-content\/uploads\/2023\/12\/Skoda-Superb-production-in-Bratislava-2_46ade400-900x619.jpg\" alt=\"\" width=\"900\" height=\"619\" \/><\/p>\n<p><strong>Andreas Dick, \u010dlen p\u0159edstavenstva spole\u010dnosti \u0160koda Auto pro oblast V\u00fdroby a logistiky:<\/strong><\/p>\n<p>\u201eUveden\u00ed nov\u00e9 generace modelu na trh je pro v\u0161echny zam\u011bstnance v\u017edy velmi v\u00fdjime\u010dn\u00fdm okam\u017eikem. A pro nov\u00fd Superbto plat\u00ed dvojn\u00e1sob, proto\u017ee v r\u00e1mci takzvan\u00e9ho projektu Beta+ prob\u00edhal spole\u010dn\u00fd v\u00fdvoj voz\u016f \u0160koda Superb a Volkswagen Passat pod veden\u00edm zna\u010dky \u0160koda. Dob\u0159e proveden\u00e1 realizace projektu a p\u0159esun v\u00fdroby modelu Superb do Bratislavy jsou d\u016fkazem vysok\u00e9 dovednosti a odborn\u00e9 znalosti zam\u011bstnanc\u016f spole\u010dnosti \u0160koda Auto. S novou generac\u00ed na\u0161eho \u00fasp\u011b\u0161n\u00e9ho vrcholn\u00e9ho modelu se spalovac\u00edm motorem tak vyu\u017e\u00edv\u00e1me i v\u00fdznamn\u00e9 synergie. Up\u0159\u00edmn\u011b d\u011bkuji v\u0161em koleg\u016fm, kte\u0159\u00ed se s velk\u00fdm\u00a0 pracovn\u00edm nasazen\u00edm pod\u00edleli na tomto projektu.\u201c<\/p>\n<p><img loading=\"lazy\" decoding=\"async\" class=\"alignnone size-medium wp-image-648\" src=\"http:\/\/www.automakers.cz\/wp-content\/uploads\/2023\/12\/Skoda-Superb-tiskovka-kamery-900x675.jpg\" alt=\"\" width=\"900\" height=\"675\" srcset=\"https:\/\/www.automakers.cz\/wp-content\/uploads\/2023\/12\/Skoda-Superb-tiskovka-kamery-900x675.jpg 900w, https:\/\/www.automakers.cz\/wp-content\/uploads\/2023\/12\/Skoda-Superb-tiskovka-kamery-1024x768.jpg 1024w, https:\/\/www.automakers.cz\/wp-content\/uploads\/2023\/12\/Skoda-Superb-tiskovka-kamery-768x576.jpg 768w, https:\/\/www.automakers.cz\/wp-content\/uploads\/2023\/12\/Skoda-Superb-tiskovka-kamery-1536x1152.jpg 1536w, https:\/\/www.automakers.cz\/wp-content\/uploads\/2023\/12\/Skoda-Superb-tiskovka-kamery.jpg 2040w\" sizes=\"auto, (max-width: 900px) 100vw, 900px\" \/><\/p>\n<p><strong>Synergie ve skupin\u011b objemov\u00fdch zna\u010dek Core: v\u00fdroba \u010dtvrt\u00e9 generace modelu Superb v Bratislav\u011b<\/strong><\/p>\n<p>Rozhodnut\u00ed o v\u00fdrob\u011b \u010dtvrt\u00e9 generace modelu Superb v bratislavsk\u00e9m z\u00e1vod\u011b koncernu Volkswagen bylo ozn\u00e1meno ji\u017e v listopadu 2020. Tento krok se stal sou\u010d\u00e1st\u00ed projektu Beta+, jeho\u017e c\u00edlem je p\u0159edev\u0161\u00edm vyu\u017eit\u00ed synergi\u00ed ve v\u00fdrobn\u00ed s\u00edti a dal\u0161\u00ed zv\u00fd\u0161en\u00ed efektivity. Spole\u010dnost \u0160koda Auto byla zodpov\u011bdn\u00e1 za kompletn\u00ed v\u00fdvoj voz\u016f \u0160koda Superb a Volkswagen Passat,<br \/>\nv\u00fdroba bude prob\u00edhat na stejn\u00e9 lince.<\/p>\n<p><img loading=\"lazy\" decoding=\"async\" class=\"alignnone size-medium wp-image-649\" src=\"http:\/\/www.automakers.cz\/wp-content\/uploads\/2023\/12\/Skoda-Superb-novinari-linka-900x675.jpg\" alt=\"\" width=\"900\" height=\"675\" srcset=\"https:\/\/www.automakers.cz\/wp-content\/uploads\/2023\/12\/Skoda-Superb-novinari-linka-900x675.jpg 900w, https:\/\/www.automakers.cz\/wp-content\/uploads\/2023\/12\/Skoda-Superb-novinari-linka-1024x768.jpg 1024w, https:\/\/www.automakers.cz\/wp-content\/uploads\/2023\/12\/Skoda-Superb-novinari-linka-768x576.jpg 768w, https:\/\/www.automakers.cz\/wp-content\/uploads\/2023\/12\/Skoda-Superb-novinari-linka-1536x1152.jpg 1536w, https:\/\/www.automakers.cz\/wp-content\/uploads\/2023\/12\/Skoda-Superb-novinari-linka.jpg 2040w\" sizes=\"auto, (max-width: 900px) 100vw, 900px\" \/><\/p>\n<p><strong>P\u0159esunem modelu Superb do Bratislavy vytvo\u0159\u00ed \u0160koda v z\u00e1vod\u011b v Kvasin\u00e1ch od l\u00e9ta 2024 kapacitu pro v\u00fdrobu voz\u016f Octavi<\/strong>a.<\/p>\n<p>V\u00fdroba modelu \u0160koda Superb na Slovensku za\u010d\u00edn\u00e1 u d\u00edl\u016f karoserie. Mnoho z nich se lisuje v bratislavsk\u00e9m z\u00e1vod\u011b a kompletace prob\u00edh\u00e1 v nov\u00e9 karos\u00e1rn\u011b. Hala byla dosud nevyu\u017e\u00edvan\u00e1 a v r\u00e1mci projektu Beta+ pro\u0161la kompletn\u00ed p\u0159em\u011bnou. B\u011bhem necel\u00fdch dvou let zde \u0160koda Auto instalovala v\u00edce ne\u017e 500 nejmodern\u011bj\u0161\u00edch v\u00fdrobn\u00edch stroj\u016f a ovl\u00e1dac\u00edch \u0159\u00edd\u00edc\u00edch za\u0159\u00edzen\u00ed spolu s pokro\u010dilou technologi\u00ed lepen\u00ed d\u00edl\u016f, d\u016fle\u017eit\u00e9 bylo takt\u00e9\u017e nav\u00e1zat spolupr\u00e1ci s nov\u00fdmi dodavateli.<\/p>\n<p>Krom\u011b toho byla rozs\u00e1hle p\u0159estav\u011bna mont\u00e1\u017en\u00ed hala: samotn\u00e1 linka, do kter\u00e9 byly nov\u00e9 modely plynule za\u010dlen\u011bny, dosud neslou\u017eila k v\u00fdrob\u011b plug-in hybridn\u00edch ozidel, ale pouze konven\u010dn\u00edch model\u016f \u0160koda a Volkswagen. Komplexn\u00ed modernizace v\u00fdrobn\u00ed haly tak zahrnovala instalaci automatiza\u010dn\u00edch manipula\u010dn\u00edch za\u0159\u00edzen\u00ed, pr\u016fmyslov\u00fdch kamerov\u00fdch syst\u00e9m\u016f a dal\u0161\u00edch technologi\u00ed pro mont\u00e1\u017en\u00ed linku. Vedle toho byla oblast v\u00fdroby podvozk\u016f upravena tak, aby bylo mo\u017en\u00e9 na jedn\u00e9 lince vyr\u00e1b\u011bt i plug-in hybridn\u00ed verze.<\/p>\n<p>Z\u00e1sadn\u00ed prom\u011bnou pro\u0161la v bratislavsk\u00e9m z\u00e1vod\u011b tak\u00e9 lakovna, \u010d\u00edm\u017e bylo dosa\u017eeno vylep\u0161en\u00fdch hodnot v oblasti ekologie. P\u0159\u00ednosem pro ekologi\u010dt\u011bj\u0161\u00ed provoz je nap\u0159\u00edklad zaveden\u00ed nov\u00fdch lakovac\u00edch kabin vybaven\u00fdch modern\u00edmi syst\u00e9my cirkulace vzduchu se schopnost\u00ed zachycovat t\u011bkav\u00e9 organick\u00e9 l\u00e1tky.<\/p>\n<p><img loading=\"lazy\" decoding=\"async\" class=\"alignnone size-medium wp-image-45\" src=\"http:\/\/www.automakers.cz\/wp-content\/uploads\/2023\/11\/Skoda-Superb-podium-ovladac-300x225.jpg\" alt=\"\" width=\"300\" height=\"225\" srcset=\"https:\/\/www.automakers.cz\/wp-content\/uploads\/2023\/11\/Skoda-Superb-podium-ovladac-300x225.jpg 300w, https:\/\/www.automakers.cz\/wp-content\/uploads\/2023\/11\/Skoda-Superb-podium-ovladac-1024x768.jpg 1024w, https:\/\/www.automakers.cz\/wp-content\/uploads\/2023\/11\/Skoda-Superb-podium-ovladac-768x576.jpg 768w, https:\/\/www.automakers.cz\/wp-content\/uploads\/2023\/11\/Skoda-Superb-podium-ovladac-1536x1152.jpg 1536w, https:\/\/www.automakers.cz\/wp-content\/uploads\/2023\/11\/Skoda-Superb-podium-ovladac-678x509.jpg 678w, https:\/\/www.automakers.cz\/wp-content\/uploads\/2023\/11\/Skoda-Superb-podium-ovladac-326x245.jpg 326w, https:\/\/www.automakers.cz\/wp-content\/uploads\/2023\/11\/Skoda-Superb-podium-ovladac-80x60.jpg 80w, https:\/\/www.automakers.cz\/wp-content\/uploads\/2023\/11\/Skoda-Superb-podium-ovladac.jpg 2040w\" sizes=\"auto, (max-width: 300px) 100vw, 300px\" \/><\/p>\n<p><strong>Nov\u00fd designov\u00fd jazyk modelu Superb a \u0161irok\u00e1 nab\u00eddka pohonn\u00fdch jednotek<\/strong><\/p>\n<p>V\u00fdrobu \u010dtvrt\u00e9 generace modelu \u0160koda Superb zah\u00e1j\u00ed verze kombi, po n\u00ed\u017e bude v prvn\u00ed polovin\u011b roku 2024 n\u00e1sledovat hatchback. Nab\u00eddka modern\u00edch a \u00fasporn\u00fdch agreg\u00e1t\u016f nzahrnuje t\u0159i benzinov\u00e9 motory s v\u00fdkony od 110 kW (150 k) do 195 kW (265 k) a dva naftov\u00e9motory o v\u00fdkonech 110 kW (150 k) a 142 kW (193 k).<\/p>\n<p>Vedle toho nab\u00eddka zahrnuje nov\u00fd plug-in hybridn\u00ed pohon s \u010dist\u011b elektrick\u00fdm dojezdem p\u0159es 100 km, kter\u00fd je ur\u010den v\u00fdhradn\u011b<br \/>\npro verzi kombi, a tak\u00e9 mild hybridn\u00ed verzi \u2013 u modelov\u00e9 \u0159ady Superb pou\u017eitou poprv\u00e9.<\/p>\n<figure class=\"wp-block-embed wp-block-embed-youtube is-type-video is-provider-youtube epyt-figure\"><div class=\"wp-block-embed__wrapper\"><iframe loading=\"lazy\"  id=\"_ytid_52150\"  width=\"640\" height=\"360\"  data-origwidth=\"640\" data-origheight=\"360\" src=\"https:\/\/www.youtube.com\/embed\/xTNjhNgKAI8?enablejsapi=1&autoplay=0&cc_load_policy=0&cc_lang_pref=&iv_load_policy=1&loop=0&modestbranding=0&rel=1&fs=1&playsinline=0&autohide=2&theme=dark&color=red&controls=1&\" class=\"__youtube_prefs__  no-lazyload\" title=\"YouTube player\"  allow=\"accelerometer; autoplay; clipboard-write; encrypted-media; gyroscope; picture-in-picture\" allowfullscreen data-no-lazy=\"1\" data-skipgform_ajax_framebjll=\"\"><\/iframe><\/div><\/figure>\n<p><strong>Superb: etalon konstruk\u010dn\u00edch \u0159e\u0161en\u00ed zna\u010dky \u0160koda od roku 1934<\/strong><\/p>\n<p>Odkaz modelu \u0160koda Superb sah\u00e1 a\u017e do roku 1934, kdy byl p\u0159edstaven v\u016fbec prvn\u00ed nositel tohoto jm\u00e9na: \u0160koda 640 Superb. \u0160pi\u010dkov\u00e9 modely si slavn\u00e9 jm\u00e9no uchovaly a\u017e do roku 1949. V roce 2001 \u0160koda historick\u00e9 ozna\u010den\u00ed o\u017eivila pro prvn\u00ed novodobou generaci modelu Superb. Do dne\u0161n\u00edho dne bylo vyrobeno v\u00edce ne\u017e 1,6 milionu voz\u016f t\u00e9to vlajkov\u00e9 lodi zna\u010dky.<\/p>\n<p><strong>Erich Handl, Bratislava, VIDEO: Kondor Cars<br \/>\n<\/strong><\/p>\n<p><img loading=\"lazy\" decoding=\"async\" class=\"alignnone size-medium wp-image-640\" src=\"http:\/\/www.automakers.cz\/wp-content\/uploads\/2023\/12\/Skoda-Superb-Bratislava-kolaz-900x900.jpg\" alt=\"\" width=\"900\" height=\"900\" srcset=\"https:\/\/www.automakers.cz\/wp-content\/uploads\/2023\/12\/Skoda-Superb-Bratislava-kolaz-900x900.jpg 900w, https:\/\/www.automakers.cz\/wp-content\/uploads\/2023\/12\/Skoda-Superb-Bratislava-kolaz-768x768.jpg 768w, https:\/\/www.automakers.cz\/wp-content\/uploads\/2023\/12\/Skoda-Superb-Bratislava-kolaz.jpg 1008w\" sizes=\"auto, (max-width: 900px) 100vw, 900px\" \/><\/p>\n<p>&nbsp;<\/p>\n","protected":false},"excerpt":{"rendered":"<p>\u010cty\u0159i t\u00fddny po sv\u011btov\u00e9 premi\u00e9\u0159e v Doln\u00edch B\u0159e\u017eanech zah\u00e1jila \u0160koda Auto v bratislavsk\u00e9m z\u00e1vod\u011b VW&#8230;<\/p>\n","protected":false},"author":1,"featured_media":639,"comment_status":"open","ping_status":"open","sticky":false,"template":"","format":"standard","meta":{"footnotes":""},"categories":[20,18],"tags":[],"class_list":["post-636","post","type-post","status-publish","format-standard","has-post-thumbnail","hentry","category-tiskovky","category-vyroba"],"_links":{"self":[{"href":"https:\/\/www.automakers.cz\/index.php?rest_route=\/wp\/v2\/posts\/636","targetHints":{"allow":["GET"]}}],"collection":[{"href":"https:\/\/www.automakers.cz\/index.php?rest_route=\/wp\/v2\/posts"}],"about":[{"href":"https:\/\/www.automakers.cz\/index.php?rest_route=\/wp\/v2\/types\/post"}],"author":[{"embeddable":true,"href":"https:\/\/www.automakers.cz\/index.php?rest_route=\/wp\/v2\/users\/1"}],"replies":[{"embeddable":true,"href":"https:\/\/www.automakers.cz\/index.php?rest_route=%2Fwp%2Fv2%2Fcomments&post=636"}],"version-history":[{"count":9,"href":"https:\/\/www.automakers.cz\/index.php?rest_route=\/wp\/v2\/posts\/636\/revisions"}],"predecessor-version":[{"id":652,"href":"https:\/\/www.automakers.cz\/index.php?rest_route=\/wp\/v2\/posts\/636\/revisions\/652"}],"wp:featuredmedia":[{"embeddable":true,"href":"https:\/\/www.automakers.cz\/index.php?rest_route=\/wp\/v2\/media\/639"}],"wp:attachment":[{"href":"https:\/\/www.automakers.cz\/index.php?rest_route=%2Fwp%2Fv2%2Fmedia&parent=636"}],"wp:term":[{"taxonomy":"category","embeddable":true,"href":"https:\/\/www.automakers.cz\/index.php?rest_route=%2Fwp%2Fv2%2Fcategories&post=636"},{"taxonomy":"post_tag","embeddable":true,"href":"https:\/\/www.automakers.cz\/index.php?rest_route=%2Fwp%2Fv2%2Ftags&post=636"}],"curies":[{"name":"wp","href":"https:\/\/api.w.org\/{rel}","templated":true}]}}