{"id":6380,"date":"2024-08-13T14:49:41","date_gmt":"2024-08-13T14:49:41","guid":{"rendered":"https:\/\/www.automakers.cz\/?p=6380"},"modified":"2024-08-13T14:57:44","modified_gmt":"2024-08-13T14:57:44","slug":"golf-hostivar-hostil-premieru-mg3-hybrid","status":"publish","type":"post","link":"https:\/\/www.automakers.cz\/?p=6380","title":{"rendered":"Galerie Golf Hostiva\u0159 hostila premi\u00e9ru MG3 HYBRID+"},"content":{"rendered":"<p><strong><span style=\"font-family: Times New Roman, serif;\"><span style=\"font-size: medium;\"><span style=\"color: #000000;\">\u010c\u00ednsk<\/span><span style=\"color: #000000;\">\u00e1<\/span><span style=\"color: #000000;\"> zna\u010dka MG vypustila na \u010desk\u00fd trh dal\u0161\u00ed novinku. Galerie Golf Hostiva\u0159 hostila 13. srpna n\u00e1rodn\u00ed premi\u00e9ru vozu <\/span><span style=\"color: #000000;\">MG3 HYBRID+, kter\u00fd chce konkurovat hybrid\u016fm v segmentu mal\u00fdch aut. Import m\u00e1 z \u010c\u00edny objedn\u00e1ny stovky kus\u016f.<br \/>\n<\/span><\/span><\/span><\/strong><!--more--><\/p>\n<p><span style=\"font-family: Times New Roman, serif;\"><span style=\"font-size: large;\"><span style=\"color: #000000;\"> \u201eObjedn\u00e1vky na v\u016fz jsme otev\u0159eli 12. srpna, spustili jsme marketingovou kampa\u0148, m\u00e1me ambice prodat do konce p\u0159\u00ed\u0161t\u00edho roku v \u010cesku 800 kus\u016f a za\u0159adit se na \u0161est\u00e9 m\u00edsto mezi zna\u010dkami v uveden\u00e9m segmentu mal\u00fdch aut s kombinovan\u00fdm pohonem,\u201c uvedl \u0161\u00e9f marketingu MG Marek Vodi\u010dka.<\/span><\/span><\/span><\/p>\n<p><img loading=\"lazy\" decoding=\"async\" class=\"alignnone size-medium wp-image-6384\" src=\"http:\/\/www.automakers.cz\/wp-content\/uploads\/2024\/08\/MG-trojice-Hostivar-Vodicka-Dominika-900x705.jpg\" alt=\"\" width=\"900\" height=\"705\" srcset=\"https:\/\/www.automakers.cz\/wp-content\/uploads\/2024\/08\/MG-trojice-Hostivar-Vodicka-Dominika-900x705.jpg 900w, https:\/\/www.automakers.cz\/wp-content\/uploads\/2024\/08\/MG-trojice-Hostivar-Vodicka-Dominika-768x602.jpg 768w, https:\/\/www.automakers.cz\/wp-content\/uploads\/2024\/08\/MG-trojice-Hostivar-Vodicka-Dominika.jpg 1024w\" sizes=\"auto, (max-width: 900px) 100vw, 900px\" \/>Krom\u011b Marka (vpravo) prezentovala novinku za marketing Dominika Beranov\u00e1, o technickou p\u0159edn\u00e1\u0161ku se jako obvykle postaral Robin Babick\u00fd.<\/p>\n<p><img loading=\"lazy\" decoding=\"async\" class=\"alignnone size-medium wp-image-6386\" src=\"http:\/\/www.automakers.cz\/wp-content\/uploads\/2024\/08\/MG-3-hybrid-kapota-900x675.jpg\" alt=\"\" width=\"900\" height=\"675\" srcset=\"https:\/\/www.automakers.cz\/wp-content\/uploads\/2024\/08\/MG-3-hybrid-kapota-900x675.jpg 900w, https:\/\/www.automakers.cz\/wp-content\/uploads\/2024\/08\/MG-3-hybrid-kapota-1024x768.jpg 1024w, https:\/\/www.automakers.cz\/wp-content\/uploads\/2024\/08\/MG-3-hybrid-kapota-768x576.jpg 768w, https:\/\/www.automakers.cz\/wp-content\/uploads\/2024\/08\/MG-3-hybrid-kapota-1536x1152.jpg 1536w, https:\/\/www.automakers.cz\/wp-content\/uploads\/2024\/08\/MG-3-hybrid-kapota.jpg 2040w\" sizes=\"auto, (max-width: 900px) 100vw, 900px\" \/><span style=\"font-family: Times New Roman, serif;\"><span style=\"font-size: large;\"><span style=\"color: #000000;\">Novinka nab\u00edz\u00ed spojen\u00ed benz\u00ednov\u00e9ho motoru s elektromotorem, t\u0159i v\u00fdbavov\u00e9 stupn\u011b, sedm barevn\u00fdch odst\u00edn\u016f a asisten\u010dn\u00ed syst\u00e9m s n\u00e1zvem MG Pilot. Ten zahrnuje soustavu 11 asisten\u010dn\u00edch podsyst\u00e9m\u016f.<\/span><\/span><\/span><\/p>\n<p><img loading=\"lazy\" decoding=\"async\" class=\"alignnone size-medium wp-image-6387\" src=\"http:\/\/www.automakers.cz\/wp-content\/uploads\/2024\/08\/MG-3-hybrid-Vodicka-900x675.jpg\" alt=\"\" width=\"900\" height=\"675\" srcset=\"https:\/\/www.automakers.cz\/wp-content\/uploads\/2024\/08\/MG-3-hybrid-Vodicka-900x675.jpg 900w, https:\/\/www.automakers.cz\/wp-content\/uploads\/2024\/08\/MG-3-hybrid-Vodicka-1024x768.jpg 1024w, https:\/\/www.automakers.cz\/wp-content\/uploads\/2024\/08\/MG-3-hybrid-Vodicka-768x576.jpg 768w, https:\/\/www.automakers.cz\/wp-content\/uploads\/2024\/08\/MG-3-hybrid-Vodicka-1536x1152.jpg 1536w, https:\/\/www.automakers.cz\/wp-content\/uploads\/2024\/08\/MG-3-hybrid-Vodicka.jpg 2040w\" sizes=\"auto, (max-width: 900px) 100vw, 900px\" \/><span style=\"font-family: Times New Roman, serif;\"><span style=\"font-size: large;\"><span style=\"color: #000000;\">Cena startuje na 489 000 korun\u00e1ch, na p\u0159elomu roku lze \u010dekat i \u010dist\u011b benz\u00ednov\u00fd pohon.<br \/>\n<\/span><\/span><\/span><\/p>\n<p><strong>Erich Handl, Hostiva\u0159, FOTO: Lud\u011bk Kortus a autor<br \/>\n<\/strong><\/p>\n<p><img loading=\"lazy\" decoding=\"async\" class=\"alignnone size-medium wp-image-6385\" src=\"http:\/\/www.automakers.cz\/wp-content\/uploads\/2024\/08\/MG-3-tiskovka-Hostivar-900x506.jpg\" alt=\"\" width=\"900\" height=\"506\" srcset=\"https:\/\/www.automakers.cz\/wp-content\/uploads\/2024\/08\/MG-3-tiskovka-Hostivar-900x506.jpg 900w, https:\/\/www.automakers.cz\/wp-content\/uploads\/2024\/08\/MG-3-tiskovka-Hostivar-768x432.jpg 768w, https:\/\/www.automakers.cz\/wp-content\/uploads\/2024\/08\/MG-3-tiskovka-Hostivar.jpg 1024w\" sizes=\"auto, (max-width: 900px) 100vw, 900px\" \/><\/p>\n","protected":false},"excerpt":{"rendered":"<p>\u010c\u00ednsk\u00e1 zna\u010dka MG vypustila na \u010desk\u00fd trh dal\u0161\u00ed novinku. Galerie Golf Hostiva\u0159 hostila 13. srpna&#8230;<\/p>\n","protected":false},"author":1,"featured_media":6382,"comment_status":"closed","ping_status":"closed","sticky":false,"template":"","format":"standard","meta":{"footnotes":""},"categories":[37,83,12],"tags":[],"class_list":["post-6380","post","type-post","status-publish","format-standard","has-post-thumbnail","hentry","category-ceny-novinek","category-hybridy","category-premiery"],"_links":{"self":[{"href":"https:\/\/www.automakers.cz\/index.php?rest_route=\/wp\/v2\/posts\/6380","targetHints":{"allow":["GET"]}}],"collection":[{"href":"https:\/\/www.automakers.cz\/index.php?rest_route=\/wp\/v2\/posts"}],"about":[{"href":"https:\/\/www.automakers.cz\/index.php?rest_route=\/wp\/v2\/types\/post"}],"author":[{"embeddable":true,"href":"https:\/\/www.automakers.cz\/index.php?rest_route=\/wp\/v2\/users\/1"}],"replies":[{"embeddable":true,"href":"https:\/\/www.automakers.cz\/index.php?rest_route=%2Fwp%2Fv2%2Fcomments&post=6380"}],"version-history":[{"count":13,"href":"https:\/\/www.automakers.cz\/index.php?rest_route=\/wp\/v2\/posts\/6380\/revisions"}],"predecessor-version":[{"id":6398,"href":"https:\/\/www.automakers.cz\/index.php?rest_route=\/wp\/v2\/posts\/6380\/revisions\/6398"}],"wp:featuredmedia":[{"embeddable":true,"href":"https:\/\/www.automakers.cz\/index.php?rest_route=\/wp\/v2\/media\/6382"}],"wp:attachment":[{"href":"https:\/\/www.automakers.cz\/index.php?rest_route=%2Fwp%2Fv2%2Fmedia&parent=6380"}],"wp:term":[{"taxonomy":"category","embeddable":true,"href":"https:\/\/www.automakers.cz\/index.php?rest_route=%2Fwp%2Fv2%2Fcategories&post=6380"},{"taxonomy":"post_tag","embeddable":true,"href":"https:\/\/www.automakers.cz\/index.php?rest_route=%2Fwp%2Fv2%2Ftags&post=6380"}],"curies":[{"name":"wp","href":"https:\/\/api.w.org\/{rel}","templated":true}]}}