{"id":6419,"date":"2024-08-14T10:37:25","date_gmt":"2024-08-14T10:37:25","guid":{"rendered":"https:\/\/www.automakers.cz\/?p=6419"},"modified":"2024-08-16T09:23:39","modified_gmt":"2024-08-16T09:23:39","slug":"znacka-mg-letos-v-cr-cili-na-30-dealeru","status":"publish","type":"post","link":"https:\/\/www.automakers.cz\/?p=6419","title":{"rendered":"Zna\u010dka MG c\u00edl\u00ed na 30 dealer\u016f (VIDEO)"},"content":{"rendered":"<p><strong><span style=\"font-family: Times New Roman, serif;\"><span style=\"font-size: large;\">Zna\u010dce MG, kter\u00e1 se zat\u00edm jako jedin\u00e1 z \u010d\u00ednsk\u00fdch zna\u010dek etabluje na \u010desk\u00e9m trhu, letos c\u00edl\u00ed na registraci 5000 aut a chce proniknout do import\u00e9rsk\u00e9 TOP 10. <\/span><\/span><\/strong><strong><span style=\"font-family: Times New Roman, serif;\"><span style=\"font-size: large;\">AB Motors m\u00e1 nyn\u00ed ve st\u00e1ji 25 dealer\u016f a <\/span><\/span><\/strong><strong><span style=\"font-family: Times New Roman, serif;\"><span style=\"font-size: large;\">je v jedn\u00e1n\u00ed s dal\u0161\u00edmi.<\/span><\/span><\/strong><!--more--><\/p>\n<p>\u201e<span style=\"font-family: Times New Roman, serif;\"><span style=\"font-size: large;\">Prodejn\u00ed pl\u00e1ny pro leto\u0161n\u00ed rok zat\u00edm dr\u017e\u00edme, jen za \u010dervenec jsme byli na celkov\u00e9m 12. m\u00edst\u011b mezi import\u00e9ry s tr\u017en\u00edm pod\u00edlem 1,77 procenta. \u00dasp\u011b\u0161n\u00ed jsme tak\u00e9 v segmentu \u010dist\u00fdch elektromobil\u016f, kdy\u017e jsme nasko\u010dili do dota\u010dn\u00edho programu a prodali 156 aut. Dal\u0161\u00edch 50 elektromobil\u016f m\u00e1me v trubk\u00e1ch a jsme zde celkem \u0161est\u00ed mezi import\u00e9ry. To znamen\u00e1, \u017ee s ohledem na n\u00e1\u0161 celkov\u00fd tr\u017en\u00ed pod\u00edl v\u00fdrazn\u011b p\u0159ekon\u00e1v\u00e1me v elektrice v\u011bt\u0161inu velk\u00fdch zaveden\u00fdch zna\u010dek na trhu,\u201c uvedl \u0161\u00e9f marketingu zna\u010dky Marek Vodi\u010dka na tiskovce v pra\u017esk\u00e9 Hostiva\u0159i.<br \/>\n<\/span><\/span><\/p>\n<p><span style=\"font-family: Times New Roman, serif;\"><span style=\"font-size: large;\">Za cel\u00fd rok chce MG prodat podle jeho slov a\u017e 250 \u010dist\u00fdch elektromobil\u016f. Celkov\u00e1 ambice importu je proniknou do prvn\u00ed des\u00edtky import\u00e9rsk\u00e9ho pelotonu.<\/span><\/span><\/p>\n<p><img loading=\"lazy\" decoding=\"async\" class=\"alignnone size-medium wp-image-4384\" src=\"http:\/\/www.automakers.cz\/wp-content\/uploads\/2024\/05\/MG-Orbion-showroom-recepce-900x675.jpg\" alt=\"\" width=\"900\" height=\"675\" srcset=\"https:\/\/www.automakers.cz\/wp-content\/uploads\/2024\/05\/MG-Orbion-showroom-recepce-900x675.jpg 900w, https:\/\/www.automakers.cz\/wp-content\/uploads\/2024\/05\/MG-Orbion-showroom-recepce-1024x768.jpg 1024w, https:\/\/www.automakers.cz\/wp-content\/uploads\/2024\/05\/MG-Orbion-showroom-recepce-768x576.jpg 768w, https:\/\/www.automakers.cz\/wp-content\/uploads\/2024\/05\/MG-Orbion-showroom-recepce-1536x1152.jpg 1536w, https:\/\/www.automakers.cz\/wp-content\/uploads\/2024\/05\/MG-Orbion-showroom-recepce.jpg 2040w\" sizes=\"auto, (max-width: 900px) 100vw, 900px\" \/><span style=\"font-family: Times New Roman, serif;\"><span style=\"font-size: large;\"><b>MG m\u00e1 nyn\u00ed 25 dealer\u016f, c\u00edl\u00ed na 30 partner\u016f<\/b><\/span><\/span><\/p>\n<p><span style=\"font-family: Times New Roman, serif;\"><span style=\"font-size: large;\">K tomuto c\u00edli m\u00e1 zna\u010dku dov\u00e9st dealersk\u00e1 s\u00ed\u0165, kter\u00e1 by m\u011bla m\u00edt na konci roku a\u017e 30 partner\u016f. \u201eJen letos jsme p\u0159idali dev\u011bt nov\u00fdch dealer\u016f a m\u00e1me u\u017e 25 prodejn\u00edch m\u00edst. V jedn\u00e1n\u00ed jsou nyn\u00ed dva a\u017e t\u0159i dal\u0161\u00ed partne\u0159i. O jak\u00e9 firmy jde? \u201eTo zat\u00edm nem\u016f\u017eu prozradit. D\u016fle\u017eit\u00e1 je ale skute\u010dnost, \u017ee jde o velk\u00e9 a zaveden\u00e9 prodejn\u00ed skupiny, co\u017e bereme jako dobr\u00fd sign\u00e1l, \u017ee o zna\u010dku MG je z\u00e1jem,\u201c uvedl Vodi\u010dka na dotaz \u010dasopisu AUTOmakers.<\/span><\/span><\/p>\n<p><span style=\"font-family: Times New Roman, serif;\"><span style=\"font-size: large;\"><b>Letos p\u011bt nov\u00fdch model\u016f<\/b><\/span><\/span><\/p>\n<p><span style=\"font-family: Times New Roman, serif;\"><span style=\"font-size: large;\">Nov\u00e9 dealery i jejich z\u00e1kazn\u00edky m\u00e1 l\u00e1kat schopnost zna\u010dky nab\u00edzet v pr\u016fb\u011bhu jednoho roku \u0159adu novinek. Jen letos p\u016fjde o celkem p\u011bt zcela nov\u00fdch model\u016f, respektive 8 a\u017e dev\u011bt nov\u00fdch verz\u00ed star\u0161\u00edch typ\u016f. \u201eV tomto roce je\u0161t\u011b p\u0159ijde nov\u00e1 verze modelu HS s benz\u00ednov\u00fdm pohonem i i pluginem, v polovin\u011b \u0159\u00edjna pak pro n\u00e1s d\u016fle\u017eit\u00e1 nov\u00e1 verze modelu ZS. Na za\u010d\u00e1tku nab\u00eddne hybrid, na p\u0159elomu roku p\u0159ijde i benz\u00edn,\u201c up\u0159esnil Vodi\u010dka. <\/span><\/span><\/p>\n<p><iframe loading=\"lazy\"  id=\"_ytid_21638\"  width=\"640\" height=\"360\"  data-origwidth=\"640\" data-origheight=\"360\" src=\"https:\/\/www.youtube.com\/embed\/9lNcIdXpetk?enablejsapi=1&#038;autoplay=0&#038;cc_load_policy=0&#038;cc_lang_pref=&#038;iv_load_policy=1&#038;loop=0&#038;modestbranding=0&#038;rel=1&#038;fs=1&#038;playsinline=0&#038;autohide=2&#038;theme=dark&#038;color=red&#038;controls=1&#038;\" class=\"__youtube_prefs__  epyt-is-override  no-lazyload\" title=\"YouTube player\"  allow=\"accelerometer; autoplay; clipboard-write; encrypted-media; gyroscope; picture-in-picture\" allowfullscreen data-no-lazy=\"1\" data-skipgform_ajax_framebjll=\"\"><\/iframe><\/p>\n<p><span style=\"font-family: Times New Roman, serif;\"><span style=\"font-size: large;\"><b>Posledn\u00ed novinka &#8211; <span style=\"color: #000000;\">MG3 HYBRID+<\/span><\/b><\/span><\/span><\/p>\n<p><span style=\"font-family: Times New Roman, serif;\"><span style=\"font-size: large;\">Zat\u00edm posledn\u00ed novinka p\u0159i\u0161la na trh v srpnu. V Galerii Golf Hostiva\u0159 se 13. srpna uk\u00e1zal v premi\u00e9\u0159e v\u016fz <span style=\"color: #000000;\">MG3 HYBRID+, kter\u00fd m\u00e1 chce konkurovat v segmentu mal\u00fdch hybrid\u016f. <\/span><\/span><\/span><\/p>\n<p><img loading=\"lazy\" decoding=\"async\" class=\"alignnone size-medium wp-image-6386\" src=\"http:\/\/www.automakers.cz\/wp-content\/uploads\/2024\/08\/MG-3-hybrid-kapota-900x675.jpg\" alt=\"\" width=\"900\" height=\"675\" srcset=\"https:\/\/www.automakers.cz\/wp-content\/uploads\/2024\/08\/MG-3-hybrid-kapota-900x675.jpg 900w, https:\/\/www.automakers.cz\/wp-content\/uploads\/2024\/08\/MG-3-hybrid-kapota-1024x768.jpg 1024w, https:\/\/www.automakers.cz\/wp-content\/uploads\/2024\/08\/MG-3-hybrid-kapota-768x576.jpg 768w, https:\/\/www.automakers.cz\/wp-content\/uploads\/2024\/08\/MG-3-hybrid-kapota-1536x1152.jpg 1536w, https:\/\/www.automakers.cz\/wp-content\/uploads\/2024\/08\/MG-3-hybrid-kapota.jpg 2040w\" sizes=\"auto, (max-width: 900px) 100vw, 900px\" \/><span style=\"font-family: Times New Roman, serif;\"><span style=\"font-size: large;\"><span style=\"color: #000000;\">\u201eObjedn\u00e1vky na v\u016fz jsem ji\u017e otev\u0159eli, spustili jsme marketingovou kampa\u0148, m\u00e1me ambice prodat do konce p\u0159\u00ed\u0161t\u00edho roku prodat v \u010cesku 800 kus\u016f a za\u0159adit se na \u0161est\u00e9 m\u00edsto mezi zna\u010dkami v uveden\u00e9m segmentu mal\u00fdch aut s kombinovan\u00fdm pohonem,\u201c uvedl Marek Vodi\u010dka. <\/span><\/span><\/span><\/p>\n<p><img loading=\"lazy\" decoding=\"async\" class=\"alignnone size-medium wp-image-5846\" src=\"http:\/\/www.automakers.cz\/wp-content\/uploads\/2024\/07\/MG_Orbion-Cars_Brno-small-900x502.jpg\" alt=\"\" width=\"900\" height=\"502\" srcset=\"https:\/\/www.automakers.cz\/wp-content\/uploads\/2024\/07\/MG_Orbion-Cars_Brno-small-900x502.jpg 900w, https:\/\/www.automakers.cz\/wp-content\/uploads\/2024\/07\/MG_Orbion-Cars_Brno-small-1024x571.jpg 1024w, https:\/\/www.automakers.cz\/wp-content\/uploads\/2024\/07\/MG_Orbion-Cars_Brno-small-768x428.jpg 768w, https:\/\/www.automakers.cz\/wp-content\/uploads\/2024\/07\/MG_Orbion-Cars_Brno-small-1536x856.jpg 1536w, https:\/\/www.automakers.cz\/wp-content\/uploads\/2024\/07\/MG_Orbion-Cars_Brno-small-2048x1141.jpg 2048w\" sizes=\"auto, (max-width: 900px) 100vw, 900px\" \/><span style=\"font-size: large;\">Zna\u010dka MG otev\u0159ela v kv\u011btnu prvn\u00ed showroom v Praze, chce p\u0159id\u00e1vat dal\u0161\u00ed prodejn\u00ed m\u00edsta.<\/span><\/p>\n<p><strong>Zdroj: Erich Handl, TK MG, Hostiva\u0159; VIDEO: Lud\u011bk Kortus<br \/>\n<\/strong><\/p>\n<p><img loading=\"lazy\" decoding=\"async\" class=\"alignnone size-medium wp-image-6385\" src=\"http:\/\/www.automakers.cz\/wp-content\/uploads\/2024\/08\/MG-3-tiskovka-Hostivar-900x506.jpg\" alt=\"\" width=\"900\" height=\"506\" srcset=\"https:\/\/www.automakers.cz\/wp-content\/uploads\/2024\/08\/MG-3-tiskovka-Hostivar-900x506.jpg 900w, https:\/\/www.automakers.cz\/wp-content\/uploads\/2024\/08\/MG-3-tiskovka-Hostivar-768x432.jpg 768w, https:\/\/www.automakers.cz\/wp-content\/uploads\/2024\/08\/MG-3-tiskovka-Hostivar.jpg 1024w\" sizes=\"auto, (max-width: 900px) 100vw, 900px\" \/><\/p>\n","protected":false},"excerpt":{"rendered":"<p>Zna\u010dce MG, kter\u00e1 se zat\u00edm jako jedin\u00e1 z \u010d\u00ednsk\u00fdch zna\u010dek etabluje na \u010desk\u00e9m trhu, letos&#8230;<\/p>\n","protected":false},"author":1,"featured_media":6387,"comment_status":"closed","ping_status":"closed","sticky":false,"template":"","format":"standard","meta":{"footnotes":""},"categories":[59,11,20,66],"tags":[],"class_list":["post-6419","post","type-post","status-publish","format-standard","has-post-thumbnail","hentry","category-automakers-tv","category-importeri","category-tiskovky","category-video"],"_links":{"self":[{"href":"https:\/\/www.automakers.cz\/index.php?rest_route=\/wp\/v2\/posts\/6419","targetHints":{"allow":["GET"]}}],"collection":[{"href":"https:\/\/www.automakers.cz\/index.php?rest_route=\/wp\/v2\/posts"}],"about":[{"href":"https:\/\/www.automakers.cz\/index.php?rest_route=\/wp\/v2\/types\/post"}],"author":[{"embeddable":true,"href":"https:\/\/www.automakers.cz\/index.php?rest_route=\/wp\/v2\/users\/1"}],"replies":[{"embeddable":true,"href":"https:\/\/www.automakers.cz\/index.php?rest_route=%2Fwp%2Fv2%2Fcomments&post=6419"}],"version-history":[{"count":9,"href":"https:\/\/www.automakers.cz\/index.php?rest_route=\/wp\/v2\/posts\/6419\/revisions"}],"predecessor-version":[{"id":6482,"href":"https:\/\/www.automakers.cz\/index.php?rest_route=\/wp\/v2\/posts\/6419\/revisions\/6482"}],"wp:featuredmedia":[{"embeddable":true,"href":"https:\/\/www.automakers.cz\/index.php?rest_route=\/wp\/v2\/media\/6387"}],"wp:attachment":[{"href":"https:\/\/www.automakers.cz\/index.php?rest_route=%2Fwp%2Fv2%2Fmedia&parent=6419"}],"wp:term":[{"taxonomy":"category","embeddable":true,"href":"https:\/\/www.automakers.cz\/index.php?rest_route=%2Fwp%2Fv2%2Fcategories&post=6419"},{"taxonomy":"post_tag","embeddable":true,"href":"https:\/\/www.automakers.cz\/index.php?rest_route=%2Fwp%2Fv2%2Ftags&post=6419"}],"curies":[{"name":"wp","href":"https:\/\/api.w.org\/{rel}","templated":true}]}}