{"id":6429,"date":"2024-08-14T11:25:10","date_gmt":"2024-08-14T11:25:10","guid":{"rendered":"https:\/\/www.automakers.cz\/?p=6429"},"modified":"2024-08-14T11:30:11","modified_gmt":"2024-08-14T11:30:11","slug":"zemrel-milan-spinka-legenda-ploche-drahy","status":"publish","type":"post","link":"https:\/\/www.automakers.cz\/?p=6429","title":{"rendered":"Zem\u0159el Milan \u0160pinka, legenda ploch\u00e9 dr\u00e1hy"},"content":{"rendered":"<div id=\"space-a\" class=\"col-h\">\n<div class=\"art-full\">\n<div class=\"opener\"><strong>Ve v\u011bku 73 let ve st\u0159edu zem\u0159el b\u00fdval\u00fd \u00fasp\u011b\u0161n\u00fd plochodr\u00e1\u017en\u00ed jezdec a pot\u00e9 i dlouholet\u00fd tren\u00e9r a funkcion\u00e1\u0159 Milan \u0160pinka. N\u00e1\u0161 web o tom informoval novin\u00e1\u0159 Petr Dufek.<\/strong><\/div>\n<\/div>\n<\/div>\n<p><!--more--><\/p>\n<div id=\"space-b\" class=\"col-a\">\n<div class=\"art-full\">\n<div data-io-article-url=\"https:\/\/www.idnes.cz\/sport\/motorsport\/milan-spinka-plocha-draha-umrti-nekrolog.A240814_115047_motorsport_ten\" data-article=\"A240814_115047_motorsport_ten\">\n<div id=\"opener-foto\" class=\"opener-foto not4bbtext\">\n<p class=\"opener-foto-info\">\u0160pinka se v roce 1974 stal mistrem sv\u011bta na ledov\u00e9 ploch\u00e9 dr\u00e1ze a ve stejn\u00e9m \u0161ampion\u00e1tu vybojoval i st\u0159\u00edbrnou a bronzovou medaili. V roce 1973 ovl\u00e1dl presti\u017en\u00ed Zlatou p\u0159ilbu a dodnes je jedin\u00fdm plochodr\u00e1\u017en\u00edkem narozen\u00fdm v Pardubic\u00edch, kter\u00e9mu se to poda\u0159ilo.<\/p>\n<p><img loading=\"lazy\" decoding=\"async\" class=\"alignnone size-medium wp-image-6431\" src=\"http:\/\/www.automakers.cz\/wp-content\/uploads\/2024\/08\/Spinka-Zlata-prilba-900x600.jpg\" alt=\"\" width=\"900\" height=\"600\" \/>Po skon\u010den\u00ed z\u00e1vodn\u00ed kari\u00e9ry se \u0160pinka v\u011bnoval v\u00fdchov\u011b mlad\u00fdch plochodr\u00e1\u017en\u00edch jezdc\u016f, pracoval na pra\u017esk\u00e9m Olympu a byl mana\u017eerem reprezentace. P\u016fsobil tak\u00e9 v Mezin\u00e1rodn\u00ed motocyklov\u00e9 federaci, kde byl \u010dlenem plochodr\u00e1\u017en\u00ed komise.<\/p>\n<\/div>\n<\/div>\n<\/div>\n<\/div>\n<p><strong>Zdroj a foto: Petr Dufek<\/strong><\/p>\n","protected":false},"excerpt":{"rendered":"<p>Ve v\u011bku 73 let ve st\u0159edu zem\u0159el b\u00fdval\u00fd \u00fasp\u011b\u0161n\u00fd plochodr\u00e1\u017en\u00ed jezdec a pot\u00e9 i dlouholet\u00fd&#8230;<\/p>\n","protected":false},"author":1,"featured_media":6430,"comment_status":"closed","ping_status":"closed","sticky":false,"template":"","format":"standard","meta":{"footnotes":""},"categories":[30,19,5],"tags":[],"class_list":["post-6429","post","type-post","status-publish","format-standard","has-post-thumbnail","hentry","category-historie","category-motorsport","category-personalie"],"_links":{"self":[{"href":"https:\/\/www.automakers.cz\/index.php?rest_route=\/wp\/v2\/posts\/6429","targetHints":{"allow":["GET"]}}],"collection":[{"href":"https:\/\/www.automakers.cz\/index.php?rest_route=\/wp\/v2\/posts"}],"about":[{"href":"https:\/\/www.automakers.cz\/index.php?rest_route=\/wp\/v2\/types\/post"}],"author":[{"embeddable":true,"href":"https:\/\/www.automakers.cz\/index.php?rest_route=\/wp\/v2\/users\/1"}],"replies":[{"embeddable":true,"href":"https:\/\/www.automakers.cz\/index.php?rest_route=%2Fwp%2Fv2%2Fcomments&post=6429"}],"version-history":[{"count":2,"href":"https:\/\/www.automakers.cz\/index.php?rest_route=\/wp\/v2\/posts\/6429\/revisions"}],"predecessor-version":[{"id":6435,"href":"https:\/\/www.automakers.cz\/index.php?rest_route=\/wp\/v2\/posts\/6429\/revisions\/6435"}],"wp:featuredmedia":[{"embeddable":true,"href":"https:\/\/www.automakers.cz\/index.php?rest_route=\/wp\/v2\/media\/6430"}],"wp:attachment":[{"href":"https:\/\/www.automakers.cz\/index.php?rest_route=%2Fwp%2Fv2%2Fmedia&parent=6429"}],"wp:term":[{"taxonomy":"category","embeddable":true,"href":"https:\/\/www.automakers.cz\/index.php?rest_route=%2Fwp%2Fv2%2Fcategories&post=6429"},{"taxonomy":"post_tag","embeddable":true,"href":"https:\/\/www.automakers.cz\/index.php?rest_route=%2Fwp%2Fv2%2Ftags&post=6429"}],"curies":[{"name":"wp","href":"https:\/\/api.w.org\/{rel}","templated":true}]}}