{"id":6454,"date":"2024-08-20T08:16:34","date_gmt":"2024-08-20T08:16:34","guid":{"rendered":"https:\/\/www.automakers.cz\/?p=6454"},"modified":"2024-08-20T08:16:34","modified_gmt":"2024-08-20T08:16:34","slug":"prerov-kontroloval-emise-starsich-aut-z-deseti-neproslo-zadne","status":"publish","type":"post","link":"https:\/\/www.automakers.cz\/?p=6454","title":{"rendered":"P\u0159erov kontroloval emise\u00a0star\u0161\u00edch aut, z deseti nepro\u0161lo \u017e\u00e1dn\u00e9"},"content":{"rendered":"<div class=\"article-body__content--full article-body__content\"><strong>Tristn\u00edm v\u00fdsledkem skon\u010dila v <span class=\"highlight-E0id0 highlight-E0M\">P\u0159erov\u011b<\/span> policejn\u00ed kontroln\u00ed akce zam\u011b\u0159en\u00e1 na technick\u00fd stav osobn\u00edch aut. U v\u0161ech deseti zastaven\u00fdch voz\u016f se objevily z\u00e1vady, kv\u016fli kter\u00fdm budou muset <span class=\"highlight-E5id1 highlight-E5M\">majitel\u00e9<\/span> znovu na STK.<\/strong><\/div>\n<p><!--more--><\/p>\n<div class=\"article-body__content--full article-body__content\">Kontroly prov\u00e1d\u011bli <span class=\"highlight-E5id3 highlight-E5M\">policist\u00e9<\/span> z odd\u011blen\u00ed silni\u010dn\u00edho dohledu spole\u010dn\u011b s <span class=\"highlight-E5id8 highlight-E5M\">pracovn\u00edky<\/span> organizace Centra slu\u017eeb pro silni\u010dn\u00ed dopravu, je\u017e spad\u00e1 pod ministerstvo dopravy a zaji\u0161\u0165uje technickou str\u00e1nku kontrol<\/div>\n<div><\/div>\n<div class=\"article-body__content--full article-body__content\">\u201eU dev\u00edti aut <span class=\"highlight-E5id8 highlight-E5M\">pracovn\u00edci<\/span> centra nam\u011b\u0159ili p\u0159ekro\u010den\u00e9 hodnoty <span class=\"highlight-E4id1 highlight-E4M\">emis\u00ed<\/span> a v jednom p\u0159\u00edpad\u011b byl v\u016fz v nevyhovuj\u00edc\u00edm technick\u00e9m stavu. <span class=\"highlight-E5id3 highlight-E5M\">Policist\u00e9<\/span> n\u00e1sledn\u011b omezili <span class=\"highlight-E5id0 highlight-E5M\">\u0159idi\u010d\u016fm<\/span> technickou zp\u016fsobilost jejich vozidla na t\u0159icet dn\u016f, do t\u00e9 doby mus\u00ed v\u016fz proj\u00edt technickou kontrolou,\u201c uvedl krajsk\u00fd policejn\u00ed <span class=\"highlight-E5id2 highlight-E5M\">mluv\u010d\u00ed<\/span> <span class=\"highlight-E2id0 highlight-E2M\">Libor<\/span> <span class=\"highlight-E2id0 highlight-E2M\">Hejtman<\/span> s t\u00edm, \u017ee <span class=\"highlight-E5id0 highlight-E5M\">\u0159idi\u010di<\/span> na pokut\u00e1ch celkem zaplatili necel\u00fdch dev\u011bt tis\u00edc korun. Podle n\u011bj si <span class=\"highlight-E5id3 highlight-E5M\">policist\u00e9<\/span> c\u00edlen\u011b vyb\u00edrali star\u0161\u00ed vozy, p\u0159\u00edpadn\u011b takov\u00e9, z jejich\u017e v\u00fdfuk\u016f vych\u00e1zelo podez\u0159el\u00e9 mno\u017estv\u00ed kou\u0159e.<\/div>\n<div><\/div>\n<div>\u201eC\u00edlem nebylo zdr\u017eovat ty, u kter\u00fdch je velk\u00e1 pravd\u011bpodobnost, \u017ee maj\u00ed auto v po\u0159\u00e1dku, ale zam\u011b\u0159it se na ty, u nich\u017e tomu tak nejsp\u00ed\u0161 nen\u00ed,\u201c sd\u011blil. P\u0159\u00ed\u010dinou zanedban\u00e1 \u00fadr\u017eba i \u00famysln\u00e9 \u00fapravy <span class=\"highlight-E5id6 highlight-E5M\">Vedouc\u00ed<\/span> odboru silni\u010dn\u00ed kontroly Centra slu\u017eeb pro silni\u010dn\u00ed dopravu Ladislav Z\u00edval\u00edk p\u0159ibl\u00ed\u017eil, \u017ee kontroly prob\u00edhaj\u00ed t\u00e9m\u011b\u0159 stejn\u00fdm zp\u016fsobem, jako v r\u00e1mci pravideln\u00e9 STK.<\/div>\n<div><\/div>\n<div>V\u00fdtky z internetov\u00fdch diskus\u00ed kritizuj\u00edc\u00ed <span class=\"highlight-query\">m\u011b\u0159en\u00ed<\/span> jako nef\u00e9r v\u016f\u010di <span class=\"highlight-E5id0 highlight-E5M\">\u0159idi\u010d\u016fm<\/span>, kte\u0159\u00ed p\u0159ijedou s \u010derstv\u011b nastartovan\u00fdm vozem, jeho\u017e motor m\u00e1 tud\u00ed\u017e hor\u0161\u00ed spalov\u00e1n\u00ed, podle n\u011bj nejsou na m\u00edst\u011b.<\/div>\n<div><\/div>\n<div>\u201e<span class=\"highlight-E5id8 highlight-E5M\">Pracovn\u00edci<\/span> prov\u00e1d\u011bj\u00edc\u00ed kontrolu, kte\u0159\u00ed maj\u00ed platn\u00e9 osv\u011bd\u010den\u00ed technika STK, se v\u017edy ptaj\u00ed <span class=\"highlight-E5id0 highlight-E5M\">\u0159idi\u010de<\/span>, odkud jede, p\u0159\u00edpadn\u011b jak dlouho. Rovn\u011b\u017e je sledov\u00e1na teplota motoru, tak\u017ee pokud n\u011bkdo p\u0159ijede se \u201astuden\u00fdm\u2018 autem, tak i m\u011b\u0159ic\u00ed za\u0159\u00edzen\u00ed ohl\u00e1s\u00ed, \u017ee nejsou spln\u011bny podm\u00ednky pro <span class=\"highlight-query\">m\u011b\u0159en\u00ed<\/span>,\u201c podotkl.<\/div>\n<div><\/div>\n<div>\u201eV takov\u00fdch p\u0159\u00edpadech se pak bu\u010f nem\u011b\u0159\u00ed, nebo po\u010dk\u00e1me, a\u017e se motor zah\u0159eje do provozn\u00ed teploty,\u201c dodal. T\u00e9\u017e p\u0159ipomn\u011bl, \u017ee auta jsou v\u017edy posuzov\u00e1na podle norem platn\u00fdch v dob\u011b jejich v\u00fdroby. Krom\u011b toho zd\u016fraznil, \u017ee kontrola <span class=\"highlight-E4id1 highlight-E4M\">emis\u00ed<\/span> nen\u00ed jen o <span class=\"highlight-query\">m\u011b\u0159en\u00ed<\/span> kou\u0159ivosti, nebo\u0165 auta \u010dasto neprojdou z jin\u00fdch d\u016fvod\u016f. N\u011bkter\u00fdm zastaven\u00fdm voz\u016fm t\u0159eba sv\u00edt\u00ed kontrolka z\u00e1vady motoru, lidov\u011b zvan\u00e1 grilovan\u00e9 ku\u0159e.<\/div>\n<div><\/div>\n<div>\u201eV takov\u00e9m p\u0159\u00edpad\u011b se ani nem\u011b\u0159\u00ed, takov\u00e9 auto automaticky nen\u00ed zp\u016fsobil\u00e9 provozu kv\u016fli z\u00e1vad\u011b na emisn\u00edm syst\u00e9mu. D\u00e1le se setk\u00e1v\u00e1me s r\u016fzn\u00fdmi z\u00e1vadami na v\u00fdfukov\u00e9m syst\u00e9mu, a\u0165 u\u017e kv\u016fli zanedban\u00e9 \u00fadr\u017eb\u011b, nebo i v podob\u011b \u00famysln\u011b odstran\u011bn\u00fdch \u010d\u00e1st\u00ed. Kdy\u017e toto <span class=\"highlight-E5id9 highlight-E5M\">technik<\/span> najde, tak op\u011bt ani nem\u011b\u0159\u00edme. Rovn\u011b\u017e nar\u00e1\u017e\u00edme na zjevn\u00e9 \u00faniky provozn\u00edch kapalin, p\u0159edev\u0161\u00edm oleje z motoru,\u201c shrnul Z\u00edval\u00edk. Vliv m\u016f\u017ee m\u00edt i nevhodn\u00fd styl j\u00edzdy Zku\u0161enosti z kontrol ukazuj\u00ed, \u017ee kontrolami neprojdou t\u0159i hlavn\u00ed skupiny aut a <span class=\"highlight-E5id1 highlight-E5M\">majitel\u016f<\/span>. Prvn\u00ed tvo\u0159\u00ed p\u0159\u00edpady zjevn\u011b zanedban\u00e9 \u00fadr\u017eby, kdy auta maj\u00ed rozpadl\u00e9 nebo dokonce upadl\u00e9 \u010d\u00e1sti v\u00fdfukov\u00e9ho syst\u00e9mu.<\/div>\n<div><\/div>\n<div>\u201eP\u0159\u00edpadn\u011b otev\u0159ete kapotu a motorov\u00fd prostor je pln\u00fd unikaj\u00edc\u00edho oleje nebo jsou o\u010dividn\u011b \u0161patn\u00e9 EGR ventily (ventil propojuj\u00edc\u00ed v\u00fdfukov\u00e9 potrub\u00ed a s\u00e1n\u00ed motoru, jeho\u017e c\u00edlem je sni\u017eov\u00e1n\u00ed <span class=\"highlight-E4id1 highlight-E4M\">emis\u00ed<\/span> &#8211; pozn. red .),\u201c p\u0159ibl\u00ed\u017eil <span class=\"highlight-E5id6 highlight-E5M\">vedouc\u00ed<\/span> odboru silni\u010dn\u00ed kontroly. Druhou skupinu tvo\u0159\u00ed p\u0159\u00edznivci tuningu, kte\u0159\u00ed upravuj\u00ed v\u00fdfukov\u00fd syst\u00e9m nepovolen\u00fdm zp\u016fsobem, kter\u00fd op\u011bt vede k vypou\u0161t\u011bn\u00ed nepovolen\u00e9ho mno\u017estv\u00ed <span class=\"highlight-E4id1 highlight-E4M\">emis\u00ed<\/span>.<\/div>\n<div><\/div>\n<div>\u201eT\u0159et\u00ed jsou pak vozy, kter\u00e9 na prvn\u00ed pohled vypadaj\u00ed v po\u0159\u00e1dku, ale z n\u011bjak\u00e9ho d\u016fvodu neprojdou pr\u00e1v\u011b <span class=\"highlight-query\">m\u011b\u0159en\u00edm<\/span> <span class=\"highlight-E4id1 highlight-E4M\">emis\u00ed<\/span> a kou\u0159ivosti. Roli toti\u017e n\u011bkdy m\u016f\u017ee i hr\u00e1t nap\u0159\u00edklad dlouhodob\u00fd nevhodn\u00fd styl j\u00edzdy,\u201c upozornil Z\u00edval\u00edk. \u201eZvl\u00e1\u0161t\u011b u dieselov\u00e9ho motoru, kdy\u017e se jezd\u00ed jen kr\u00e1tk\u00e9 trasy a motor nen\u00ed aspo\u0148 ob\u010das vyto\u010den do vy\u0161\u0161\u00edch ot\u00e1\u010dek, tak doch\u00e1z\u00ed k jeho zan\u00e1\u0161en\u00ed, co\u017e se pak p\u0159i kontrole <span class=\"highlight-E4id1 highlight-E4M\">emis\u00ed<\/span> projev\u00ed. A pak je tu je\u0161t\u011b kapitola pou\u017e\u00edv\u00e1n\u00ed kvalitn\u00edho paliva, p\u0159\u00edpadn\u011b aditiv. Na opa\u010dn\u00e9 stran\u011b st\u00e1le existuj\u00ed <span class=\"highlight-E5id4 highlight-E5M\">lid\u00e9<\/span>, kte\u0159\u00ed si do n\u00e1dr\u017ee star\u00fdch <span class=\"highlight-query\">diesel\u016f<\/span> lij\u00ed olej,\u201c doplnil.<\/div>\n<div><\/div>\n<div>Konec spol\u00e9h\u00e1n\u00ed na dvoulet\u00fd interval STK S kontrolami <span class=\"highlight-E4id1 highlight-E4M\">emis\u00ed<\/span> souhlas\u00ed i krajsk\u00fd <span class=\"highlight-E5id7 highlight-E5M\">koordin\u00e1tor<\/span> <span class=\"highlight-E1id0 highlight-E4id0 highlight-E1M highlight-E4M\">BESIP<\/span> a dopravn\u00ed <span class=\"highlight-E5id5 highlight-E5M\">expert<\/span> Miroslav Charouz. \u201ePo\u0159\u00e1d mezi n\u00e1mi jezd\u00ed <span class=\"highlight-E5id4 highlight-E5M\">lid\u00e9<\/span>, kte\u0159\u00ed ostatn\u00edm zbyte\u010dn\u011b otravuj\u00ed vzduch. Dokonce bych byl pro v\u011bt\u0161\u00ed intenzitu kontrol kv\u016fli t\u011bm, kte\u0159\u00ed si do v\u00fdfukov\u00e9ho syst\u00e9mu zasahuj\u00ed \u00famysln\u011b. A\u0165 u\u017e jde o ty, kte\u0159\u00ed si \u201avykuchaj\u00ed\u2018 nebo \u00fapln\u011b odstran\u00ed filtr pevn\u00fdch \u010d\u00e1stic, aby u\u0161et\u0159ili, nebo tuning\u00e1\u0159e tou\u017e\u00edc\u00ed po tom, aby je bylo vid\u011bt a sly\u0161et, kdy\u017e p\u0159idaj\u00ed plyn,\u201c \u0159ekl.<\/div>\n<div><\/div>\n<div>\u201e<span class=\"highlight-E5id4 highlight-E5M\">Lid\u00e9<\/span> si mus\u00ed b\u00fdt v\u011bdomi toho, \u017ee i o star\u0161\u00ed v\u016fz je nutn\u00e9 se \u0159\u00e1dn\u011b starat a nesta\u010d\u00ed d\u00e1t si ho do po\u0159\u00e1dku jednou za dva roky na technickou. Co\u017e samoz\u0159ejm\u011b spousta z nich d\u011bl\u00e1. Jinak budeme d\u00e1l sv\u011bdky podobn\u00fdch tristn\u00edch v\u00fdsledk\u016f kontrol u osobn\u00edch i n\u00e1kladn\u00edch aut. A u t\u011bch, kte\u0159\u00ed <span class=\"highlight-E4id1 highlight-E4M\">emise<\/span> vypou\u0161t\u00ed schv\u00e1ln\u011b, je jen dob\u0159e, \u017ee u\u017e nemohou spol\u00e9hat na dvoulet\u00fd kontroln\u00ed interval, kdy jim to ve zbyl\u00e9m \u010dase projde,\u201c uzav\u0159el.<\/div>\n<div><\/div>\n<div><strong>Zdroj: impuls.cz<\/strong><\/div>\n","protected":false},"excerpt":{"rendered":"<p>Tristn\u00edm v\u00fdsledkem skon\u010dila v P\u0159erov\u011b policejn\u00ed kontroln\u00ed akce zam\u011b\u0159en\u00e1 na technick\u00fd stav osobn\u00edch aut. U&#8230;<\/p>\n","protected":false},"author":1,"featured_media":4103,"comment_status":"closed","ping_status":"closed","sticky":false,"template":"","format":"standard","meta":{"footnotes":""},"categories":[47,57],"tags":[],"class_list":["post-6454","post","type-post","status-publish","format-standard","has-post-thumbnail","hentry","category-doprava","category-emise"],"_links":{"self":[{"href":"https:\/\/www.automakers.cz\/index.php?rest_route=\/wp\/v2\/posts\/6454","targetHints":{"allow":["GET"]}}],"collection":[{"href":"https:\/\/www.automakers.cz\/index.php?rest_route=\/wp\/v2\/posts"}],"about":[{"href":"https:\/\/www.automakers.cz\/index.php?rest_route=\/wp\/v2\/types\/post"}],"author":[{"embeddable":true,"href":"https:\/\/www.automakers.cz\/index.php?rest_route=\/wp\/v2\/users\/1"}],"replies":[{"embeddable":true,"href":"https:\/\/www.automakers.cz\/index.php?rest_route=%2Fwp%2Fv2%2Fcomments&post=6454"}],"version-history":[{"count":3,"href":"https:\/\/www.automakers.cz\/index.php?rest_route=\/wp\/v2\/posts\/6454\/revisions"}],"predecessor-version":[{"id":6529,"href":"https:\/\/www.automakers.cz\/index.php?rest_route=\/wp\/v2\/posts\/6454\/revisions\/6529"}],"wp:featuredmedia":[{"embeddable":true,"href":"https:\/\/www.automakers.cz\/index.php?rest_route=\/wp\/v2\/media\/4103"}],"wp:attachment":[{"href":"https:\/\/www.automakers.cz\/index.php?rest_route=%2Fwp%2Fv2%2Fmedia&parent=6454"}],"wp:term":[{"taxonomy":"category","embeddable":true,"href":"https:\/\/www.automakers.cz\/index.php?rest_route=%2Fwp%2Fv2%2Fcategories&post=6454"},{"taxonomy":"post_tag","embeddable":true,"href":"https:\/\/www.automakers.cz\/index.php?rest_route=%2Fwp%2Fv2%2Ftags&post=6454"}],"curies":[{"name":"wp","href":"https:\/\/api.w.org\/{rel}","templated":true}]}}