{"id":6484,"date":"2024-08-19T09:28:28","date_gmt":"2024-08-19T09:28:28","guid":{"rendered":"https:\/\/www.automakers.cz\/?p=6484"},"modified":"2024-08-19T09:29:18","modified_gmt":"2024-08-19T09:29:18","slug":"skoda-opet-sponzorem-prague-pride","status":"publish","type":"post","link":"https:\/\/www.automakers.cz\/?p=6484","title":{"rendered":"\u0160koda op\u011bt sponzorem Prague Pride"},"content":{"rendered":"<p><strong>\u0160koda Auto byla t\u0159et\u00edm rokem v \u0159ad\u011b ofici\u00e1ln\u00edm partnerem festivalu Prague Pride. Touto spoluprac\u00ed \u010desk\u00e1 automobilka zd\u016fraz\u0148uje sv\u016fj z\u00e1vazek k respektu, p\u0159ijet\u00ed, rovnosti, rozmanitosti a vz\u00e1jemn\u00e9mu porozum\u011bn\u00ed. <\/strong><!--more--><\/p>\n<p>Stejn\u011b jako v p\u0159edchoz\u00edch letech se duhov\u00e9ho pr\u016fvodu, kter\u00fd je hlavn\u00edm bodem festivalu, z\u00fa\u010dastnili tak\u00e9 zam\u011bstnanci spole\u010dnosti \u0160koda, v\u010detn\u011b \u010dlen\u016f zam\u011bstnaneck\u00e9 skupiny (tzv. ERG) \u0160koda Proud.<\/p>\n<p>Leto\u0161n\u00ed rok p\u0159inesl i p\u016fsobivou novinku, proto\u017ee hudebn\u00ed kulisu poprv\u00e9 vytv\u00e1\u0159el Podnikov\u00fd dechov\u00fd orchestr \u0160koda Auto. B\u011bhem festivalov\u00e9ho t\u00fddne upozor\u0148oval Prague Pride na z\u00e1sadn\u00ed probl\u00e9my a pot\u0159eby komunity LGBTQ+ prost\u0159ednictv\u00edm rozmanit\u00fdch program\u016f, jejich\u017e c\u00edlem bylo zd\u016fraz\u0148ovat sv\u00e9 argumenty.<\/p>\n<p>Klaus Zellmer, p\u0159edseda p\u0159edstavenstva spole\u010dnosti \u0160koda Auto, \u0159\u00edk\u00e1: \u201eLeto\u0161n\u00edm festivalem Prague Pride zn\u00ed motto ,Rodina\u2018, kter\u00e9 rezonuje i u n\u00e1s ve spole\u010dnosti \u0160koda Auto. M\u00e1me radost, \u017ee jsme op\u011bt sponzory Prague Pride, proto\u017ee rodina \u0160koda je otev\u0159en\u00e1 a inkluzivn\u00ed. Diverzita a inkluze jsou zakotveny v na\u0161\u00ed podnikov\u00e9 strategii a ve Strategii diverzity 2030, jeliko\u017e se jedn\u00e1 o d\u016fle\u017eit\u00e9 zp\u016fsoby, jak na\u0161i firmu posilovat. Odr\u00e1\u017e\u00ed tak\u00e9\u00a0 demografii na\u0161ich z\u00e1kazn\u00edk\u016f. Jako jeden z nejv\u011bt\u0161\u00edch zam\u011bstnavatel\u016f v zemi m\u00e1me jedine\u010dnou pozici, abychom mohli upozor\u0148ovat na pr\u00e1va a pot\u0159eby komunity LGBTQ+ coby sou\u010d\u00e1sti \u0161ir\u0161\u00ed spole\u010dnosti, ve kter\u00e9 \u017eijeme a v n\u00ed\u017e p\u016fsob\u00edme.\u201c<\/p>\n<p>Maren Gr\u00e4f, \u010dlenka p\u0159edstavenstva spole\u010dnosti \u0160koda Auto pro oblast Lid\u00e9 a kultura, up\u0159es\u0148uje: \u201eDiverzita je z\u00e1kladem toho, \u010d\u00edm ve spole\u010dnosti \u0160koda Auto jsme. Ka\u017ed\u00fd zam\u011bstnanec je jedine\u010dn\u00fd a je na\u0161\u00ed odpov\u011bdnost\u00ed zajistit, aby se s ka\u017ed\u00fdm bez ohledu na v\u011bk, p\u016fvod, n\u00e1bo\u017eensk\u00e9 vyzn\u00e1n\u00ed, pohlav\u00ed, rodinu nebo sexualitu zach\u00e1zelo spravedliv\u011b a aby se ka\u017ed\u00e9mu dost\u00e1valo rovn\u00fdch p\u0159\u00edle\u017eitost\u00ed a ohleduplnosti. Svou \u00fa\u010dast\u00ed na festivalu a p\u0159ehl\u00eddce Prague Pride h\u00e1j\u00edme s hrdost\u00ed diverzitu a rovnost proti netoleranci a homofobii. Jsme velice r\u00e1di, \u017ee m\u016f\u017eeme b\u00fdt op\u011bt sou\u010d\u00e1st\u00ed t\u00e9to d\u016fle\u017eit\u00e9 akce, kter\u00e1 pom\u00e1h\u00e1 zvy\u0161ovat pov\u011bdom\u00ed o d\u016fle\u017eit\u00fdch ot\u00e1zk\u00e1ch, kter\u00e9 komunitu LGBTQ+ ovliv\u0148uj\u00ed. Z\u00e1rove\u0148 se t\u011b\u0161\u00edme, a\u017e se p\u0159ipoj\u00edme k dal\u0161\u00edmu pr\u016fvodu p\u0159\u00ed\u0161t\u00ed rok.\u201c<\/p>\n<p><img loading=\"lazy\" decoding=\"async\" class=\"alignnone size-medium wp-image-6486\" src=\"http:\/\/www.automakers.cz\/wp-content\/uploads\/2024\/08\/prague-pride-2-small-900x600.jpg\" alt=\"\" width=\"900\" height=\"600\" srcset=\"https:\/\/www.automakers.cz\/wp-content\/uploads\/2024\/08\/prague-pride-2-small-900x600.jpg 900w, https:\/\/www.automakers.cz\/wp-content\/uploads\/2024\/08\/prague-pride-2-small-1024x683.jpg 1024w, https:\/\/www.automakers.cz\/wp-content\/uploads\/2024\/08\/prague-pride-2-small-768x512.jpg 768w, https:\/\/www.automakers.cz\/wp-content\/uploads\/2024\/08\/prague-pride-2-small-1536x1024.jpg 1536w, https:\/\/www.automakers.cz\/wp-content\/uploads\/2024\/08\/prague-pride-2-small-2048x1365.jpg 2048w\" sizes=\"auto, (max-width: 900px) 100vw, 900px\" \/><strong>S hrdost\u00ed na akci Pride \u2013 \u0160koda Auto ofici\u00e1ln\u00edm partnerem t\u0159et\u00ed rok v \u0159ad\u011b<\/strong><\/p>\n<p>Ve dnech 5. a\u017e 11. srpna prob\u011bhlo v\u00edce ne\u017e 200 tematick\u00fdch akc\u00ed a kulturn\u00edch vystoupen\u00ed, kter\u00e9 zd\u016fraz\u0148ovaly diverzitu a prob\u00edraly pot\u0159eby komunity LGBTQ+. Festival se letos zam\u011b\u0159il na t\u00e9ma Rodina a zab\u00fdval se ot\u00e1zkou vyv\u00edjej\u00edc\u00ed se definice rodiny.<\/p>\n<p>Zavr\u0161en\u00edm festivalu byl op\u011bt pr\u016fvod s podtitulem Pochod pro ka\u017edou rodinu: za\u010d\u00ednalo se v sobotu v poledne na V\u00e1clavsk\u00e9m n\u00e1m\u011bst\u00ed a pot\u00e9 se pokra\u010dovalo centrem \u010desk\u00e9 metropole do Letensk\u00fdch sad\u016f. Mezi 60 000 \u00fa\u010dastn\u00edky byla \u0159ada zam\u011bstnanc\u016f spole\u010dnosti \u0160koda Auto, v\u010detn\u011b \u010dlen\u016f zam\u011bstnaneck\u00e9 skupiny (neboli ERG \u2013 Employee Resource Group) nazvan\u00e9 \u0160koda Proud. Poprv\u00e9 zde tak\u00e9 zazn\u011bl Podnikov\u00fd dechov\u00fd orchestr \u0160koda Auto, kter\u00fd vytv\u00e1\u0159el hudebn\u00ed kulisu.<\/p>\n<p>Festival byl zakon\u010den velk\u00fdm piknikem v Letensk\u00fdch sadech, setk\u00e1n\u00edmi na St\u0159eleck\u00e9m ostrov\u011b a r\u016fzn\u00fdmi akcemi po\u0159\u00e1dan\u00fdmi platformou Pride Business Forum, kter\u00e9 atraktivn\u011b zakon\u010dily tento t\u00fdden.<\/p>\n<p>Podpora festivalu Prague Pride je kl\u00ed\u010dovou sou\u010d\u00e1st\u00ed z\u00e1vazku spole\u010dnosti \u0160koda Auto k diverzit\u011b a inkluzi. V kv\u011btnu se \u0160koda Auto z\u00fa\u010dastnila Evropskou komis\u00ed podporovan\u00e9 iniciativy Evropsk\u00fd m\u011bs\u00edc rozmanitosti. Leto\u0161n\u00ed motto zn\u011blo \u0160koda Auto: m\u00edsto pro ka\u017ed\u00e9ho a podtrhlo odhodl\u00e1n\u00ed automobilky respektovat jedine\u010dnost ka\u017ed\u00e9ho jednotlivce a podporovat otev\u0159enou firemn\u00ed kulturu.<\/p>\n<p>\u0160koda Auto d\u00e1le podpo\u0159ila konferenci platformy Pride Business Forum, uspo\u0159\u00e1dala pro zam\u011bstnance intern\u00ed akci zam\u011b\u0159enou na t\u00e9mata LGBTQ+ a vyv\u011bsila duhov\u00e9 vlajky na r\u016fzn\u00fdch m\u00edstech spole\u010dnosti, \u010d\u00edm\u017e potvrdila svou podporu cel\u00e9 komunit\u011b.<\/p>\n<p><strong>Diverzita je ned\u00edlnou sou\u010d\u00e1st\u00ed firemn\u00ed strategie spole\u010dnosti \u0160koda<\/strong><\/p>\n<p>Automobilka do sv\u00e9 firemn\u00ed kultury pevn\u011b zakotvila diverzitu, inkluzi, spravedliv\u00fd p\u0159\u00edstup a rovnost. D\u00e1le aktivn\u011b podporuje zam\u011bstnance, aby se zapojovali do skupin, jako je \u0160koda Proud. Tato zam\u011bstnaneck\u00e1 skupina byla zalo\u017eena p\u0159ed t\u0159emi lety pr\u00e1v\u011b se zam\u011b\u0159en\u00edm na podporu inkluzivn\u00edho pracovn\u00edho prost\u0159ed\u00ed.<\/p>\n<p>Od roku 2019 je spole\u010dnost \u0160koda Auto signat\u00e1\u0159em evropsk\u00e9 Charty diverzity, kter\u00e1 se zasazuje o diverzitu a inkluzi na pracovi\u0161ti. Automobilka se na konci lo\u0148sk\u00e9ho roku stala pr\u00e9miov\u00fdm \u010dlenem platformy Pride Business Forum, nejv\u011bt\u0161\u00ed organizace v \u010cesk\u00e9 republice sdru\u017euj\u00edc\u00ed zam\u011bstnavatele ohledupln\u00e9 v\u016f\u010di komunit\u011b LGBTQ+.<\/p>\n<p>\u0160koda Auto nav\u00edc podpo\u0159ila \u010deskou petici Jsme f\u00e9r, kter\u00e1 se zasazuje o rovnost man\u017eelstv\u00ed a dal\u0161\u00ed souvisej\u00edc\u00ed pr\u00e1va, jako jsou soci\u00e1ln\u00ed p\u0159\u00edsp\u011bvky a p\u00e9\u010de o d\u011bti. Pride Business Forum letos ud\u011blilo spole\u010dnosti \u0160koda Auto cenu Big Step Forward (Velk\u00fd krok vp\u0159ed) jako uzn\u00e1n\u00ed automobilce za v\u00fdznamn\u00fd posun v jej\u00edm \u00fasil\u00ed o vytvo\u0159en\u00ed inkluzivn\u00edho pracovn\u00edho prost\u0159ed\u00ed.<\/p>\n<p><strong>VIDEO:<\/strong><\/p>\n<p><a href=\"https:\/\/vimeo.com\/998062349?utm_source=newsletter&amp;utm_medium=email&amp;utm_campaign=press_release&amp;utm_content=press_release&amp;share=copy\">\u0160koda oslavuje na festivalu Prague Pride rozmanitost<\/a><\/p>\n","protected":false},"excerpt":{"rendered":"<p>\u0160koda Auto byla t\u0159et\u00edm rokem v \u0159ad\u011b ofici\u00e1ln\u00edm partnerem festivalu Prague Pride. Touto spoluprac\u00ed \u010desk\u00e1&#8230;<\/p>\n","protected":false},"author":2,"featured_media":6485,"comment_status":"closed","ping_status":"closed","sticky":false,"template":"","format":"standard","meta":{"footnotes":""},"categories":[26,29,66],"tags":[],"class_list":["post-6484","post","type-post","status-publish","format-standard","has-post-thumbnail","hentry","category-eventy","category-sponzoring","category-video"],"_links":{"self":[{"href":"https:\/\/www.automakers.cz\/index.php?rest_route=\/wp\/v2\/posts\/6484","targetHints":{"allow":["GET"]}}],"collection":[{"href":"https:\/\/www.automakers.cz\/index.php?rest_route=\/wp\/v2\/posts"}],"about":[{"href":"https:\/\/www.automakers.cz\/index.php?rest_route=\/wp\/v2\/types\/post"}],"author":[{"embeddable":true,"href":"https:\/\/www.automakers.cz\/index.php?rest_route=\/wp\/v2\/users\/2"}],"replies":[{"embeddable":true,"href":"https:\/\/www.automakers.cz\/index.php?rest_route=%2Fwp%2Fv2%2Fcomments&post=6484"}],"version-history":[{"count":8,"href":"https:\/\/www.automakers.cz\/index.php?rest_route=\/wp\/v2\/posts\/6484\/revisions"}],"predecessor-version":[{"id":6499,"href":"https:\/\/www.automakers.cz\/index.php?rest_route=\/wp\/v2\/posts\/6484\/revisions\/6499"}],"wp:featuredmedia":[{"embeddable":true,"href":"https:\/\/www.automakers.cz\/index.php?rest_route=\/wp\/v2\/media\/6485"}],"wp:attachment":[{"href":"https:\/\/www.automakers.cz\/index.php?rest_route=%2Fwp%2Fv2%2Fmedia&parent=6484"}],"wp:term":[{"taxonomy":"category","embeddable":true,"href":"https:\/\/www.automakers.cz\/index.php?rest_route=%2Fwp%2Fv2%2Fcategories&post=6484"},{"taxonomy":"post_tag","embeddable":true,"href":"https:\/\/www.automakers.cz\/index.php?rest_route=%2Fwp%2Fv2%2Ftags&post=6484"}],"curies":[{"name":"wp","href":"https:\/\/api.w.org\/{rel}","templated":true}]}}