{"id":6503,"date":"2024-08-19T10:15:32","date_gmt":"2024-08-19T10:15:32","guid":{"rendered":"https:\/\/www.automakers.cz\/?p=6503"},"modified":"2024-08-19T10:15:32","modified_gmt":"2024-08-19T10:15:32","slug":"vitezem-barum-rally-je-stritesky","status":"publish","type":"post","link":"https:\/\/www.automakers.cz\/?p=6503","title":{"rendered":"V\u00edt\u011bzem Barum Rally je St\u0159\u00edtesk\u00fd"},"content":{"rendered":"<p><strong>Mistrovstv\u00ed \u010cR v automobilov\u00fdch sout\u011b\u017e\u00edch pokra\u010dovalo o v\u00edkendu v okol\u00ed Zl\u00edna 53. ro\u010dn\u00edkem nejslavn\u011bj\u0161\u00ed tuzemsk\u00e9 sout\u011b\u017ee Barum Czech Rally Zl\u00edn 2024. Ta nab\u00eddla dramatickou bitvu o dom\u00e1c\u00ed i evropsk\u00e9 body.<\/strong> <!--more--><\/p>\n<p>S n\u00e1strahami t\u011b\u017ek\u00e9 trati a p\u0159edev\u0161\u00edm prom\u011bnliv\u00e9ho po\u010das\u00ed se nejl\u00e9pe vypo\u0159\u00e1dala pos\u00e1dka Dominik St\u0159\u00edtesk\u00fd-Ji\u0159\u00ed Hovorka s vozem \u0160koda Fabia RS Rally2 dealersk\u00e9ho Auto Podbabsk\u00e1 \u0160koda MOL Teamu.<\/p>\n<p>Dominik St\u0159\u00edtesk\u00fd v\u00edt\u011bzstv\u00edm ve Zl\u00edn\u011b navy\u0161uje sv\u00e9 pr\u016fb\u011b\u017en\u00e9 veden\u00ed v M\u010cR rally 2024, kter\u00e9 vyvrchol\u00ed z\u00e1\u0159ijovou Rally Pa\u010dejov. Vozy \u0160koda ve Zl\u00edn\u011b kralovaly &#8211; v top10 n\u00e1ro\u010dn\u00e9 Barum Czech Rally Zl\u00edn 2024 dojelo 9 voz\u016f zna\u010dky \u0160koda.<\/p>\n<p><strong>Zdroj: \u0160koda Auto<\/strong><\/p>\n<p><img loading=\"lazy\" decoding=\"async\" class=\"alignnone size-medium wp-image-5535\" src=\"http:\/\/www.automakers.cz\/wp-content\/uploads\/2024\/07\/Sttritezsky-Bohemia-Rally-900x599.jpg\" alt=\"\" width=\"900\" height=\"599\" srcset=\"https:\/\/www.automakers.cz\/wp-content\/uploads\/2024\/07\/Sttritezsky-Bohemia-Rally-900x599.jpg 900w, https:\/\/www.automakers.cz\/wp-content\/uploads\/2024\/07\/Sttritezsky-Bohemia-Rally-768x511.jpg 768w, https:\/\/www.automakers.cz\/wp-content\/uploads\/2024\/07\/Sttritezsky-Bohemia-Rally.jpg 952w\" sizes=\"auto, (max-width: 900px) 100vw, 900px\" \/><\/p>\n","protected":false},"excerpt":{"rendered":"<p>Mistrovstv\u00ed \u010cR v automobilov\u00fdch sout\u011b\u017e\u00edch pokra\u010dovalo o v\u00edkendu v okol\u00ed Zl\u00edna 53. ro\u010dn\u00edkem nejslavn\u011bj\u0161\u00ed tuzemsk\u00e9&#8230;<\/p>\n","protected":false},"author":1,"featured_media":6504,"comment_status":"closed","ping_status":"closed","sticky":false,"template":"","format":"standard","meta":{"footnotes":""},"categories":[26,19],"tags":[],"class_list":["post-6503","post","type-post","status-publish","format-standard","has-post-thumbnail","hentry","category-eventy","category-motorsport"],"_links":{"self":[{"href":"https:\/\/www.automakers.cz\/index.php?rest_route=\/wp\/v2\/posts\/6503","targetHints":{"allow":["GET"]}}],"collection":[{"href":"https:\/\/www.automakers.cz\/index.php?rest_route=\/wp\/v2\/posts"}],"about":[{"href":"https:\/\/www.automakers.cz\/index.php?rest_route=\/wp\/v2\/types\/post"}],"author":[{"embeddable":true,"href":"https:\/\/www.automakers.cz\/index.php?rest_route=\/wp\/v2\/users\/1"}],"replies":[{"embeddable":true,"href":"https:\/\/www.automakers.cz\/index.php?rest_route=%2Fwp%2Fv2%2Fcomments&post=6503"}],"version-history":[{"count":2,"href":"https:\/\/www.automakers.cz\/index.php?rest_route=\/wp\/v2\/posts\/6503\/revisions"}],"predecessor-version":[{"id":6506,"href":"https:\/\/www.automakers.cz\/index.php?rest_route=\/wp\/v2\/posts\/6503\/revisions\/6506"}],"wp:featuredmedia":[{"embeddable":true,"href":"https:\/\/www.automakers.cz\/index.php?rest_route=\/wp\/v2\/media\/6504"}],"wp:attachment":[{"href":"https:\/\/www.automakers.cz\/index.php?rest_route=%2Fwp%2Fv2%2Fmedia&parent=6503"}],"wp:term":[{"taxonomy":"category","embeddable":true,"href":"https:\/\/www.automakers.cz\/index.php?rest_route=%2Fwp%2Fv2%2Fcategories&post=6503"},{"taxonomy":"post_tag","embeddable":true,"href":"https:\/\/www.automakers.cz\/index.php?rest_route=%2Fwp%2Fv2%2Ftags&post=6503"}],"curies":[{"name":"wp","href":"https:\/\/api.w.org\/{rel}","templated":true}]}}