{"id":6530,"date":"2024-08-20T08:44:29","date_gmt":"2024-08-20T08:44:29","guid":{"rendered":"https:\/\/www.automakers.cz\/?p=6530"},"modified":"2024-08-20T08:45:55","modified_gmt":"2024-08-20T08:45:55","slug":"euro-evropsky-soud-prehodnoti-system-mereni-emisi-aut","status":"publish","type":"post","link":"https:\/\/www.automakers.cz\/?p=6530","title":{"rendered":"Evropsk\u00fd soud p\u0159ehodnot\u00ed syst\u00e9m m\u011b\u0159en\u00ed emis\u00ed aut"},"content":{"rendered":"<p><strong><span style=\"color: #000000;\"><span style=\"font-family: Times New Roman, serif;\"><span style=\"font-size: large;\">Ru\u0161no bude na podzim v evropsk\u00e9 legislativ\u011b kolem star\u0161\u00edch diesel\u016f. Evropsk\u00fd soudn\u00ed dv\u016fr bude v listopadu rozhodovat o nov\u00e9m postupu p\u0159i m\u011b\u0159en\u00ed emis\u00ed spalovac\u00edch motor\u016f, p\u00ed\u0161e T\u00fdden\u00edk Euro.<br \/>\n<\/span><\/span><\/span><\/strong><!--more--><\/p>\n<p><span style=\"color: #000000;\"><span style=\"font-family: Times New Roman, serif;\"><span style=\"font-size: large;\"> Po technick\u00e9 \u00faprav\u011b normy by se nov\u011b nepo\u010d\u00edtalo mno\u017estv\u00ed emis\u00ed staticky nam\u011b\u0159en\u00e9 na stanic\u00edch technick\u00e9 kontroly, ale jen p\u0159i provozu motoru, kter\u00fd odpov\u00edd\u00e1 b\u011b\u017en\u00e9 j\u00edzd\u011b (takzvan\u00fd cyklus WLTP). To by znamenalo, \u017ee n\u011bkter\u00fdm star\u0161\u00edm vozidl\u016fm se vzn\u011btov\u00fdmi motory, registrovan\u00fdm podle star\u0161\u00edho cyklu NEDC, by mohlo b\u00fdt odebr\u00e1no povolen\u00ed k provozu. <\/span><\/span><\/span><\/p>\n<p><span style=\"color: #000000;\"><span style=\"font-family: Times New Roman, serif;\"><span style=\"font-size: large;\">V Evrop\u011b to vyvolalo \u0161ok. Podle n\u011bmeck\u00e9ho Bildu by byly v ohro\u017een\u00ed <\/span><\/span><\/span><span style=\"color: #000000;\"><span style=\"font-family: Times New Roman, serif;\"><span style=\"font-size: large;\">miliony relativn\u011b nov\u00fdch diesel\u016f, p\u0159esto\u017ee podle p\u0159edchoz\u00edch ustanoven\u00ed spl\u0148uj\u00ed normy Euro 5\u00a0a\u00a06.\u00a0Jedn\u00e1 se o\u00a0vozy vyroben\u00e9 zhruba p\u0159ed rokem 2014. Jen v N\u011bmecku by se zm\u011bna dotkla v\u00edce ne\u017e osmi\u00a0milion\u016f osobn\u00edch automobil\u016f, p\u00ed\u0161e Bild. Voz\u016fm spl\u0148uj\u00edc\u00edm star\u0161\u00ed normy by p\u0159itom paradoxn\u011b p\u0159em\u011b\u0159en\u00ed hrozit nem\u011blo, z\u0159ejm\u011b se po\u010d\u00edt\u00e1 s\u00a0t\u00edm, \u017ee je b\u011bhem n\u00e1sleduj\u00edc\u00edch let \u0159idi\u010di stejn\u011b budou muset vym\u011bnit za nov\u011bj\u0161\u00ed. Jak\u00fd dopad by m\u011bla nov\u00e1 legislativa v \u010cesku? Podle webu \u010cist\u00e1 doprava Centra dopravn\u00edho v\u00fdzkumu bylo v tuzemsku zaregistrov\u00e1no od roku 2005 do leto\u0161ka asi milion osobn\u00edch dieselov\u00fdch automobil\u016f. <\/span><\/span><\/span><\/p>\n<p><strong>Vlna odporu z N\u011bmecka<\/strong><\/p>\n<p><span style=\"color: #000000;\"><span style=\"font-family: Times New Roman, serif;\"><span style=\"font-size: large;\">V \u0159ad\u011b zem\u00ed se proto proti p\u0159ehodnocen\u00ed postupu m\u011b\u0159en\u00ed emis\u00ed zvedla vlna odporu. \u201e\u017d\u00e1d\u00e1m konec protiautomobilov\u00e9 politiky z\u00a0Bruselu. Lid\u00e9 pot\u0159ebuj\u00ed sv\u00e1 auta a\u00a0necht\u011bj\u00ed si je nechat sebrat,\u201c \u0159ekl n\u011bmeck\u00fd ministr dopravy Volker Wissing. <\/span><\/span><\/span><\/p>\n<p><span style=\"color: #000000;\"><span style=\"font-family: Times New Roman, serif;\"><span style=\"font-size: large;\">\u201eOt\u00e1zce dostupnosti automobil\u016f a podpo\u0159e konkurenceschopnosti automobilov\u00e9ho pr\u016fmyslu se dlouhodob\u011b v\u011bnujeme a tento konkr\u00e9tn\u00ed p\u0159\u00edpad budeme i nad\u00e1le sledovat,\u201c potvrdil den\u00edku Echo24 mluv\u010d\u00ed \u010desk\u00e9ho resortu dopravy Franti\u0161ek Jemelka.<\/span><\/span><\/span><\/p>\n<p><span style=\"color: #000000;\"><span style=\"font-family: Times New Roman, serif;\"><span style=\"font-size: large;\"> \u201eDle na\u0161ich informac\u00ed EK n\u011bmeck\u00e9ho ministra ve sv\u00e9 odpov\u011bdi ujistila, \u017ee nem\u00e1 v \u00famyslu prov\u00e1d\u011bt retroaktivn\u00ed zm\u011bny, ukl\u00e1dat v\u00fdrobc\u016fm automobil\u016f dal\u0161\u00ed administrativn\u00ed z\u00e1t\u011b\u017e nebo po\u017eadavky, ani p\u0159ij\u00edmat \u010di podporovat opat\u0159en\u00ed, kter\u00e1 by jak\u00fdmkoli zp\u016fsobem znev\u00fdhod\u0148ovala ob\u010dany, kte\u0159\u00ed si v dobr\u00e9 v\u00ed\u0159e zakoupili automobily,\u201c sd\u011blil. <\/span><\/span><\/span><\/p>\n<p><span style=\"color: #000000;\"><span style=\"font-family: Times New Roman, serif;\"><span style=\"font-size: large;\">I kdy\u017e se evropsk\u00fdm majitel\u016fm diesel\u016f poda\u0159\u00ed odrazit nejnov\u011bj\u0161\u00ed \u00fatok z Bruselu, nebude to v\u00fdhra na dlouho. <\/span><\/span><\/span><span style=\"color: #000000;\"><span style=\"font-family: Times New Roman, serif;\"><span style=\"font-size: large;\">Evropsk\u00e1<\/span><\/span><\/span> <span style=\"color: #000000;\"><span style=\"font-family: Times New Roman, serif;\"><span style=\"font-size: large;\">unie<\/span><\/span><\/span> <span style=\"color: #000000;\"><span style=\"font-family: Times New Roman, serif;\"><span style=\"font-size: large;\">pl\u00e1nuje prakticky zak\u00e1zat prodej nov\u00fdch aut se spalovac\u00edmi motory po roce 2035. Norma je sou\u010d\u00e1st\u00ed bal\u00ed\u010dku klimatick\u00fdch pravidel zn\u00e1m\u00e9ho jako <\/span><\/span><\/span><span style=\"color: #000000;\"><span style=\"font-family: Times New Roman, serif;\"><span style=\"font-size: large;\">Fit<\/span><\/span><\/span> <span style=\"color: #000000;\"><span style=\"font-family: Times New Roman, serif;\"><span style=\"font-size: large;\">for<\/span><\/span><\/span> <span style=\"color: #000000;\"><span style=\"font-family: Times New Roman, serif;\"><span style=\"font-size: large;\">55<\/span><\/span><\/span><span style=\"color: #000000;\"><span style=\"font-family: Times New Roman, serif;\"><span style=\"font-size: large;\">, kter\u00fd m\u00e1 <\/span><\/span><\/span><span style=\"color: #000000;\"><span style=\"font-family: Times New Roman, serif;\"><span style=\"font-size: large;\">EU<\/span><\/span><\/span> <span style=\"color: #000000;\"><span style=\"font-family: Times New Roman, serif;\"><span style=\"font-size: large;\">nasm\u011brovat k omezen\u00ed emis\u00ed sklen\u00edkov\u00fdch plyn\u016f do roku 2030 nejm\u00e9n\u011b o 55 procent oproti hodnot\u00e1m z roku 1990.<\/span><\/span><\/span><\/p>\n<p><strong>Zdroj: T\u00fdden\u00edk Euro<\/strong><\/p>\n<p>&nbsp;<\/p>\n","protected":false},"excerpt":{"rendered":"<p>Ru\u0161no bude na podzim v evropsk\u00e9 legislativ\u011b kolem star\u0161\u00edch diesel\u016f. Evropsk\u00fd soudn\u00ed dv\u016fr bude v&#8230;<\/p>\n","protected":false},"author":1,"featured_media":6532,"comment_status":"closed","ping_status":"closed","sticky":false,"template":"","format":"standard","meta":{"footnotes":""},"categories":[25,49],"tags":[],"class_list":["post-6530","post","type-post","status-publish","format-standard","has-post-thumbnail","hentry","category-legislativa","category-media"],"_links":{"self":[{"href":"https:\/\/www.automakers.cz\/index.php?rest_route=\/wp\/v2\/posts\/6530","targetHints":{"allow":["GET"]}}],"collection":[{"href":"https:\/\/www.automakers.cz\/index.php?rest_route=\/wp\/v2\/posts"}],"about":[{"href":"https:\/\/www.automakers.cz\/index.php?rest_route=\/wp\/v2\/types\/post"}],"author":[{"embeddable":true,"href":"https:\/\/www.automakers.cz\/index.php?rest_route=\/wp\/v2\/users\/1"}],"replies":[{"embeddable":true,"href":"https:\/\/www.automakers.cz\/index.php?rest_route=%2Fwp%2Fv2%2Fcomments&post=6530"}],"version-history":[{"count":5,"href":"https:\/\/www.automakers.cz\/index.php?rest_route=\/wp\/v2\/posts\/6530\/revisions"}],"predecessor-version":[{"id":6536,"href":"https:\/\/www.automakers.cz\/index.php?rest_route=\/wp\/v2\/posts\/6530\/revisions\/6536"}],"wp:featuredmedia":[{"embeddable":true,"href":"https:\/\/www.automakers.cz\/index.php?rest_route=\/wp\/v2\/media\/6532"}],"wp:attachment":[{"href":"https:\/\/www.automakers.cz\/index.php?rest_route=%2Fwp%2Fv2%2Fmedia&parent=6530"}],"wp:term":[{"taxonomy":"category","embeddable":true,"href":"https:\/\/www.automakers.cz\/index.php?rest_route=%2Fwp%2Fv2%2Fcategories&post=6530"},{"taxonomy":"post_tag","embeddable":true,"href":"https:\/\/www.automakers.cz\/index.php?rest_route=%2Fwp%2Fv2%2Ftags&post=6530"}],"curies":[{"name":"wp","href":"https:\/\/api.w.org\/{rel}","templated":true}]}}