{"id":6537,"date":"2024-08-20T08:57:59","date_gmt":"2024-08-20T08:57:59","guid":{"rendered":"https:\/\/www.automakers.cz\/?p=6537"},"modified":"2024-08-20T09:29:13","modified_gmt":"2024-08-20T09:29:13","slug":"ds-podporila-dobrissky-festival-hudby","status":"publish","type":"post","link":"https:\/\/www.automakers.cz\/?p=6537","title":{"rendered":"DS podpo\u0159ila festival hudby na Dob\u0159\u00ed\u0161i"},"content":{"rendered":"<p><strong>\u0158editelka zna\u010dky DS Martina Bedrnov\u00e1 letos pokra\u010duje ve spolupr\u00e1ci s houslistou Jaroslavem Sv\u011bcen\u00fdm.\u00a0 Francouzsk\u00e9 modely se tak mohly v srpnu op\u011bt bl\u00fdsknout na Festivalu hudby na z\u00e1mku Dob\u0159\u00ed\u0161.<\/strong><!--more--><\/p>\n<p>S\u00e9rii koncert\u016f po\u0159\u00e1dalo v polovin\u011b srpna m\u011bsto Dob\u0159\u00ed\u0161 ve spolupr\u00e1ci s agenturou SUBITON Jaroslava Sv\u011bcen\u00e9ho, ve\u0159ejnosti ji\u017e po\u010dtvrt\u00e9 nab\u00eddlo hudebn\u00ed program pod osv\u011bd\u010denou produk\u010dn\u00ed, re\u017eijn\u00ed i dramaturgickou taktovkou tandemu Jaroslav Sv\u011bcen\u00fd\u2013Zde\u0148ka \u017d\u00e1dn\u00edkov\u00e1.<\/p>\n<p><img loading=\"lazy\" decoding=\"async\" class=\"alignnone size-medium wp-image-6539\" src=\"http:\/\/www.automakers.cz\/wp-content\/uploads\/2024\/08\/DS-Dobris-Sveceny-Zadnikova-900x675.jpg\" alt=\"\" width=\"900\" height=\"675\" srcset=\"https:\/\/www.automakers.cz\/wp-content\/uploads\/2024\/08\/DS-Dobris-Sveceny-Zadnikova-900x675.jpg 900w, https:\/\/www.automakers.cz\/wp-content\/uploads\/2024\/08\/DS-Dobris-Sveceny-Zadnikova-1024x768.jpg 1024w, https:\/\/www.automakers.cz\/wp-content\/uploads\/2024\/08\/DS-Dobris-Sveceny-Zadnikova-768x576.jpg 768w, https:\/\/www.automakers.cz\/wp-content\/uploads\/2024\/08\/DS-Dobris-Sveceny-Zadnikova-1536x1152.jpg 1536w, https:\/\/www.automakers.cz\/wp-content\/uploads\/2024\/08\/DS-Dobris-Sveceny-Zadnikova.jpg 2040w\" sizes=\"auto, (max-width: 900px) 100vw, 900px\" \/>Zahajovac\u00ed galakoncert se konal v z\u00e1meck\u00e9m parku, pod taktovkou (smy\u010dcem) Jaroslava Sv\u011bcen\u00e9ho se p\u0159edstavila \u0159ada mlad\u00fdch talent\u016f.<\/p>\n<p><img loading=\"lazy\" decoding=\"async\" class=\"alignnone size-medium wp-image-6540\" src=\"http:\/\/www.automakers.cz\/wp-content\/uploads\/2024\/08\/DS-Dobris-Coloredo-Mansfeld-900x675.jpg\" alt=\"\" width=\"900\" height=\"675\" srcset=\"https:\/\/www.automakers.cz\/wp-content\/uploads\/2024\/08\/DS-Dobris-Coloredo-Mansfeld-900x675.jpg 900w, https:\/\/www.automakers.cz\/wp-content\/uploads\/2024\/08\/DS-Dobris-Coloredo-Mansfeld-1024x768.jpg 1024w, https:\/\/www.automakers.cz\/wp-content\/uploads\/2024\/08\/DS-Dobris-Coloredo-Mansfeld-768x576.jpg 768w, https:\/\/www.automakers.cz\/wp-content\/uploads\/2024\/08\/DS-Dobris-Coloredo-Mansfeld-1536x1152.jpg 1536w, https:\/\/www.automakers.cz\/wp-content\/uploads\/2024\/08\/DS-Dobris-Coloredo-Mansfeld.jpg 2040w\" sizes=\"auto, (max-width: 900px) 100vw, 900px\" \/>Hosty akce p\u0159iv\u00edtal majitel Dob\u0159\u00ed\u0161e, kn\u00ed\u017ee Coloredo Mansfeld, z\u00e1\u0161titu poskytla hejtmanka St\u0159edo\u010desk\u00e9ho kraje Petra Peckov\u00e1<\/p>\n<p><strong>Erich Handl, Z\u00e1mek Dob\u0159\u00ed\u0161, FOTO: autor a V\u011bra Handlov\u00e1<br \/>\n<\/strong><\/p>\n<p><img loading=\"lazy\" decoding=\"async\" class=\"alignnone size-medium wp-image-6543\" src=\"http:\/\/www.automakers.cz\/wp-content\/uploads\/2024\/08\/DS-Handl-Bedrnova-Dobris-675x900.jpg\" alt=\"\" width=\"675\" height=\"900\" srcset=\"https:\/\/www.automakers.cz\/wp-content\/uploads\/2024\/08\/DS-Handl-Bedrnova-Dobris-675x900.jpg 675w, https:\/\/www.automakers.cz\/wp-content\/uploads\/2024\/08\/DS-Handl-Bedrnova-Dobris-768x1024.jpg 768w, https:\/\/www.automakers.cz\/wp-content\/uploads\/2024\/08\/DS-Handl-Bedrnova-Dobris-1152x1536.jpg 1152w, https:\/\/www.automakers.cz\/wp-content\/uploads\/2024\/08\/DS-Handl-Bedrnova-Dobris-1024x1365.jpg 1024w, https:\/\/www.automakers.cz\/wp-content\/uploads\/2024\/08\/DS-Handl-Bedrnova-Dobris.jpg 1512w\" sizes=\"auto, (max-width: 675px) 100vw, 675px\" \/><\/p>\n<p>&nbsp;<\/p>\n","protected":false},"excerpt":{"rendered":"<p>\u0158editelka zna\u010dky DS Martina Bedrnov\u00e1 letos pokra\u010duje ve spolupr\u00e1ci s houslistou Jaroslavem Sv\u011bcen\u00fdm.\u00a0 Francouzsk\u00e9 modely&#8230;<\/p>\n","protected":false},"author":1,"featured_media":6538,"comment_status":"closed","ping_status":"closed","sticky":false,"template":"","format":"standard","meta":{"footnotes":""},"categories":[26,29],"tags":[],"class_list":["post-6537","post","type-post","status-publish","format-standard","has-post-thumbnail","hentry","category-eventy","category-sponzoring"],"_links":{"self":[{"href":"https:\/\/www.automakers.cz\/index.php?rest_route=\/wp\/v2\/posts\/6537","targetHints":{"allow":["GET"]}}],"collection":[{"href":"https:\/\/www.automakers.cz\/index.php?rest_route=\/wp\/v2\/posts"}],"about":[{"href":"https:\/\/www.automakers.cz\/index.php?rest_route=\/wp\/v2\/types\/post"}],"author":[{"embeddable":true,"href":"https:\/\/www.automakers.cz\/index.php?rest_route=\/wp\/v2\/users\/1"}],"replies":[{"embeddable":true,"href":"https:\/\/www.automakers.cz\/index.php?rest_route=%2Fwp%2Fv2%2Fcomments&post=6537"}],"version-history":[{"count":3,"href":"https:\/\/www.automakers.cz\/index.php?rest_route=\/wp\/v2\/posts\/6537\/revisions"}],"predecessor-version":[{"id":6545,"href":"https:\/\/www.automakers.cz\/index.php?rest_route=\/wp\/v2\/posts\/6537\/revisions\/6545"}],"wp:featuredmedia":[{"embeddable":true,"href":"https:\/\/www.automakers.cz\/index.php?rest_route=\/wp\/v2\/media\/6538"}],"wp:attachment":[{"href":"https:\/\/www.automakers.cz\/index.php?rest_route=%2Fwp%2Fv2%2Fmedia&parent=6537"}],"wp:term":[{"taxonomy":"category","embeddable":true,"href":"https:\/\/www.automakers.cz\/index.php?rest_route=%2Fwp%2Fv2%2Fcategories&post=6537"},{"taxonomy":"post_tag","embeddable":true,"href":"https:\/\/www.automakers.cz\/index.php?rest_route=%2Fwp%2Fv2%2Ftags&post=6537"}],"curies":[{"name":"wp","href":"https:\/\/api.w.org\/{rel}","templated":true}]}}