{"id":6578,"date":"2024-08-22T08:57:44","date_gmt":"2024-08-22T08:57:44","guid":{"rendered":"https:\/\/www.automakers.cz\/?p=6578"},"modified":"2024-08-22T08:57:44","modified_gmt":"2024-08-22T08:57:44","slug":"skoda-auto-podporila-detske-centrum","status":"publish","type":"post","link":"https:\/\/www.automakers.cz\/?p=6578","title":{"rendered":"\u0160koda Auto podpo\u0159ila d\u011btsk\u00e9 centrum"},"content":{"rendered":"<p><strong>V Mlad\u00e9 Boleslavi bylo otev\u0159eno nov\u00e9 d\u011btsk\u00e9 centrum, kter\u00e9 se nach\u00e1z\u00ed ve zrekonstruovan\u00fdch prostor\u00e1ch b\u00fdval\u00e9ho kina Forum na okraji Mlad\u00e9 Boleslavi, nedaleko hlavn\u00edho v\u00fdrobn\u00edho z\u00e1vodu spole\u010dnosti \u0160koda Auto. Za\u0159\u00edzen\u00ed vzniklo s finan\u010dn\u00ed podporou spole\u010dnosti \u0160koda Auto, p\u0159i\u010dem\u017e n\u00e1klady \u010dinily 600 000 K\u010d.<\/strong><!--more--><\/p>\n<p>K realizaci centra do\u0161lo v rekordn\u011b kr\u00e1tk\u00e9 dob\u011b: od rozhodnut\u00ed v lednu 2024 ub\u011bhlo jen n\u011bkolik m\u011bs\u00edc\u016f. Kapacita centra \u010din\u00ed 15 d\u011bt\u00ed p\u0159ed\u0161koln\u00edho v\u011bku a je ur\u010dena zejm\u00e9na pro potomky zam\u011bstnanc\u016f pracuj\u00edc\u00edch na sm\u011bny. Jedn\u00e1 se o dal\u0161\u00ed z mnoha forem podpory spole\u010dnosti \u0160koda Auto pro rodiny s d\u011btmi, mezi n\u011b\u017e se d\u00e1le \u0159ad\u00ed flexibiln\u00ed pracovn\u00ed doba, programy pro n\u00e1vrat do zam\u011bstn\u00e1n\u00ed po mate\u0159sk\u00e9 nebo rodi\u010dovsk\u00e9 dovolen\u00e9 \u010di p\u0159\u00edsp\u011bvek p\u0159i narozen\u00ed d\u00edt\u011bte.<\/p>\n<p><strong>Maren Gr\u00e4f, \u010dlenka p\u0159edstavenstva spole\u010dnosti \u0160koda Auto pro oblast Lid\u00e9 a kultura,<\/strong> \u0159ekla: \u201eV oblasti prorodinn\u00e9 politiky jsme ve spole\u010dnosti \u0160koda Auto v uplynul\u00fdch letech u\u010dinili spoustu pozitivn\u00edch krok\u016f, kter\u00e9 usnad\u0148uj\u00ed rodi\u010d\u016fm propojen\u00ed pracovn\u00edho a soukrom\u00e9ho \u017eivota. Otev\u0159en\u00ed nov\u00e9ho D\u011btsk\u00e9ho centra je jedn\u00edm z dal\u0161\u00edch p\u0159\u00edsp\u011bvk\u016f, kter\u00fdmi reagujeme na pot\u0159eby na\u0161ich zam\u011bstnanc\u016f. D\u011bkuji Odbor\u016fm KOVO a z\u00e1stupc\u016fm m\u011bsta Mlad\u00e1 Boleslav za podporu, d\u00edky n\u00ed\u017e nov\u00e9 D\u011btsk\u00e9 centrum vzniklo.\u201c<\/p>\n<p><strong>P\u0159edseda Odbor\u016f KOVO, Jaroslav Pov\u0161\u00edk<\/strong> uvedl: \u201eJi\u017e mnohokr\u00e1t jsem \u0159e\u0161il p\u0159\u00edpady rodi\u010d\u016f, na\u0161ich zam\u011bstnanc\u016f, kte\u0159\u00ed pracuj\u00ed na sm\u011bny a sna\u017e\u00ed se zajistit hl\u00edd\u00e1n\u00ed pro sv\u00e9 d\u011bti. Jsem r\u00e1d, \u017ee mohu rodi\u010d\u016fm doporu\u010dit toto d\u011btsk\u00e9 centrum, kam, v\u011b\u0159\u00edm, budou d\u011bti chodit r\u00e1dy a kde o n\u011b bude dob\u0159e postar\u00e1no. D\u00edky tomuto nov\u00e9mu za\u0159\u00edzen\u00ed zajist\u00edme adekv\u00e1tn\u00ed a bezpe\u010dn\u00e9 prost\u0159ed\u00ed d\u011btem na\u0161ich zam\u011bstnanc\u016f v \u010dasech st\u0159\u00edd\u00e1n\u00ed sm\u011bn. Stejn\u011b tak m\u016f\u017eeme t\u00edmto projektem zaujmout i \u0161ir\u0161\u00ed ve\u0159ejnost v regionu.\u201c<\/p>\n<p><strong>Provozn\u00ed doba od \u010dasn\u00fdch hodin pom\u00e1h\u00e1 zam\u011bstnanc\u016fm pracuj\u00edc\u00edm na sm\u011bny <\/strong><\/p>\n<p>V\u00fdhodou nov\u00e9ho d\u011btsk\u00e9ho centra je jeho bl\u00edzkost hlavn\u00edmu z\u00e1vodu \u0160koda Auto v Mlad\u00e9 Boleslavi, ale tak\u00e9 provozn\u00ed doba, kter\u00e1 vych\u00e1z\u00ed vst\u0159\u00edc zam\u011bstnanc\u016fm ve sm\u011bnn\u00e9m re\u017eimu. Centrum r\u00e1no funguje mezi 5:15 a 7:00 a odpoledne je otev\u0159en\u00e9 mezi 12:00 a 15:30.<\/p>\n<p>Poskytovatelem slu\u017eeb je organizace EleKaty, jej\u00ed\u017e zakladatelky maj\u00ed bohat\u00e9 zku\u0161enosti s provozov\u00e1n\u00edm zn\u00e1m\u00e9 m\u00edstn\u00ed mate\u0159sk\u00e9 \u0161koly Little Elephant. Centrum je ur\u010deno pro 15 d\u011bt\u00ed ve v\u011bku 2 a\u017e 6 let. Za\u0159\u00edzen\u00ed funguje na komer\u010dn\u00ed b\u00e1zi, b\u011b\u017en\u00e1 cena za vyu\u017eit\u00ed t\u00e9to slu\u017eby je 30 K\u010d za 90 minut, \u010dlenov\u00e9 odbor\u016f KOVO MB plat\u00ed dokonce jen 20 K\u010d. Za ka\u017ed\u00fdch dal\u0161\u00edch 30 minut \u010din\u00ed poplatek 50 K\u010d a z\u00e1jemci si mohou dop\u0159edu zajistit m\u00edsto p\u0159es rezerva\u010dn\u00ed syst\u00e9m.<\/p>\n<p>Podpora rodi\u010d\u016f s d\u011btmi jako ned\u00edln\u00e1 sou\u010d\u00e1st p\u00e9\u010de o zam\u011bstnance \u0160koda Auto se ve spolupr\u00e1ci s Odbory KOVO v\u011bnuje rozvoji prorodinn\u00e9 politiky, kter\u00e1 usnad\u0148uje zam\u011bstnanc\u016fm spojen\u00ed pracovn\u00edho a soukrom\u00e9ho \u017eivota. Z\u00e1kladem je aktivn\u00ed podpora p\u0159i n\u00e1vratu do pr\u00e1ce po mate\u0159sk\u00e9 nebo rodi\u010dovsk\u00e9 dovolen\u00e9. Personalist\u00e9 pom\u00e1haj\u00ed p\u0159i hled\u00e1n\u00ed r\u016fzn\u00fdch mo\u017enost\u00ed pro uplatn\u011bn\u00ed rodi\u010d\u016f, roz\u0161\u00ed\u0159en\u00ed kvalifikace a dal\u0161\u00ed rozvoj kari\u00e9rn\u00edho postupu.<\/p>\n<p>P\u0159ipraveny jsou i \u0159ady benefit\u016f pro zam\u011bstnance a zam\u011bstnankyn\u011b na mate\u0159sk\u00e9 a rodi\u010dovsk\u00e9 dovolen\u00e9, nap\u0159\u00edklad p\u0159\u00edsp\u011bvek p\u0159i narozen\u00ed d\u00edt\u011bte, poskytov\u00e1n\u00ed pracovn\u00edho volna s n\u00e1hradou mzdy na p\u00e9\u010di o d\u00edt\u011b do 12 let v\u011bku, pracovn\u00ed volno s n\u00e1hradou mzdy p\u0159i narozen\u00ed d\u00edt\u011bte, p\u0159\u00edsp\u011bvek na jesle a \u0159ada dal\u0161\u00edch.<\/p>\n<p>\u0160koda Auto ve spolupr\u00e1ci s Odbory KOVO p\u0159edstavila v r\u00e1mci konceptu New Work tak\u00e9 nov\u00e9 formy pr\u00e1ce, kter\u00e9 reaguj\u00ed na popt\u00e1vku zam\u011bstnanc\u016f po v\u011bt\u0161\u00ed flexibilit\u011b.<\/p>\n<p><strong>Zdroj: \u0160koda Auto<\/strong><\/p>\n","protected":false},"excerpt":{"rendered":"<p>V Mlad\u00e9 Boleslavi bylo otev\u0159eno nov\u00e9 d\u011btsk\u00e9 centrum, kter\u00e9 se nach\u00e1z\u00ed ve zrekonstruovan\u00fdch prostor\u00e1ch b\u00fdval\u00e9ho&#8230;<\/p>\n","protected":false},"author":2,"featured_media":6579,"comment_status":"closed","ping_status":"closed","sticky":false,"template":"","format":"standard","meta":{"footnotes":""},"categories":[16,31],"tags":[],"class_list":["post-6578","post","type-post","status-publish","format-standard","has-post-thumbnail","hentry","category-csr","category-news"],"_links":{"self":[{"href":"https:\/\/www.automakers.cz\/index.php?rest_route=\/wp\/v2\/posts\/6578","targetHints":{"allow":["GET"]}}],"collection":[{"href":"https:\/\/www.automakers.cz\/index.php?rest_route=\/wp\/v2\/posts"}],"about":[{"href":"https:\/\/www.automakers.cz\/index.php?rest_route=\/wp\/v2\/types\/post"}],"author":[{"embeddable":true,"href":"https:\/\/www.automakers.cz\/index.php?rest_route=\/wp\/v2\/users\/2"}],"replies":[{"embeddable":true,"href":"https:\/\/www.automakers.cz\/index.php?rest_route=%2Fwp%2Fv2%2Fcomments&post=6578"}],"version-history":[{"count":2,"href":"https:\/\/www.automakers.cz\/index.php?rest_route=\/wp\/v2\/posts\/6578\/revisions"}],"predecessor-version":[{"id":6614,"href":"https:\/\/www.automakers.cz\/index.php?rest_route=\/wp\/v2\/posts\/6578\/revisions\/6614"}],"wp:featuredmedia":[{"embeddable":true,"href":"https:\/\/www.automakers.cz\/index.php?rest_route=\/wp\/v2\/media\/6579"}],"wp:attachment":[{"href":"https:\/\/www.automakers.cz\/index.php?rest_route=%2Fwp%2Fv2%2Fmedia&parent=6578"}],"wp:term":[{"taxonomy":"category","embeddable":true,"href":"https:\/\/www.automakers.cz\/index.php?rest_route=%2Fwp%2Fv2%2Fcategories&post=6578"},{"taxonomy":"post_tag","embeddable":true,"href":"https:\/\/www.automakers.cz\/index.php?rest_route=%2Fwp%2Fv2%2Ftags&post=6578"}],"curies":[{"name":"wp","href":"https:\/\/api.w.org\/{rel}","templated":true}]}}