{"id":6584,"date":"2024-08-21T16:24:06","date_gmt":"2024-08-21T16:24:06","guid":{"rendered":"https:\/\/www.automakers.cz\/?p=6584"},"modified":"2024-08-21T16:24:28","modified_gmt":"2024-08-21T16:24:28","slug":"audi-nabidlo-limitovanou-edici-q3-perfection","status":"publish","type":"post","link":"https:\/\/www.automakers.cz\/?p=6584","title":{"rendered":"Audi nab\u00eddlo limitku Q3 Perfection"},"content":{"rendered":"<p><strong>Audi p\u0159in\u00e1\u0161\u00ed na \u010desk\u00fd trh limitovanou edici Audi Q3 Perfection a Audi Q3 Sportback Perfection. &#8222;Pr\u00e9miov\u00e9 kompaktn\u00ed SUV, resp. SUV kup\u00e9, zaujme v\u00fdbavou za v\u00fdhodn\u00e9 ceny, objedn\u00e1vky otev\u00edr\u00e1me pr\u00e1v\u011b dnes, p\u0159ipomn\u011bl 21. srpna na setk\u00e1n\u00ed s novin\u00e1\u0159i \u0161\u00e9f zna\u010dky Marcel Archleb.\u00a0 <\/strong><!--more--><\/p>\n<p>Audi Q3 Perfection je k dispozici se v\u0161emi nab\u00edzen\u00fdmi pohony. Ve spojen\u00ed s turbodieselem 40 TDI quattro lze Audi Q3 Perfection po\u0159\u00eddit za 1 035 000 K\u010d.<\/p>\n<p>\u201eNa \u00fasp\u011b\u0161nou \u0159adu limitovan\u00fdch edic\u00ed A4, A5 a Q5 Perfection s bohatou v\u00fdbavou za skv\u011blou cenu nyn\u00ed navazujeme nem\u00e9n\u011b atraktivn\u00ed ak\u010dn\u00ed nab\u00eddkou v modelov\u00e9 \u0159ad\u011b Audi Q3,\u201c \u0159\u00edk\u00e1 Marcel Archleb, vedouc\u00ed divize Audi spole\u010dnosti Porsche \u010cesk\u00e1 republika, a dod\u00e1v\u00e1:<\/p>\n<p>\u201eModel Audi Q3 nab\u00edz\u00ed v konstrukci a designu v\u0161echny charakteristick\u00e9 geny DNA zna\u010dky Audi. U\u00a0limitovan\u00e9 edice Perfection jsme se rozhodli nenapodobiteln\u00fd pr\u00e9miov\u00fd dojem je\u0161t\u011b umocnit nep\u0159ehl\u00e9dnuteln\u00fdm sportovn\u00edm stylem ve spojen\u00ed s prakti\u010dnost\u00ed a pr\u00e9miovost\u00ed.\u201c<\/p>\n<p>Nov\u00e9 Audi Q3 Perfection lze objedn\u00e1vat mimo jin\u00e9 ve verzi S\u00a0line 40 TDI quattro o v\u00fdkonu 142 kW za ak\u010dn\u00ed cenu 1\u00a0035\u00a0000 K\u010d (855\u00a0371,90 K\u010d bez DPH). V\u00a0karos\u00e1\u0159sk\u00e9 variant\u011b Sportback vyjde Q3 Perfection s\u00a0uveden\u00fdm pohonem na 1\u00a0079\u00a0000 K\u010d (891\u00a0735,53 K\u010d bez DPH). Z\u00e1kazn\u00edci si mohou nakonfigurovat ak\u010dn\u00ed limitovanou edici Q3 Perfection s\u00a0libovoln\u00fdm pohonem z\u00a0portfolia modelov\u00e9 \u0159ady Audi Q3, podrobn\u00e9 informace z\u00edskaj\u00ed u autorizovan\u00fdch prodejn\u00edch partner\u016f Audi v\u00a0\u010cesk\u00e9 republice.<\/p>\n<p>S\u00e9riov\u00e1 v\u00fdbava model\u016f Audi Q3 a Audi Q3 Sportback ve speci\u00e1ln\u00ed edici Audi Perfection vych\u00e1z\u00ed z\u00a0v\u00fdbavov\u00e9 linie S\u00a0line dopln\u011bn\u00e9 o interi\u00e9rov\u00fd paket S\u00a0line a paket Gravity. Atraktivitu limitovan\u00e9 edice Perfection umoc\u0148uje paket \u010dern\u00fdch ozdobn\u00fdch prvk\u016f plus spolu s 19\u201c koly z\u00a0lehk\u00e9 slitiny, metalick\u00fdm lakem a tmav\u011b t\u00f3novan\u00fdmi skly oken.<\/p>\n<p><strong>Oblo\u017een\u00ed z kart\u00e1\u010dovan\u00e9ho hlin\u00edku<\/strong><\/p>\n<p>Ve sportovn\u011b lad\u011bn\u00e9m\u00a0interi\u00e9ru S\u00a0line budou cestuj\u00edc\u00ed rozmazlovat sportovn\u00ed sedadla vp\u0159edu, kter\u00e1 jsou \u010daloun\u011bna kombinac\u00ed mikrovl\u00e1kna Dynamica a k\u016f\u017ee zdobenou kontrastn\u00edm pro\u0161\u00edv\u00e1n\u00edm a logem \u201eS\u201c. Pr\u00e9miovou atmosf\u00e9ru umoc\u0148uj\u00ed ozdobn\u00e1 oblo\u017een\u00ed z\u00a0matn\u00e9ho kart\u00e1\u010dovan\u00e9ho hlin\u00edku a\u00a0prvky interi\u00e9ru v\u00a0jemn\u011b \u0161ed\u00e9m odst\u00ednu. Sportovn\u00ed pojet\u00ed vnit\u0159n\u00edho prostoru zv\u00fdraz\u0148uje \u010dern\u00e9 \u010daloun\u011bn\u00ed stropu.<\/p>\n<p>Cestuj\u00edc\u00ed p\u0159i nastupov\u00e1n\u00ed do vozu pot\u011b\u0161\u00ed osv\u011btlen\u00e9 hlin\u00edkov\u00e9 prahov\u00e9 li\u0161ty vp\u0159edu s\u00a0logem S\u00a0line. Z\u00a0u\u0161lechtil\u00e9 oceli je vyrobena nejen ochrann\u00e1 li\u0161ta prahu zavazadlov\u00e9ho prostoru, ale tak\u00e9 ped\u00e1ly a op\u011brka nohy. K\u00a0\u00fatulnosti interi\u00e9ru p\u0159isp\u00edvaj\u00ed rovn\u011b\u017e pr\u00e9miov\u00e9 kobere\u010dky vp\u0159edu a vzadu s\u00a0kontrastn\u00edm pro\u0161\u00edv\u00e1n\u00edm a \u010daloun\u011bn\u00ed loketn\u00edch op\u011brek ve v\u00fdpln\u00edch dve\u0159\u00ed um\u011blou k\u016f\u017e\u00ed. Sou\u010d\u00e1st\u00ed s\u00e9riov\u00e9 v\u00fdbavy je tak\u00e9 multifunk\u010dn\u00ed volant plus ob\u0161it\u00fd k\u016f\u017e\u00ed a nechyb\u011bj\u00ed v\u00a0n\u00ed ani zadn\u00ed sedadla plus se st\u0159edovou loketn\u00ed op\u011brkou a dr\u017e\u00e1ky pro n\u00e1poje.<\/p>\n<p><strong>Audi Hold Assist<\/strong><\/p>\n<p>Paket Gravity roz\u0161i\u0159uje s\u00e9riovou v\u00fdbavu model\u016f Audi Q3 Perfection a Audi Q3 Sportback Perfection o funkci Audi Hold assist, elektrochromatick\u00e9 bezr\u00e1mov\u00e9 vnit\u0159n\u00ed zp\u011btn\u00e9 zrc\u00e1tko, jednobarevn\u00e9 ambientn\u00ed osv\u011btlen\u00ed interi\u00e9ru, sv\u011btlomety LED s\u00a0asistentem pro d\u00e1lkov\u00e1 sv\u011btla, zadn\u00ed sv\u00edtilny LED s\u00a0dynamick\u00fdmi ukazateli sm\u011bru vzadu, zvukovou aparaturu Audi Sound syst\u00e9m a adaptivn\u00ed tempomat.<\/p>\n<p><strong>Zdroj: Audi, Ji\u0159\u00ed Rozko\u0161n\u00fd<br \/>\n<\/strong><\/p>\n","protected":false},"excerpt":{"rendered":"<p>Audi p\u0159in\u00e1\u0161\u00ed na \u010desk\u00fd trh limitovanou edici Audi Q3 Perfection a Audi Q3 Sportback Perfection&#8230;.<\/p>\n","protected":false},"author":1,"featured_media":6586,"comment_status":"closed","ping_status":"closed","sticky":false,"template":"","format":"standard","meta":{"footnotes":""},"categories":[37,85],"tags":[],"class_list":["post-6584","post","type-post","status-publish","format-standard","has-post-thumbnail","hentry","category-ceny-novinek","category-vybava"],"_links":{"self":[{"href":"https:\/\/www.automakers.cz\/index.php?rest_route=\/wp\/v2\/posts\/6584","targetHints":{"allow":["GET"]}}],"collection":[{"href":"https:\/\/www.automakers.cz\/index.php?rest_route=\/wp\/v2\/posts"}],"about":[{"href":"https:\/\/www.automakers.cz\/index.php?rest_route=\/wp\/v2\/types\/post"}],"author":[{"embeddable":true,"href":"https:\/\/www.automakers.cz\/index.php?rest_route=\/wp\/v2\/users\/1"}],"replies":[{"embeddable":true,"href":"https:\/\/www.automakers.cz\/index.php?rest_route=%2Fwp%2Fv2%2Fcomments&post=6584"}],"version-history":[{"count":4,"href":"https:\/\/www.automakers.cz\/index.php?rest_route=\/wp\/v2\/posts\/6584\/revisions"}],"predecessor-version":[{"id":6588,"href":"https:\/\/www.automakers.cz\/index.php?rest_route=\/wp\/v2\/posts\/6584\/revisions\/6588"}],"wp:featuredmedia":[{"embeddable":true,"href":"https:\/\/www.automakers.cz\/index.php?rest_route=\/wp\/v2\/media\/6586"}],"wp:attachment":[{"href":"https:\/\/www.automakers.cz\/index.php?rest_route=%2Fwp%2Fv2%2Fmedia&parent=6584"}],"wp:term":[{"taxonomy":"category","embeddable":true,"href":"https:\/\/www.automakers.cz\/index.php?rest_route=%2Fwp%2Fv2%2Fcategories&post=6584"},{"taxonomy":"post_tag","embeddable":true,"href":"https:\/\/www.automakers.cz\/index.php?rest_route=%2Fwp%2Fv2%2Ftags&post=6584"}],"curies":[{"name":"wp","href":"https:\/\/api.w.org\/{rel}","templated":true}]}}