{"id":6590,"date":"2024-08-21T17:14:40","date_gmt":"2024-08-21T17:14:40","guid":{"rendered":"https:\/\/www.automakers.cz\/?p=6590"},"modified":"2024-08-22T08:01:35","modified_gmt":"2024-08-22T08:01:35","slug":"archleb-ukazal-novinarum-audi-q6-e-tron","status":"publish","type":"post","link":"https:\/\/www.automakers.cz\/?p=6590","title":{"rendered":"Archleb uk\u00e1zal novin\u00e1\u0159\u016fm Audi Q6 e-tron"},"content":{"rendered":"<p><strong>Mana\u017ee\u0159i zna\u010dky Audi sezvali 21. srpna novin\u00e1\u0159e do Tr\u00e9ninkov\u00e9 Akademie Porsche \u010cR ve Zlatn\u00edk\u00e1ch na n\u00e1rodn\u00ed p\u0159edstaven\u00ed modelov\u00e9 \u0159ady Audi Q6 e-tron. Na m\u00edst\u011b byly ke statick\u00e9mu prohl\u00e9dnut\u00ed dv\u011b varianty, Audi Q6 e-tron quattro a sportovn\u00ed Audi SQ6 e-tron s nejvy\u0161\u0161\u00edm v\u00fdkonem elektrick\u00e9ho pohonu 380 kW.<\/strong><!--more--><\/p>\n<p class=\"xmprfx_MsoNormal\">Oba p\u0159edv\u00e1d\u011bc\u00ed vozy dorazily do Zlatn\u00edk z N\u011bmecka. Novin\u00e1\u0159i absolvovali technickou prezentaci a pot\u00e9 si mohli prohl\u00e9dnout interi\u00e9ry voz\u016f, jim\u017e v\u00e9vod\u00ed nov\u00e9 uspo\u0159\u00e1d\u00e1n\u00ed takzvan\u00e9ho digit\u00e1ln\u00edho p\u00f3dia. U dealer\u016f by se prvn\u00ed kusy m\u011bly objevit na za\u010d\u00e1tku t\u0159et\u00edho kvart\u00e1lu leto\u0161n\u00edho roku.<\/p>\n<p><img loading=\"lazy\" decoding=\"async\" class=\"alignnone size-medium wp-image-6596\" src=\"http:\/\/www.automakers.cz\/wp-content\/uploads\/2024\/08\/Audi-Q6-e-tron-TK-Zlatniky-900x675.jpg\" alt=\"\" width=\"900\" height=\"675\" srcset=\"https:\/\/www.automakers.cz\/wp-content\/uploads\/2024\/08\/Audi-Q6-e-tron-TK-Zlatniky-900x675.jpg 900w, https:\/\/www.automakers.cz\/wp-content\/uploads\/2024\/08\/Audi-Q6-e-tron-TK-Zlatniky-1024x768.jpg 1024w, https:\/\/www.automakers.cz\/wp-content\/uploads\/2024\/08\/Audi-Q6-e-tron-TK-Zlatniky-768x576.jpg 768w, https:\/\/www.automakers.cz\/wp-content\/uploads\/2024\/08\/Audi-Q6-e-tron-TK-Zlatniky-1536x1152.jpg 1536w, https:\/\/www.automakers.cz\/wp-content\/uploads\/2024\/08\/Audi-Q6-e-tron-TK-Zlatniky.jpg 2040w\" sizes=\"auto, (max-width: 900px) 100vw, 900px\" \/>&#8222;Modelov\u00e1 \u0159ada pr\u00e9miov\u00fdch elektromobil\u016f e-tron m\u00e1 v \u010cesku pro n\u00e1\u0161 import prodejn\u00ed potenci\u00e1l ve v\u00fd\u0161i n\u011bkolika stovek kus\u016f ro\u010dn\u011b. V\u00edce jich neprod\u00e1me, proto\u017ee s cenou vy\u0161\u0161\u00ed ne\u017e 1,5 milionu korun se vozy nevejdou do dota\u010dn\u00edho limitu. D\u016fle\u017eit\u00e9 ale\u00a0 bude na\u0161im z\u00e1kazn\u00edk\u016fm p\u0159edv\u00e9st pr\u016fkopnick\u00fd design a technologie. V\u016fz je postaven na nov\u00e9 platform\u011b, stejn\u00e9 jako m\u00e1 Porsche Macan. M\u00e1 inovativn\u00ed elektronickou architekturu 1.2 s vysp\u011bl\u00fdmi technologiemi akumul\u00e1tor\u016f i nab\u00edjen\u00ed,&#8220; uvedl \u0161\u00e9f zna\u010dky Marcel Archleb.<\/p>\n<p><img loading=\"lazy\" decoding=\"async\" class=\"alignnone size-medium wp-image-6600\" src=\"http:\/\/www.automakers.cz\/wp-content\/uploads\/2024\/08\/Audi-Q6-e-tron-Zlatniky-Rozkosny-900x675.jpg\" alt=\"\" width=\"900\" height=\"675\" srcset=\"https:\/\/www.automakers.cz\/wp-content\/uploads\/2024\/08\/Audi-Q6-e-tron-Zlatniky-Rozkosny-900x675.jpg 900w, https:\/\/www.automakers.cz\/wp-content\/uploads\/2024\/08\/Audi-Q6-e-tron-Zlatniky-Rozkosny-1024x768.jpg 1024w, https:\/\/www.automakers.cz\/wp-content\/uploads\/2024\/08\/Audi-Q6-e-tron-Zlatniky-Rozkosny-768x576.jpg 768w, https:\/\/www.automakers.cz\/wp-content\/uploads\/2024\/08\/Audi-Q6-e-tron-Zlatniky-Rozkosny-1536x1152.jpg 1536w, https:\/\/www.automakers.cz\/wp-content\/uploads\/2024\/08\/Audi-Q6-e-tron-Zlatniky-Rozkosny.jpg 2040w\" sizes=\"auto, (max-width: 900px) 100vw, 900px\" \/>&#8222;Vzhled vozu odpov\u00edd\u00e1 designov\u00e9mu jazyku Audi Single Frame, kokpitu v\u00e9vod\u00ed takzvan\u00e9 Digit\u00e1ln\u00ed podium slo\u017een\u00e9 z velk\u00fdch displej\u016f, kter\u00e9 bude k vid\u011bn\u00ed i v dal\u0161\u00edch modelech Audi. Z\u00e1jemce l\u00e1k\u00e1me na \u0159adu nov\u00fdch technologi\u00ed. J\u00edzdn\u00ed preference lze nap\u0159\u00edklad nov\u011b nastavit\u00a0 nejen z infotainmentu, ale i z mobilu,&#8220; p\u0159ipomn\u011bl mluv\u010d\u00ed zna\u010dky Ji\u0159\u00ed Rozko\u0161n\u00fd.<\/p>\n<p><strong>Technologii pohonu automobilu pak novin\u00e1\u0159\u016fm osv\u011btlil vzd\u011bl\u00e1vac\u00ed expert zna\u010dky Roman Po\u0161va<br \/>\n<\/strong><\/p>\n<p><img loading=\"lazy\" decoding=\"async\" class=\"alignnone size-medium wp-image-6599\" src=\"http:\/\/www.automakers.cz\/wp-content\/uploads\/2024\/08\/Audi-Busta-Ludvik-Roman-900x675.jpg\" alt=\"\" width=\"900\" height=\"675\" srcset=\"https:\/\/www.automakers.cz\/wp-content\/uploads\/2024\/08\/Audi-Busta-Ludvik-Roman-900x675.jpg 900w, https:\/\/www.automakers.cz\/wp-content\/uploads\/2024\/08\/Audi-Busta-Ludvik-Roman-1024x768.jpg 1024w, https:\/\/www.automakers.cz\/wp-content\/uploads\/2024\/08\/Audi-Busta-Ludvik-Roman-768x576.jpg 768w, https:\/\/www.automakers.cz\/wp-content\/uploads\/2024\/08\/Audi-Busta-Ludvik-Roman-1536x1152.jpg 1536w, https:\/\/www.automakers.cz\/wp-content\/uploads\/2024\/08\/Audi-Busta-Ludvik-Roman.jpg 2040w\" sizes=\"auto, (max-width: 900px) 100vw, 900px\" \/>&#8222;Nov\u00fd e-tron poh\u00e1n\u011bj\u00ed nejnov\u011bj\u0161\u00ed bateriov\u00e9 \u010dl\u00e1nky z produkce \u010d\u00ednsk\u00e9ho koncernu CATL. Jde o nikl mangan kobaltov\u00e9 \u010dl\u00e1nky, akumul\u00e1tor lze dob\u00edt za deset minut na dojezd 255 kilometr\u016f. Umo\u017e\u0148uje to vysok\u00e1 v\u00fdkonov\u00e1 hustota baterie,&#8220; up\u0159esnil Ludv\u00edk.<\/p>\n<p><img loading=\"lazy\" decoding=\"async\" class=\"alignnone size-medium wp-image-6598\" src=\"http:\/\/www.automakers.cz\/wp-content\/uploads\/2024\/08\/Audi-Q6-etron-technicke-specifikace-900x675.jpg\" alt=\"\" width=\"900\" height=\"675\" srcset=\"https:\/\/www.automakers.cz\/wp-content\/uploads\/2024\/08\/Audi-Q6-etron-technicke-specifikace-900x675.jpg 900w, https:\/\/www.automakers.cz\/wp-content\/uploads\/2024\/08\/Audi-Q6-etron-technicke-specifikace-1024x768.jpg 1024w, https:\/\/www.automakers.cz\/wp-content\/uploads\/2024\/08\/Audi-Q6-etron-technicke-specifikace-768x576.jpg 768w, https:\/\/www.automakers.cz\/wp-content\/uploads\/2024\/08\/Audi-Q6-etron-technicke-specifikace-1536x1152.jpg 1536w, https:\/\/www.automakers.cz\/wp-content\/uploads\/2024\/08\/Audi-Q6-etron-technicke-specifikace.jpg 2040w\" sizes=\"auto, (max-width: 900px) 100vw, 900px\" \/>Baterie poh\u00e1n\u00ed dva elektromotory, p\u0159edn\u00ed asynchronn\u00ed, zadn\u00ed s permanentn\u00edmi magnety. Celkov\u00fd dojezd na pln\u00e9 nabit\u00ed \u010din\u00ed a\u017e 625 km. Cena? Od dvou milion\u016f korun.<\/p>\n<p><strong>Erich Handl, Zlatn\u00edky &#8211; Hodkovice<\/strong><\/p>\n<p><img loading=\"lazy\" decoding=\"async\" class=\"alignnone size-medium wp-image-6597\" src=\"http:\/\/www.automakers.cz\/wp-content\/uploads\/2024\/08\/Audi-Zlatniky-raut-900x675.jpg\" alt=\"\" width=\"900\" height=\"675\" srcset=\"https:\/\/www.automakers.cz\/wp-content\/uploads\/2024\/08\/Audi-Zlatniky-raut-900x675.jpg 900w, https:\/\/www.automakers.cz\/wp-content\/uploads\/2024\/08\/Audi-Zlatniky-raut-1024x768.jpg 1024w, https:\/\/www.automakers.cz\/wp-content\/uploads\/2024\/08\/Audi-Zlatniky-raut-768x576.jpg 768w, https:\/\/www.automakers.cz\/wp-content\/uploads\/2024\/08\/Audi-Zlatniky-raut-1536x1152.jpg 1536w, https:\/\/www.automakers.cz\/wp-content\/uploads\/2024\/08\/Audi-Zlatniky-raut.jpg 2040w\" sizes=\"auto, (max-width: 900px) 100vw, 900px\" \/><\/p>\n<p>&nbsp;<\/p>\n","protected":false},"excerpt":{"rendered":"<p>Mana\u017ee\u0159i zna\u010dky Audi sezvali 21. srpna novin\u00e1\u0159e do Tr\u00e9ninkov\u00e9 Akademie Porsche \u010cR ve Zlatn\u00edk\u00e1ch na&#8230;<\/p>\n","protected":false},"author":1,"featured_media":6594,"comment_status":"closed","ping_status":"closed","sticky":false,"template":"","format":"standard","meta":{"footnotes":""},"categories":[37,40,20],"tags":[],"class_list":["post-6590","post","type-post","status-publish","format-standard","has-post-thumbnail","hentry","category-ceny-novinek","category-technologie","category-tiskovky"],"_links":{"self":[{"href":"https:\/\/www.automakers.cz\/index.php?rest_route=\/wp\/v2\/posts\/6590","targetHints":{"allow":["GET"]}}],"collection":[{"href":"https:\/\/www.automakers.cz\/index.php?rest_route=\/wp\/v2\/posts"}],"about":[{"href":"https:\/\/www.automakers.cz\/index.php?rest_route=\/wp\/v2\/types\/post"}],"author":[{"embeddable":true,"href":"https:\/\/www.automakers.cz\/index.php?rest_route=\/wp\/v2\/users\/1"}],"replies":[{"embeddable":true,"href":"https:\/\/www.automakers.cz\/index.php?rest_route=%2Fwp%2Fv2%2Fcomments&post=6590"}],"version-history":[{"count":10,"href":"https:\/\/www.automakers.cz\/index.php?rest_route=\/wp\/v2\/posts\/6590\/revisions"}],"predecessor-version":[{"id":6607,"href":"https:\/\/www.automakers.cz\/index.php?rest_route=\/wp\/v2\/posts\/6590\/revisions\/6607"}],"wp:featuredmedia":[{"embeddable":true,"href":"https:\/\/www.automakers.cz\/index.php?rest_route=\/wp\/v2\/media\/6594"}],"wp:attachment":[{"href":"https:\/\/www.automakers.cz\/index.php?rest_route=%2Fwp%2Fv2%2Fmedia&parent=6590"}],"wp:term":[{"taxonomy":"category","embeddable":true,"href":"https:\/\/www.automakers.cz\/index.php?rest_route=%2Fwp%2Fv2%2Fcategories&post=6590"},{"taxonomy":"post_tag","embeddable":true,"href":"https:\/\/www.automakers.cz\/index.php?rest_route=%2Fwp%2Fv2%2Ftags&post=6590"}],"curies":[{"name":"wp","href":"https:\/\/api.w.org\/{rel}","templated":true}]}}