{"id":6615,"date":"2024-08-22T12:38:11","date_gmt":"2024-08-22T12:38:11","guid":{"rendered":"https:\/\/www.automakers.cz\/?p=6615"},"modified":"2024-08-22T12:38:56","modified_gmt":"2024-08-22T12:38:56","slug":"nova-skodovka-pro-indii-bude-kylaq","status":"publish","type":"post","link":"https:\/\/www.automakers.cz\/?p=6615","title":{"rendered":"Nov\u00e1 \u0160kodovka pro Indii bude Kylaq"},"content":{"rendered":"<p class=\"c_aY g_gv speakable\" data-dot=\"ogm-article-perex\"><strong>Budouc\u00ed mal\u00e9 SUV zna\u010dky \u0160koda pro indick\u00fd trh m\u00e1 jm\u00e9no Kylaq. Fanou\u0161ci zna\u010dky jej vybrali prost\u0159ednictv\u00edm online hlasov\u00e1n\u00ed. Kylaq se za\u0159ad\u00ed pod SUV Kushaq a stane se nov\u00fdm z\u00e1kladn\u00edm modelem v m\u00edstn\u00ed nab\u00eddce koncernu VW, a to jak velikost\u00ed, tak cenou.<\/strong><!--more--><\/p>\n<div class=\"ogm-container _6231b388c0086990921bf42b\">\n<div class=\"g_gF\" data-e2e=\"ogm-article-layout\">\n<article class=\"g_gH\" role=\"article\" aria-labelledby=\"accessibility-article\">\n<div class=\"g_gG\" data-dot=\"ogm-article-content\">\n<div class=\"e_d8 e_ej\">\n<div class=\"e_aY speakable\" data-dot=\"mol-paragraph\">\n<p>N\u00e1zev odpov\u00edd\u00e1 tradi\u010dn\u00edmu \u0161kodov\u00e1ck\u00e9mu zna\u010den\u00ed SUV se spalovac\u00edmi motory, za\u010d\u00edn\u00e1 tedy na \u201ek\u201c a\u00a0kon\u010d\u00ed na \u201eq\u201c. Je odvozen ze sanskrtsk\u00e9ho slova pro k\u0159i\u0161\u0165\u00e1l.<\/p>\n<p class=\"c_aY\"><span class=\"c_ew\">Automobilka pro tento \u00fa\u010del registrovala v\u00edce n\u00e1zv\u016f, v\u010detn\u011b nap\u0159. kwiqu, kymaqu, kariqu \u010di kyroqu.<\/span><\/p>\n<\/div>\n<div class=\"e_a8\" data-dot=\"mol-embed\">\n<div class=\"c_bc c_h c_j mol-embed__iframe\"><iframe loading=\"lazy\" class=\"c_l\" src=\"https:\/\/www.youtube.com\/embed\/MJG9S36OfQg?si=Gik_ajSKlBrMvRnO\" name=\"https:\/\/www.youtube.com\/embed\/MJG9S36OfQg?si=Gik_ajSKlBrMvRnO\" width=\"560\" height=\"315\" sandbox=\"allow-same-origin allow-scripts allow-popups\" allowfullscreen=\"allowfullscreen\" data-mce-fragment=\"1\"><\/iframe><\/div>\n<\/div>\n<div class=\"e_aY speakable\" data-dot=\"mol-paragraph\">\n<p class=\"c_aY\"><span class=\"c_ew\">\u0160koda Kylaq, je\u0161t\u011b beze jm\u00e9na, byla poodhalena v\u00a0\u00fanoru prost\u0159ednictv\u00edm skici p\u0159\u00edd\u011b, v\u00a0nejnov\u011bj\u0161\u00ed upout\u00e1vce odhaluje sv\u016fj profil. SUV bude prvn\u00edm indick\u00fdm modelem s\u00a0designov\u00fdm jazykem \u0160koda Modern Solid se zv\u00fdrazn\u011bn\u00fdm podpisem LED osv\u011btlen\u00ed. Novinka doraz\u00ed na indick\u00fd trh na za\u010d\u00e1tku p\u0159\u00ed\u0161t\u00edho roku.<\/span><\/p>\n<p>Zdroj: novinky.cz, \u0160koda Auto<\/p>\n<\/div>\n<\/div>\n<\/div>\n<\/article>\n<\/div>\n<\/div>\n","protected":false},"excerpt":{"rendered":"<p>Budouc\u00ed mal\u00e9 SUV zna\u010dky \u0160koda pro indick\u00fd trh m\u00e1 jm\u00e9no Kylaq. Fanou\u0161ci zna\u010dky jej vybrali&#8230;<\/p>\n","protected":false},"author":1,"featured_media":6618,"comment_status":"closed","ping_status":"closed","sticky":false,"template":"","format":"standard","meta":{"footnotes":""},"categories":[36,31,66],"tags":[],"class_list":["post-6615","post","type-post","status-publish","format-standard","has-post-thumbnail","hentry","category-marketing","category-news","category-video"],"_links":{"self":[{"href":"https:\/\/www.automakers.cz\/index.php?rest_route=\/wp\/v2\/posts\/6615","targetHints":{"allow":["GET"]}}],"collection":[{"href":"https:\/\/www.automakers.cz\/index.php?rest_route=\/wp\/v2\/posts"}],"about":[{"href":"https:\/\/www.automakers.cz\/index.php?rest_route=\/wp\/v2\/types\/post"}],"author":[{"embeddable":true,"href":"https:\/\/www.automakers.cz\/index.php?rest_route=\/wp\/v2\/users\/1"}],"replies":[{"embeddable":true,"href":"https:\/\/www.automakers.cz\/index.php?rest_route=%2Fwp%2Fv2%2Fcomments&post=6615"}],"version-history":[{"count":4,"href":"https:\/\/www.automakers.cz\/index.php?rest_route=\/wp\/v2\/posts\/6615\/revisions"}],"predecessor-version":[{"id":6620,"href":"https:\/\/www.automakers.cz\/index.php?rest_route=\/wp\/v2\/posts\/6615\/revisions\/6620"}],"wp:featuredmedia":[{"embeddable":true,"href":"https:\/\/www.automakers.cz\/index.php?rest_route=\/wp\/v2\/media\/6618"}],"wp:attachment":[{"href":"https:\/\/www.automakers.cz\/index.php?rest_route=%2Fwp%2Fv2%2Fmedia&parent=6615"}],"wp:term":[{"taxonomy":"category","embeddable":true,"href":"https:\/\/www.automakers.cz\/index.php?rest_route=%2Fwp%2Fv2%2Fcategories&post=6615"},{"taxonomy":"post_tag","embeddable":true,"href":"https:\/\/www.automakers.cz\/index.php?rest_route=%2Fwp%2Fv2%2Ftags&post=6615"}],"curies":[{"name":"wp","href":"https:\/\/api.w.org\/{rel}","templated":true}]}}