{"id":6622,"date":"2024-08-23T08:38:58","date_gmt":"2024-08-23T08:38:58","guid":{"rendered":"https:\/\/www.automakers.cz\/?p=6622"},"modified":"2024-08-23T08:38:58","modified_gmt":"2024-08-23T08:38:58","slug":"startuje-anketa-auto-roku-2025-v-cr","status":"publish","type":"post","link":"https:\/\/www.automakers.cz\/?p=6622","title":{"rendered":"Startuje Anketa Auto roku 2025 v \u010cR"},"content":{"rendered":"<p><strong>Svaz dovozc\u016f automobil\u016f sestavoval p\u0159es l\u00e9to novin\u00e1\u0159skou anketn\u00ed porotu. O dr\u017eiteli presti\u017en\u00edho ocen\u011bn\u00ed Auto roku v \u010cesk\u00e9 republice pro rok 2025 rozhodne dvaceti\u010dlenn\u00fd sbor slo\u017een\u00fd z \u010desk\u00fdch motoristick\u00fdch novin\u00e1\u0159\u016f. V\u00edt\u011bze budeme <\/strong><strong>zn\u00e1t 4. \u00fanora 2025.<\/strong><!--more--><\/p>\n<p>31. ro\u010dn\u00edk ankety startuje ozn\u00e1men\u00edm slo\u017een\u00ed odborn\u00e9 poroty, kter\u00e1 bude v prvn\u00edm kole rozhodovat nejprve o finalistech a n\u00e1sledn\u011b ve druh\u00e9m kole o celkov\u00e9m v\u00edt\u011bzi, kter\u00fd se bude moci py\u0161nit titulem Auto roku 2025 v \u010cesk\u00e9 republice. Porotu tvo\u0159\u00ed dvacet \u010desk\u00fdch motoristick\u00fdch novin\u00e1\u0159\u016f p\u016fsob\u00edc\u00edch v ti\u0161t\u011bn\u00fdch m\u00e9di\u00edch, rozhlasov\u00fdch i TV stanic\u00edch a internetov\u00fdch medi\u00edch, kte\u0159\u00ed p\u0159ijali nominaci ze strany SDA, vyhla\u0161ovatele ankety.<\/p>\n<p>Nov\u00e1\u010dkem poroty je youtuber a influencer Ond\u0159ej Hrube\u0161. Uz\u00e1v\u011brka nominac\u00ed voz\u016f usiluj\u00edc\u00edch o titul Auto roku 2025 v \u010cesk\u00e9 republice je 27. listopadu, kdy se kon\u00e1 prvn\u00ed kolo j\u00edzd. Finalist\u00e9 ankety budou vyhl\u00e1\u0161eni 10. prosince a celkov\u00fd v\u00edt\u011bz ankety bude ozn\u00e1men p\u0159i slavnostn\u00edm vyhl\u00e1\u0161en\u00ed 4. \u00fanora 2025.<\/p>\n<p><strong>Porotci ankety Auto roku 2025 v \u010cesk\u00e9 republice <\/strong><br \/>\nB\u011aHAL Ond\u0159ej<br \/>\nBUSTA Michal<br \/>\nDITTRICH Luk\u00e1\u0161<br \/>\nHANKE Petr<br \/>\nHOLE\u010cEK Petr<br \/>\nHRUBE\u0160 Ond\u0159ej<br \/>\nHYAN Tom\u00e1\u0161<br \/>\nK\u00c1\u0147A Leo\u0161<br \/>\nKOLMAN Stanislav<br \/>\nKV\u00c1\u0160OV\u00c1 Sabina<br \/>\nLA\u017dANSK\u00dd Milan<br \/>\nMAJURN\u00cdK Jan<br \/>\nMI\u010cKA Jan<br \/>\nM\u00dcLLER Martin<br \/>\nPEC\u00c1K Radek<br \/>\nREJLEK Jakub<br \/>\nRYBECK\u00dd Vladim\u00edr<br \/>\n\u0160IDL\u00c1K Martin<br \/>\nSRPOV\u00c1 Eva<br \/>\nTOM\u00cd\u0160EK Marek<\/p>\n<p><strong>REDAKCE V POROT\u011a<\/strong><\/p>\n<p>Autosalon.tv<br \/>\nBusiness Car<br \/>\nAutosalon.tv<br \/>\nAutomobil Revue<br \/>\nMetro \/ idnes.cz<br \/>\nhrubis.cz<br \/>\nTH Auto<br \/>\nSv\u011bt motor\u016f<br \/>\nGar\u00e1\u017e.cz<br \/>\n\u017dena v aut\u011b<br \/>\nNovinky.cz<br \/>\nGar\u00e1\u017e.cz<br \/>\nAutorevue.cz<br \/>\nMM Automotive<br \/>\nDen\u00edk.cz<br \/>\nAuto moto sv\u011bt \/ Faster<br \/>\nAutoweek<br \/>\nFlotila<br \/>\nHospod\u00e1\u0159sk\u00e9 noviny<br \/>\nfdrive.cz<\/p>\n<figure id=\"attachment_4203\" aria-describedby=\"caption-attachment-4203\" style=\"width: 900px\" class=\"wp-caption alignnone\"><img loading=\"lazy\" decoding=\"async\" class=\"size-medium wp-image-4203\" src=\"http:\/\/www.automakers.cz\/wp-content\/uploads\/2024\/05\/SDA-AR-pracovni-skupina-2024-Pokorny-900x675.jpg\" alt=\"\" width=\"900\" height=\"675\" srcset=\"https:\/\/www.automakers.cz\/wp-content\/uploads\/2024\/05\/SDA-AR-pracovni-skupina-2024-Pokorny-900x675.jpg 900w, https:\/\/www.automakers.cz\/wp-content\/uploads\/2024\/05\/SDA-AR-pracovni-skupina-2024-Pokorny-1024x768.jpg 1024w, https:\/\/www.automakers.cz\/wp-content\/uploads\/2024\/05\/SDA-AR-pracovni-skupina-2024-Pokorny-768x576.jpg 768w, https:\/\/www.automakers.cz\/wp-content\/uploads\/2024\/05\/SDA-AR-pracovni-skupina-2024-Pokorny-1536x1152.jpg 1536w, https:\/\/www.automakers.cz\/wp-content\/uploads\/2024\/05\/SDA-AR-pracovni-skupina-2024-Pokorny.jpg 2040w\" sizes=\"auto, (max-width: 900px) 100vw, 900px\" \/><figcaption id=\"caption-attachment-4203\" class=\"wp-caption-text\">Porotu navrhla pracovn\u00ed skupina SDA ve slo\u017een\u00ed Josef Pokorn\u00fd, Michal Busta, Petr Hor\u00e1k, Karel Ber\u00e1nek, Vlado Rybeck\u00fd, Tom Hyan a Erich Handl<\/figcaption><\/figure>\n","protected":false},"excerpt":{"rendered":"<p>Svaz dovozc\u016f automobil\u016f sestavoval p\u0159es l\u00e9to novin\u00e1\u0159skou anketn\u00ed porotu. O dr\u017eiteli presti\u017en\u00edho ocen\u011bn\u00ed Auto roku&#8230;<\/p>\n","protected":false},"author":1,"featured_media":6623,"comment_status":"closed","ping_status":"closed","sticky":false,"template":"","format":"standard","meta":{"footnotes":""},"categories":[32,27],"tags":[],"class_list":["post-6622","post","type-post","status-publish","format-standard","has-post-thumbnail","hentry","category-ankety","category-novinari"],"_links":{"self":[{"href":"https:\/\/www.automakers.cz\/index.php?rest_route=\/wp\/v2\/posts\/6622","targetHints":{"allow":["GET"]}}],"collection":[{"href":"https:\/\/www.automakers.cz\/index.php?rest_route=\/wp\/v2\/posts"}],"about":[{"href":"https:\/\/www.automakers.cz\/index.php?rest_route=\/wp\/v2\/types\/post"}],"author":[{"embeddable":true,"href":"https:\/\/www.automakers.cz\/index.php?rest_route=\/wp\/v2\/users\/1"}],"replies":[{"embeddable":true,"href":"https:\/\/www.automakers.cz\/index.php?rest_route=%2Fwp%2Fv2%2Fcomments&post=6622"}],"version-history":[{"count":2,"href":"https:\/\/www.automakers.cz\/index.php?rest_route=\/wp\/v2\/posts\/6622\/revisions"}],"predecessor-version":[{"id":6625,"href":"https:\/\/www.automakers.cz\/index.php?rest_route=\/wp\/v2\/posts\/6622\/revisions\/6625"}],"wp:featuredmedia":[{"embeddable":true,"href":"https:\/\/www.automakers.cz\/index.php?rest_route=\/wp\/v2\/media\/6623"}],"wp:attachment":[{"href":"https:\/\/www.automakers.cz\/index.php?rest_route=%2Fwp%2Fv2%2Fmedia&parent=6622"}],"wp:term":[{"taxonomy":"category","embeddable":true,"href":"https:\/\/www.automakers.cz\/index.php?rest_route=%2Fwp%2Fv2%2Fcategories&post=6622"},{"taxonomy":"post_tag","embeddable":true,"href":"https:\/\/www.automakers.cz\/index.php?rest_route=%2Fwp%2Fv2%2Ftags&post=6622"}],"curies":[{"name":"wp","href":"https:\/\/api.w.org\/{rel}","templated":true}]}}