{"id":6634,"date":"2024-08-25T19:58:09","date_gmt":"2024-08-25T19:58:09","guid":{"rendered":"https:\/\/www.automakers.cz\/?p=6634"},"modified":"2024-08-25T20:01:01","modified_gmt":"2024-08-25T20:01:01","slug":"hn-stat-rozsiri-dotace-na-elektromobily","status":"publish","type":"post","link":"https:\/\/www.automakers.cz\/?p=6634","title":{"rendered":"HN: MPO roz\u0161\u00ed\u0159\u00ed dotace na elektromobily"},"content":{"rendered":"<p class=\"c_aY g_gv speakable\" data-dot=\"ogm-article-perex\"><strong>Ministerstvo pr\u016fmyslu a obchodu podpo\u0159\u00ed dotacemi na n\u00e1kup elektromobilu pro firmy a \u017eivnostn\u00edky v\u00edce ne\u017e p\u016fvodn\u011b pl\u00e1novan\u00fdch \u010dty\u0159i tis\u00edce vozidel. Podle upraven\u00e9 v\u00fdzvy to z \u010d\u00e1stky dvou miliard korun m\u016f\u017ee b\u00fdt a\u017e 6500 vozidel, p\u00ed\u0161\u00ed HN. Na podporu dob\u00edje\u010dek ale zbude m\u00e9n\u011b.<\/strong><br \/>\n<!--more--><\/p>\n<p class=\"c_aY g_gv speakable\" data-dot=\"ogm-article-perex\"><span class=\"c_ew\">Kdy\u017e ministerstvo pr\u016fmyslu a obchodu letos v b\u0159eznu spou\u0161t\u011blo dotace na po\u0159\u00edzen\u00ed elektromobil\u016f pro podnikatele, avizovalo, \u017ee podpo\u0159\u00ed n\u00e1kup celkem 4055 bezemisn\u00edch vozidel. <\/span><\/p>\n<p class=\"c_aY g_gv speakable\" data-dot=\"ogm-article-perex\"><span class=\"c_ew\">Za p\u011bt m\u011bs\u00edc\u016f p\u0159ijala N\u00e1rodn\u00ed rozvojov\u00e1 banka (NRB), kter\u00e1 m\u00e1 dota\u010dn\u00ed v\u00fdzvu na starosti, celkem 3590 \u017e\u00e1dost\u00ed o dotaci na celkem 3862 vozidel.<\/span><\/p>\n<div class=\"ogm-container _6231b388c0086990921bf42b\">\n<div class=\"g_gF\" data-e2e=\"ogm-article-layout\">\n<article class=\"g_gH\" role=\"article\" aria-labelledby=\"accessibility-article\">\n<div class=\"g_gG\" data-dot=\"ogm-article-content\">\n<div class=\"e_d8 e_ej\">\n<div class=\"e_aY speakable\" data-dot=\"mol-paragraph\">\n<p class=\"c_aY\"><span class=\"c_ew\">Dotace k\u00a0zaru\u010den\u00e9mu \u00fav\u011bru na jedno osobn\u00ed elektrick\u00e9 auto \u010din\u00ed 200\u00a0tis\u00edc korun, na dod\u00e1vky a\u017e 300\u00a0tis\u00edc K\u010d.<\/span><\/p>\n<\/div>\n<div class=\"e_eV\"><span class=\"c_ew\">Mohlo by se zd\u00e1t, \u017ee nachystan\u00e9 pen\u00edze brzy dojdou. Nen\u00ed tomu ale tak, ministerstvo p\u016fvodn\u00ed pl\u00e1n zm\u011bnilo, napsaly Hospod\u00e1\u0159sk\u00e9 noviny. Podpo\u0159en\u00fdch aut nakonec bude v\u00edc.<\/span><\/div>\n<div><\/div>\n<div><strong>M\u00e9n\u011b pen\u011bz na dob\u00edje\u010dky<\/strong><\/div>\n<div class=\"e_fF js-ad e_a1\">\n<div class=\"e_eV\"><\/div>\n<div class=\"e_eV\"><span class=\"c_ew\">\u201eAlokace p\u016fvodn\u00ed v\u00fdzvy \u010din\u00ed celkem 1,95\u00a0miliardy korun. Z\u00a0toho je 1,65\u00a0miliardy na podporu n\u00e1kupu elektrick\u00fdch vozidel a\u00a0300\u00a0milion\u016f korun na po\u0159\u00edzen\u00ed a\u00a0v\u00fdstavbu dob\u00edjec\u00edch stanic. V\u00a0jej\u00ed aktualizaci u\u017e nebudeme 1,95\u00a0miliardy d\u011blit na auta a\u00a0dob\u00edjec\u00ed stanice,\u201c potvrdila Novink\u00e1m mluv\u010d\u00ed resortu Milu\u0161e Trefancov\u00e1.<\/span><\/div>\n<div><\/div>\n<div><span class=\"c_ew\">Podle odhadu NRB by tak program mohl podpo\u0159it a\u017e 6500\u00a0vozidel.<\/span><\/div>\n<\/div>\n<div class=\"e_aY speakable\" data-dot=\"mol-paragraph\">\n<p><img loading=\"lazy\" decoding=\"async\" class=\"size-medium wp-image-1054\" src=\"http:\/\/www.automakers.cz\/wp-content\/uploads\/2023\/12\/CEZ_nejvykonnejsi-dobijeci-stanice-pro-elektromobily-900x669.jpg\" alt=\"\" width=\"900\" height=\"669\" \/><\/p>\n<\/div>\n<div class=\"e_aY speakable\" data-dot=\"mol-paragraph\">\n<p class=\"c_aY\"><span class=\"c_ew\"><strong>Zdroj: HN, novinky.cz<\/strong><br \/>\n<\/span><\/p>\n<\/div>\n<\/div>\n<\/div>\n<\/article>\n<\/div>\n<\/div>\n","protected":false},"excerpt":{"rendered":"<p>Ministerstvo pr\u016fmyslu a obchodu podpo\u0159\u00ed dotacemi na n\u00e1kup elektromobilu pro firmy a \u017eivnostn\u00edky v\u00edce ne\u017e&#8230;<\/p>\n","protected":false},"author":1,"featured_media":395,"comment_status":"closed","ping_status":"closed","sticky":false,"template":"","format":"standard","meta":{"footnotes":""},"categories":[9,25,31],"tags":[],"class_list":["post-6634","post","type-post","status-publish","format-standard","has-post-thumbnail","hentry","category-elektromobily","category-legislativa","category-news"],"_links":{"self":[{"href":"https:\/\/www.automakers.cz\/index.php?rest_route=\/wp\/v2\/posts\/6634","targetHints":{"allow":["GET"]}}],"collection":[{"href":"https:\/\/www.automakers.cz\/index.php?rest_route=\/wp\/v2\/posts"}],"about":[{"href":"https:\/\/www.automakers.cz\/index.php?rest_route=\/wp\/v2\/types\/post"}],"author":[{"embeddable":true,"href":"https:\/\/www.automakers.cz\/index.php?rest_route=\/wp\/v2\/users\/1"}],"replies":[{"embeddable":true,"href":"https:\/\/www.automakers.cz\/index.php?rest_route=%2Fwp%2Fv2%2Fcomments&post=6634"}],"version-history":[{"count":6,"href":"https:\/\/www.automakers.cz\/index.php?rest_route=\/wp\/v2\/posts\/6634\/revisions"}],"predecessor-version":[{"id":6636,"href":"https:\/\/www.automakers.cz\/index.php?rest_route=\/wp\/v2\/posts\/6634\/revisions\/6636"}],"wp:featuredmedia":[{"embeddable":true,"href":"https:\/\/www.automakers.cz\/index.php?rest_route=\/wp\/v2\/media\/395"}],"wp:attachment":[{"href":"https:\/\/www.automakers.cz\/index.php?rest_route=%2Fwp%2Fv2%2Fmedia&parent=6634"}],"wp:term":[{"taxonomy":"category","embeddable":true,"href":"https:\/\/www.automakers.cz\/index.php?rest_route=%2Fwp%2Fv2%2Fcategories&post=6634"},{"taxonomy":"post_tag","embeddable":true,"href":"https:\/\/www.automakers.cz\/index.php?rest_route=%2Fwp%2Fv2%2Ftags&post=6634"}],"curies":[{"name":"wp","href":"https:\/\/api.w.org\/{rel}","templated":true}]}}