{"id":6642,"date":"2024-08-26T08:03:18","date_gmt":"2024-08-26T08:03:18","guid":{"rendered":"https:\/\/www.automakers.cz\/?p=6642"},"modified":"2024-08-26T08:46:36","modified_gmt":"2024-08-26T08:46:36","slug":"macik-ambasadorem-czech-truck-prix-2024","status":"publish","type":"post","link":"https:\/\/www.automakers.cz\/?p=6642","title":{"rendered":"Mac\u00edk ambasadorem Czech Truck Prix 2024"},"content":{"rendered":"<p><b>Autodrom Most p\u0159edstavil na p\u00e1te\u010dn\u00ed tiskov\u00e9 konferenci Martina Mac\u00edka jako ambasadora nadch\u00e1zej\u00edc\u00edho ro\u010dn\u00edku Czech Truck Prix 2024, kter\u00fd se uskute\u010dn\u00ed o posledn\u00edm srpnov\u00e9m v\u00edkendu (30\/08\u20131\/09). O pl\u00e1nech na p\u0159\u00ed\u0161t\u00ed sez\u00f3nu hovo\u0159il gener\u00e1ln\u00ed \u0159editel Autodromu Most Josef Zaj\u00ed\u010dek.<\/b><!--more--><\/p>\n<p>Josef Zaj\u00ed\u010dek b\u011bhem konference p\u0159edstavil novinky k nadch\u00e1zej\u00edc\u00edmu 32. ro\u010dn\u00edku Czech Truck Prix, kter\u00fd se stal jedn\u00edm z\u00a0velk\u00fdch tradi\u010dn\u00edch motoristick\u00fdch podnik\u016f v \u010cesk\u00e9 republice.<\/p>\n<figure id=\"attachment_6659\" aria-describedby=\"caption-attachment-6659\" style=\"width: 900px\" class=\"wp-caption alignnone\"><img loading=\"lazy\" decoding=\"async\" class=\"size-medium wp-image-6659\" src=\"http:\/\/www.automakers.cz\/wp-content\/uploads\/2024\/08\/Autodrom-Most-TK-Zajicek-Laube-900x506.jpg\" alt=\"\" width=\"900\" height=\"506\" srcset=\"https:\/\/www.automakers.cz\/wp-content\/uploads\/2024\/08\/Autodrom-Most-TK-Zajicek-Laube-900x506.jpg 900w, https:\/\/www.automakers.cz\/wp-content\/uploads\/2024\/08\/Autodrom-Most-TK-Zajicek-Laube-768x432.jpg 768w, https:\/\/www.automakers.cz\/wp-content\/uploads\/2024\/08\/Autodrom-Most-TK-Zajicek-Laube.jpg 1024w\" sizes=\"auto, (max-width: 900px) 100vw, 900px\" \/><figcaption id=\"caption-attachment-6659\" class=\"wp-caption-text\">TK Autodrom, 23. 8. 2024; Praha, FOTO: Lud\u011bk Kortus<\/figcaption><\/figure>\n<p><i><strong>\u201e\u010ce\u0161t\u00ed fanou\u0161ci budou letos moct fandit Martinu Doubkovi v NASCARech. Intenzivn\u011b v\u0161ak pracujeme tak\u00e9 na tom, aby se p\u0159\u00ed\u0161t\u00ed rok \u010desk\u00fd pilot op\u011bt objevil mezi trucky,\u201c\u00a0ujistil p\u0159\u00edtomn\u00e9 Josef Zaj\u00ed\u010dek, za po\u0159\u00e1daj\u00edc\u00ed spolek AMK Most.<\/strong><\/i><\/p>\n<p>Jedn\u00edm z hlavn\u00edch tah\u00e1k\u016f leto\u0161n\u00edho Czech Truck Prix bude \u010desk\u00fd jezdec\u00a0<strong>Martin Doubek<\/strong>, v\u00edt\u011bz EuroNASCAR 2 z roku 2021. P\u0159ed dom\u00e1c\u00edm publikem\u00a0<strong>nastoup\u00ed jako l\u00eddr \u0161ampion\u00e1tu<\/strong>\u00a0ve t\u0159\u00edd\u011b EuroNASCAR 2, kde po p\u0159edchoz\u00edch \u00fasp\u011b\u0161\u00edch pat\u0159\u00ed k hlavn\u00edm favorit\u016fm z\u00e1vodu.<\/p>\n<p>To nebude, ale zdaleka v\u0161e na co se mohou t\u011b\u0161it \u010de\u0161t\u00ed fanou\u0161ci.\u00a0<strong>Roli ambasadora Czech Truck Prix 2024 p\u0159ijal Martin Mac\u00edk<\/strong>, v\u00edt\u011bz Dakar Rally, kter\u00fd se aktivn\u011b zapoj\u00ed do cel\u00e9 akce.<\/p>\n<p><i>\u201eJe mi ct\u00ed b\u00fdt sou\u010d\u00e1st\u00ed \u010desk\u00e9ho z\u00e1vodu s\u00a0tak bohatou a\u00a0v\u00edce ne\u017e t\u0159icetiletou tradic\u00ed. T\u011b\u0161\u00edm se na setk\u00e1n\u00ed s fanou\u0161ky a tak\u00e9 na ned\u011bln\u00ed j\u00edzdu, kdy si budu moct vyzkou\u0161et jeden ze z\u00e1vodn\u00edch truck\u016f p\u0159\u00edmo na dr\u00e1ze,\u201c<\/i> \u0159ekl Mac\u00edk, kter\u00e9ho v ned\u011bli \u010dek\u00e1 exhibi\u010dn\u00ed j\u00edzda se z\u00e1vodn\u00edm Ivecem Steffi Halm.<\/p>\n<p><strong>Jeho \u00fa\u010dast na Czech Truck Prix by v\u0161ak nem\u011bla skon\u010dit z\u00e1vodn\u00edm v\u00edkendem<\/strong>. Prob\u00edhaj\u00ed diskuze i o dal\u0161\u00edm testov\u00e1n\u00ed na ja\u0159e, kter\u00e9 by m\u011blo vy\u00fastit v\u00a0Mac\u00edk\u016fv start na Czech Truck Prix 2025. Na fin\u00e1ln\u00ed rozhodnut\u00ed si v\u0161ak fanou\u0161ci budou muset je\u0161t\u011b n\u011bjak\u00fd \u010das po\u010dkat.<\/p>\n<p><img loading=\"lazy\" decoding=\"async\" class=\"alignnone size-medium wp-image-6645\" src=\"http:\/\/www.automakers.cz\/wp-content\/uploads\/2024\/08\/Czech-Truck-Prix-900x600.jpg\" alt=\"\" width=\"900\" height=\"600\" \/><b>Autodrom Most: Sez\u00f3na 2025<\/b><\/p>\n<p>Na tiskov\u00e9 konferenci zazn\u011bly tak\u00e9 informace<strong>\u00a0k\u00a0sez\u00f3n\u011b 2025, na kterou Autodrom Most pl\u00e1nuje dal\u0161\u00ed \u00fapravy<\/strong>. P\u016fjde o dal\u0161\u00ed vylep\u0161en\u00ed bezpe\u010dnosti, stavbu nov\u00e9ho Medical Centra, ale i o nov\u00e9 \u010d\u00e1sti asfaltov\u00e9ho povrchu v\u00a0nejv\u00edce nam\u00e1han\u00fdch \u010d\u00e1stech dr\u00e1hy. Krom\u011b toho Zaj\u00ed\u010dek informoval tak\u00e9 o\u00a0<strong>pokra\u010duj\u00edc\u00edch jedn\u00e1n\u00edch mezi AMK Most a spole\u010dnost\u00ed Dorna ohledn\u011b prodlou\u017een\u00ed smlouvy na po\u0159\u00e1d\u00e1n\u00ed mistrovstv\u00ed sv\u011bta WorldSBK.<\/strong>\u00a0Podnik letos zaznamenal rekordn\u00ed, bezm\u00e1la \u0161edes\u00e1titis\u00edcovou n\u00e1v\u0161t\u011bvnost, a smlouva je podeps\u00e1na do roku 2025.<\/p>\n<p><i>\u201eBudujeme tradici a je vid\u011bt, \u017ee div\u00e1ci se k\u00a0n\u00e1m r\u00e1di vracej\u00ed. Jedn\u00e1n\u00ed jsou na dobr\u00e9 cest\u011b, z\u00e1jem o pokra\u010dov\u00e1n\u00ed je z\u00a0obou stran a v\u011b\u0159\u00edme, \u017ee brzy dosp\u011bjeme k dohod\u011b, kter\u00e1 zajist\u00ed pokra\u010dov\u00e1n\u00ed WorldSBK na mosteck\u00e9m autodromu,\u201c\u00a0<\/i>uvedla Jana Svobodov\u00e1, p\u0159edsedkyn\u011b po\u0159\u00e1daj\u00edc\u00edho spolku AMK Most, kter\u00e1 tak\u00e9 pod\u011bkovala za podporu N\u00e1rodn\u00ed sportovn\u00ed agentu\u0159e a agentu\u0159e CzechTourism.<\/p>\n<p><img loading=\"lazy\" decoding=\"async\" class=\"alignnone size-medium wp-image-6649\" src=\"http:\/\/www.automakers.cz\/wp-content\/uploads\/2024\/08\/Autodrom-kamion-Czech-Republic-900x600.jpg\" alt=\"\" width=\"900\" height=\"600\" \/><b>Czech Truck Prix 2024<\/b><\/p>\n<p>Adrenalinov\u00fd v\u00edkend odstartuje u\u017e ve \u010dtvrtek 29. srpna, kdy je na programu\u00a0<b>spanil\u00e1 j\u00edzda z\u00e1vodn\u00edch stroj\u016f do centra Mostu.<\/b><\/p>\n<p><u><strong><a href=\"https:\/\/autodrom-mostcz.t.mailkit.eu\/PfNybCUAqgKuAmQoKhRkaWRfdABlaWRfbGFqODM0MTE3MDg3MQURQGcAYmdhAWZpZF9tc2cg0ZYIARYUdWwgotcFARVcc21kazE5NTI4NDY5NjkwY2NpZGQ5NTQ3ASbwTGxwaTEzMjg1NjUxMmFhZWNsaWNrY2xvY2VkYXRhMWF1JytodHRwczovL3d3dy55b3V0dWJlLmNvbS93YXRjaD92PXhNQlJQWU42UkJ3AaTIZSDortyEA2NsX2MnJVZpZGVvOiBDemVjaCBUcnVjayBQcml4ICYgTkFTQ0FSIDIwMjNlAdRYdWsxMTQyODkwMjM1M2FlcmhhbmRsQGMBOcBuZXdzLmN6Z2lkX3NlbmQg-NbAAmJ0cyCfx6G2BmRjaGFuZWVtYWlsY2FpZGQxMTA1\/1QErz1TAX5gvuM0kHOE3VGs0-MytdJgzdpR2vr75Nf4\/click\" target=\"_blank\" rel=\"noopener\">Video: Czech Truck Prix &amp; NASCAR 2023<\/a><\/strong><\/u><\/p>\n<p>Na v\u00edkend pro div\u00e1ky je vedle samotn\u00fdch z\u00e1vod\u016f p\u0159ipraven tak\u00e9 bohat\u00fd\u00a0<b>doprovodn\u00fd program<\/b>, kter\u00fd je v\u00a0r\u00e1mci vstupn\u00e9ho zdarma a pot\u011b\u0161\u00ed ka\u017ed\u00e9ho \u010dlena rodiny. Milovn\u00edci adrenalinu mohou vyzkou\u0161et OFFROAD taxij\u00edzdy s vozy IVECO, zdokonalit sv\u00e9 \u0159idi\u010dsk\u00e9 um\u011bn\u00ed b\u011bhem uk\u00e1zkov\u00fdch kurz\u016f bezpe\u010dn\u00e9 j\u00edzdy na polygonu nebo zhl\u00e9dnout Dragster show. Na div\u00e1ky \u010dek\u00e1 i v\u00fdstava americk\u00fdch aut, vystoupen\u00ed DAKAR voz\u016f nebo autogrami\u00e1dy jezdc\u016f NASCAR i TRUCK. Po oba dny bude nav\u00edc pro\u00a0<b>div\u00e1ky zdarma i Grid Walk<\/b>\u2013 tedy jedine\u010dn\u00e1 mo\u017enost vstoupit p\u0159\u00edmo na startovn\u00ed ro\u0161t a z\u00a0bezprost\u0159edn\u00ed bl\u00edzkosti si prohl\u00e9dnout vozy i jezdce t\u011bsn\u011b p\u0159ed startem. Z\u00e1bavu pro celou rodinu pak na div\u00e1ck\u00e9m svahu zajist\u00ed rusk\u00e9 kolo, sk\u00e1kac\u00ed hrad, d\u011btsk\u00e9 sout\u011b\u017ee a herna v Auto Galerii.<\/p>\n<p>V ned\u011bli po skon\u010den\u00ed programu je pro z\u00e1jemce p\u0159ipraven spole\u010dn\u00fd\u00a0<b>b\u011bh po z\u00e1vodn\u00ed dr\u00e1ze<\/b>, kter\u00e9ho se m\u016f\u017ee z\u00fa\u010dastnit \u0161irok\u00e1 ve\u0159ejnost, a to i bez vstupenek.<\/p>\n<p>Zdroj: TK Autodrom<\/p>\n<p><a href=\"https:\/\/autodrom-mostcz.t.mailkit.eu\/PfNybCUAmQKsAmQoKhRkaWRfdABlaWRfbGFqODM0MTE3MDg3MgURQGcAYmdhAWZpZF9tc2cg0ZYIARYUdWwgotcFARV8c21kazE5NTI4NDY5NjkwY2NpZGQ5NTQ3YWFlY2xpY2sBLvBebHBpMTMyODU2NTEzY2xvY2VkYXRhMWF1JzpodHRwczovL3d3dy5hdXRvZHJvbS1tb3N0LmN6L2N6L2N6ZWNoLXRydWNrLXByaXgtbmFzY2FyLTEvZGlkX2Ug6K7chAMFY0x1azExNDI4OTAyMzU0Y2xfYycUd0pVACRhZXJoYW5kbEBjAVrAbmV3cy5jemdpZF9zZW5kIPjWwAJidHMgn8ehtgZkY2hhbmVlbWFpbGNhaWRkMTEwNQ\/n9ThKBj1ov4PuYCJbNh727QCcaWV7PJTyb-2QhpjaK8\/click\" target=\"_blank\" rel=\"noopener\">www.autodrom-most.cz<\/a><\/p>\n","protected":false},"excerpt":{"rendered":"<p>Autodrom Most p\u0159edstavil na p\u00e1te\u010dn\u00ed tiskov\u00e9 konferenci Martina Mac\u00edka jako ambasadora nadch\u00e1zej\u00edc\u00edho ro\u010dn\u00edku Czech Truck&#8230;<\/p>\n","protected":false},"author":1,"featured_media":6646,"comment_status":"closed","ping_status":"closed","sticky":false,"template":"","format":"standard","meta":{"footnotes":""},"categories":[19,20],"tags":[],"class_list":["post-6642","post","type-post","status-publish","format-standard","has-post-thumbnail","hentry","category-motorsport","category-tiskovky"],"_links":{"self":[{"href":"https:\/\/www.automakers.cz\/index.php?rest_route=\/wp\/v2\/posts\/6642","targetHints":{"allow":["GET"]}}],"collection":[{"href":"https:\/\/www.automakers.cz\/index.php?rest_route=\/wp\/v2\/posts"}],"about":[{"href":"https:\/\/www.automakers.cz\/index.php?rest_route=\/wp\/v2\/types\/post"}],"author":[{"embeddable":true,"href":"https:\/\/www.automakers.cz\/index.php?rest_route=\/wp\/v2\/users\/1"}],"replies":[{"embeddable":true,"href":"https:\/\/www.automakers.cz\/index.php?rest_route=%2Fwp%2Fv2%2Fcomments&post=6642"}],"version-history":[{"count":6,"href":"https:\/\/www.automakers.cz\/index.php?rest_route=\/wp\/v2\/posts\/6642\/revisions"}],"predecessor-version":[{"id":6660,"href":"https:\/\/www.automakers.cz\/index.php?rest_route=\/wp\/v2\/posts\/6642\/revisions\/6660"}],"wp:featuredmedia":[{"embeddable":true,"href":"https:\/\/www.automakers.cz\/index.php?rest_route=\/wp\/v2\/media\/6646"}],"wp:attachment":[{"href":"https:\/\/www.automakers.cz\/index.php?rest_route=%2Fwp%2Fv2%2Fmedia&parent=6642"}],"wp:term":[{"taxonomy":"category","embeddable":true,"href":"https:\/\/www.automakers.cz\/index.php?rest_route=%2Fwp%2Fv2%2Fcategories&post=6642"},{"taxonomy":"post_tag","embeddable":true,"href":"https:\/\/www.automakers.cz\/index.php?rest_route=%2Fwp%2Fv2%2Ftags&post=6642"}],"curies":[{"name":"wp","href":"https:\/\/api.w.org\/{rel}","templated":true}]}}