{"id":6651,"date":"2024-08-26T08:30:25","date_gmt":"2024-08-26T08:30:25","guid":{"rendered":"https:\/\/www.automakers.cz\/?p=6651"},"modified":"2024-08-26T08:33:54","modified_gmt":"2024-08-26T08:33:54","slug":"peugeot-vyhral-tendr-na-auta-pro-dp-praha","status":"publish","type":"post","link":"https:\/\/www.automakers.cz\/?p=6651","title":{"rendered":"Peugeot vyhr\u00e1l tendr na auta pro DP Praha"},"content":{"rendered":"<p align=\"justify\"><span style=\"font-size: medium;\"><span lang=\"cs-CZ\"><b>Zna\u010dka Peugeot z\u00edskala ve\u0159ejnou zak\u00e1zku, v jej\u00edm\u017e r\u00e1mci do konce roku 2024 dod\u00e1 Dopravn\u00edmu podniku Hlavn\u00edho m\u011bsta Prahy (DPP) flotilu celkem 11 elektrick\u00fdch a plug-in hybridn\u00edch vozidel.<\/b><\/span><\/span><!--more--><\/p>\n<p align=\"justify\"><span style=\"font-size: medium;\"><span lang=\"cs-CZ\">Projekt zahrnuje dod\u00e1n\u00ed t\u0159\u00ed elektromobil\u016f Peugeot e-2008, \u010dty\u0159 plug-in hybridn\u00edch voz\u016f Peugeot 308 SW (emise CO<\/span><sub><span lang=\"cs-CZ\">2<\/span><\/sub><span lang=\"cs-CZ\"> 28-29 g\/km) a \u010dty\u0159 elektrick\u00fdch dod\u00e1vek e-Expert Combi. Realizaci zak\u00e1zky zaji\u0161\u0165uje pra\u017esk\u00fd koncesion\u00e1\u0159 zna\u010dky Peugeot, firma Federal Cars. <\/span><\/span><\/p>\n<p align=\"justify\">\u201e<span style=\"font-size: medium;\"><span lang=\"cs-CZ\"><i>Je pro n\u00e1s velkou ct\u00ed b\u00fdt partnerem p\u0159i t\u00e9to strategick\u00e9 iniciativ\u011b, kter\u00e1 se zam\u011b\u0159uje na ochranu \u017eivotn\u00edho prost\u0159ed\u00ed a zlep\u0161en\u00ed \u017eivotn\u00edch podm\u00ednek obyvatel m\u011bsta. Jsme p\u0159esv\u011bd\u010deni, \u017ee elektrifikace vozov\u00e9ho parku, p\u0159edev\u0161\u00edm v segmentech, kde m\u00e1 toto \u0159e\u0161en\u00ed smyslupln\u00e9 a efektivn\u00ed vyu\u017eit\u00ed, je spr\u00e1vnou cestou k dosa\u017een\u00ed dlouhodob\u011b udr\u017eiteln\u00e9 mobility. Tento krok podporuje aktu\u00e1ln\u00ed trendy v\u00a0oblasti dopravn\u00ed politiky a z\u00e1rove\u0148 demonstruje odhodl\u00e1n\u00ed zna\u010dky Peugeot p\u0159in\u00e1\u0161et inovativn\u00ed a ekologick\u00e1 \u0159e\u0161en\u00ed, kter\u00e1 maj\u00ed re\u00e1ln\u00fd dopad na zlep\u0161en\u00ed \u017eivotn\u00edho prost\u0159ed\u00ed v m\u011bstsk\u00fdch aglomerac\u00edch,\u201c <\/i><\/span><span lang=\"cs-CZ\">uvedl Roman Kraus, vedouc\u00ed fleetov\u00e9ho prodeje zna\u010dky Peugeot.<\/span><\/span><\/p>\n<figure id=\"attachment_6655\" aria-describedby=\"caption-attachment-6655\" style=\"width: 900px\" class=\"wp-caption alignnone\"><img loading=\"lazy\" decoding=\"async\" class=\"size-medium wp-image-6655\" src=\"http:\/\/www.automakers.cz\/wp-content\/uploads\/2024\/08\/Peugeot-Roman-Kraus-Pavel-Novotny-dpp3-900x836.jpg\" alt=\"\" width=\"900\" height=\"836\" \/><figcaption id=\"caption-attachment-6655\" class=\"wp-caption-text\">Roman Kraus, Pavel Novotn\u00fd<\/figcaption><\/figure>\n<p align=\"justify\"><span style=\"font-family: Times New Roman, serif;\"><span style=\"font-size: medium;\"><span style=\"font-family: Peugeot New, serif;\">Mezi ned\u00e1vn\u00e9 \u00fasp\u011bchy Peugeotu pat\u0159\u00ed nap\u0159\u00edklad i z\u00edsk\u00e1n\u00ed fleetov\u00e9 zak\u00e1zky na <\/span>29 elektromobil\u016f <span style=\"font-family: Peugeot New, serif;\">Peugeot e-2008 Zl\u00ednsk\u00e9mu kraji prost\u0159ednictv\u00edm koncesion\u00e1\u0159e Unicars.<\/span><\/span><\/span><\/p>\n<p align=\"justify\"><strong>Zdroj: Radka Matthey<\/strong><\/p>\n","protected":false},"excerpt":{"rendered":"<p>Zna\u010dka Peugeot z\u00edskala ve\u0159ejnou zak\u00e1zku, v jej\u00edm\u017e r\u00e1mci do konce roku 2024 dod\u00e1 Dopravn\u00edmu podniku&#8230;<\/p>\n","protected":false},"author":1,"featured_media":6654,"comment_status":"closed","ping_status":"closed","sticky":false,"template":"","format":"standard","meta":{"footnotes":""},"categories":[11,50],"tags":[],"class_list":["post-6651","post","type-post","status-publish","format-standard","has-post-thumbnail","hentry","category-importeri","category-zakazky"],"_links":{"self":[{"href":"https:\/\/www.automakers.cz\/index.php?rest_route=\/wp\/v2\/posts\/6651","targetHints":{"allow":["GET"]}}],"collection":[{"href":"https:\/\/www.automakers.cz\/index.php?rest_route=\/wp\/v2\/posts"}],"about":[{"href":"https:\/\/www.automakers.cz\/index.php?rest_route=\/wp\/v2\/types\/post"}],"author":[{"embeddable":true,"href":"https:\/\/www.automakers.cz\/index.php?rest_route=\/wp\/v2\/users\/1"}],"replies":[{"embeddable":true,"href":"https:\/\/www.automakers.cz\/index.php?rest_route=%2Fwp%2Fv2%2Fcomments&post=6651"}],"version-history":[{"count":5,"href":"https:\/\/www.automakers.cz\/index.php?rest_route=\/wp\/v2\/posts\/6651\/revisions"}],"predecessor-version":[{"id":6658,"href":"https:\/\/www.automakers.cz\/index.php?rest_route=\/wp\/v2\/posts\/6651\/revisions\/6658"}],"wp:featuredmedia":[{"embeddable":true,"href":"https:\/\/www.automakers.cz\/index.php?rest_route=\/wp\/v2\/media\/6654"}],"wp:attachment":[{"href":"https:\/\/www.automakers.cz\/index.php?rest_route=%2Fwp%2Fv2%2Fmedia&parent=6651"}],"wp:term":[{"taxonomy":"category","embeddable":true,"href":"https:\/\/www.automakers.cz\/index.php?rest_route=%2Fwp%2Fv2%2Fcategories&post=6651"},{"taxonomy":"post_tag","embeddable":true,"href":"https:\/\/www.automakers.cz\/index.php?rest_route=%2Fwp%2Fv2%2Ftags&post=6651"}],"curies":[{"name":"wp","href":"https:\/\/api.w.org\/{rel}","templated":true}]}}