{"id":6680,"date":"2024-08-27T10:55:29","date_gmt":"2024-08-27T10:55:29","guid":{"rendered":"https:\/\/www.automakers.cz\/?p=6680"},"modified":"2024-08-27T12:35:34","modified_gmt":"2024-08-27T12:35:34","slug":"kladenska-mhd-nasazuje-16-elektrobusu","status":"publish","type":"post","link":"https:\/\/www.automakers.cz\/?p=6680","title":{"rendered":"Kladensk\u00e1 MHD nasazuje 16 elektrobus\u016f"},"content":{"rendered":"<p class=\"western\" lang=\"en-GB\" align=\"justify\"><span style=\"font-family: Arial, serif;\"><span style=\"font-size: small;\"><span lang=\"cs-CZ\"><b>Do kladensk\u00fdch ulic vyj\u00ed\u017ed\u00ed 16 tich\u00fdch elektrobus\u016f za 232 milion\u016f korun a v \u010desk\u00e9m prost\u0159ed\u00ed maj\u00ed n\u011bkolik prvenstv\u00ed. Jde zat\u00edm o nejv\u011bt\u0161\u00ed jednor\u00e1zov\u00e9 po\u0159\u00edzen\u00ed elektrobus\u016f pro m\u011bstsk\u00fd provoz, polovina elektrobus\u016f je kloubov\u00e1 a dok\u00e1\u017ee tak p\u0159ev\u00e9zt v\u011bt\u0161\u00ed po\u010det cestuj\u00edc\u00edch ne\u017e obvykl\u00e9 vozy a unik\u00e1tn\u00ed je i dob\u00edjec\u00ed infrastruktura. <\/b><\/span><\/span><\/span><strong><!--more--><\/strong><\/p>\n<p class=\"western\" lang=\"en-GB\" align=\"justify\"><span style=\"font-family: Arial, serif;\"><span style=\"font-size: small;\"><span lang=\"cs-CZ\">Nejv\u011bt\u0161\u00ed are\u00e1l pro dob\u00edjen\u00ed elektrobus\u016f v \u010cech\u00e1ch \u010d\u00edt\u00e1 9 ultrarychl\u00fdch stojan\u016f a po\u010d\u00edt\u00e1 s dal\u0161\u00edm roz\u0161\u00ed\u0159en\u00edm sou\u010dasn\u00e9 flotily elektrick\u00fdch voz\u016f ve m\u011bst\u011b a okol\u00ed.<\/span><\/span><\/span><\/p>\n<p class=\"western\" lang=\"en-GB\" align=\"justify\"><span style=\"font-family: Arial, serif;\"><span style=\"font-size: small;\"><span lang=\"cs-CZ\">Provoz m\u011bstsk\u00e9 dopravy v\u00a0Kladn\u011b je u\u017e n\u011bkolik let ekologick\u00fd, zaji\u0161\u0165uj\u00ed ho autobusy na stla\u010den\u00fd zemn\u00ed plyn a dva elektrobusy, kter\u00e9 provozuje dopravce \u010cSAD MHD Kladno ze skupiny Arriva. K\u00a0t\u011bm sou\u010dasn\u00fdm, kter\u00e9 jezd\u00ed od l\u00e9ta 2021 na lince 610 p\u0159es centrum m\u011bsta, se na za\u010d\u00e1tku pr\u00e1zdnin postupn\u011b p\u0159idaly dal\u0161\u00ed elektrobusy. C\u00edlem m\u011bsta, dopravce a dal\u0161\u00edch partner\u016f je zaji\u0161t\u011bn\u00ed provozu MHD od roku 2030 jen elektrick\u00fdmi vozy. <\/span><\/span><\/span><\/p>\n<p class=\"western\" lang=\"en-GB\" align=\"justify\"><span style=\"font-family: Arial, serif;\"><span style=\"font-size: small;\"><span lang=\"cs-CZ\">Arriva d\u00edky evropsk\u00fdm fond\u016fm nakoupila 16 elektrobus\u016f zna\u010dky SOR NS electric, osm z\u00a0nich je v\u00a0obvykl\u00e9m 12metrov\u00e9m proveden\u00ed, druh\u00e1 polovina je v\u00a0prodlou\u017een\u00e9 kloubov\u00e9 verzi. \u201eV\u0161ech 16 elektrobus\u016f je n\u00edzkopodla\u017en\u00edch, cestuj\u00edc\u00edm se tak lehce nastupuje i vystupuje, vozy jsou klimatizovan\u00e9, maj\u00ed USB nab\u00edje\u010dky, WiFi p\u0159ipojen\u00ed, informa\u010dn\u00ed a kamerov\u00fd syst\u00e9m a pln\u00ed v\u0161echny po\u017eadavky kladensk\u00e9ho magistr\u00e1tu pro provoz na link\u00e1ch MHD,\u201c vypo\u010d\u00edt\u00e1v\u00e1 Daniel Adamka, gener\u00e1ln\u00ed \u0159editel Arrivy a pokra\u010duje: \u201eLetn\u00ed m\u011bs\u00edce jsme vyu\u017eili k\u00a0otestov\u00e1n\u00ed elektrobus\u016f, na\u0161i \u0159idi\u010di, dispe\u010de\u0159i, pracovn\u00edci servisu i pl\u00e1nova\u010di dopravy se sezn\u00e1mili s\u00a0dob\u00edjec\u00ed technologi\u00ed, ov\u011b\u0159ili jsme si, kolik dok\u00e1\u017eou elektrobusy re\u00e1ln\u011b najezdit kilometr\u016f mezi jednotliv\u00fdm nabit\u00edm bateri\u00ed a projeli jsme s\u00a0nimi v\u0161echny trasy po m\u011bst\u011b. Od z\u00e1\u0159\u00ed p\u0159estoup\u00edme od zku\u0161ebn\u00edho do ostr\u00e9ho provozu,\u201c uzav\u00edr\u00e1 Adamka. <\/span><\/span><\/span><\/p>\n<p lang=\"en-GB\" align=\"justify\"><img loading=\"lazy\" decoding=\"async\" class=\"alignnone size-medium wp-image-6702\" src=\"http:\/\/www.automakers.cz\/wp-content\/uploads\/2024\/08\/Arriva_elektrobusy-Kladno-900x600.jpg\" alt=\"\" width=\"900\" height=\"600\" srcset=\"https:\/\/www.automakers.cz\/wp-content\/uploads\/2024\/08\/Arriva_elektrobusy-Kladno-900x600.jpg 900w, https:\/\/www.automakers.cz\/wp-content\/uploads\/2024\/08\/Arriva_elektrobusy-Kladno-1024x683.jpg 1024w, https:\/\/www.automakers.cz\/wp-content\/uploads\/2024\/08\/Arriva_elektrobusy-Kladno-768x512.jpg 768w, https:\/\/www.automakers.cz\/wp-content\/uploads\/2024\/08\/Arriva_elektrobusy-Kladno-1536x1024.jpg 1536w, https:\/\/www.automakers.cz\/wp-content\/uploads\/2024\/08\/Arriva_elektrobusy-Kladno.jpg 1759w\" sizes=\"auto, (max-width: 900px) 100vw, 900px\" \/>\u201e<span style=\"font-family: Arial, serif;\"><span style=\"font-size: small;\"><span lang=\"cs-CZ\">M\u011bstsk\u00e1 hromadn\u00e1 doprava je slu\u017ebou pro ob\u010dany a nov\u00e9 elektrobusy zvy\u0161uj\u00ed komfort cestov\u00e1n\u00ed, co\u017e v\u00edt\u00e1m a t\u011b\u0161\u00ed m\u011b to. Mus\u00edm vyu\u017e\u00edt p\u0159\u00edle\u017eitosti a ocenit \u00fasil\u00ed pana \u0159editele \u010cSAD MHD Kladno Ludom\u00edra Landy, kter\u00fd tomuto projektu v\u011bnoval zna\u010dn\u00e9 \u00fasil\u00ed a dok\u00e1zal jej dot\u00e1hnout do konce. Dr\u017e\u00edm palce, aby se elektrobusy osv\u011bd\u010dily podle p\u0159edstav a plnohodnotn\u011b naplnily sv\u016fj \u00fa\u010del,\u201c \u0159\u00edk\u00e1 Milan Volf, prim\u00e1tor Statut\u00e1rn\u00edho m\u011bsta Kladna.<\/span><\/span><\/span><\/p>\n<p class=\"western\" lang=\"en-GB\" align=\"justify\">\u201e<span style=\"font-family: Arial, serif;\"><span style=\"font-size: small;\"><span lang=\"cs-CZ\">Na elektrobusech je pou\u017eita nov\u00e1 generace trak\u010dn\u00edch bateri\u00ed s\u00a0prodlou\u017eenou \u017eivotnost\u00ed. Oproti p\u0159edchoz\u00ed generaci jsou baterie um\u00edst\u011bny na st\u0159e\u0161e modul\u00e1rn\u011b v\u00a0samostatn\u00fdch boxech, co\u017e umo\u017e\u0148uje nakonfigurovat \u0159e\u0161en\u00ed podle konkr\u00e9tn\u00edch po\u017eadavk\u016f z\u00e1kazn\u00edka. Elektrobusy jsou vybaveny trak\u010dn\u00ed bateri\u00ed o kapacit\u011b 274 kWh a 411 kWh,\u201c dopl\u0148uje Filip Murga\u0161, jednatel a obchodn\u00ed \u0159editel SOR Libchavy. Pro sn\u00ed\u017een\u00ed energetick\u00e9 n\u00e1ro\u010dnosti provozu jsou elektrobusy vybaveny klimatizacemi s\u00a0funkc\u00ed topen\u00ed pomoc\u00ed tepeln\u00e9ho \u010derpadla, kter\u00e9 p\u0159isp\u00edv\u00e1 k\u00a0sn\u00ed\u017een\u00ed spot\u0159eby elektrick\u00e9 energie. Dal\u0161\u00ed novinkou, kter\u00e1 je u t\u011bchto elektrobus\u016f k\u00a0vid\u011bn\u00ed, je \u010dtyrp\u00f3lov\u00fd pantograf od spole\u010dnosti Schunk slou\u017e\u00edc\u00ed k\u00a0pr\u016fb\u011b\u017en\u00e9mu dob\u00edjen\u00ed tzv. OPPCharge. Vedle mo\u017enosti dob\u00edjen\u00ed pomoc\u00ed pantografu jsou elektrobusy v\u00a0p\u0159edn\u00ed \u010d\u00e1sti rovn\u011b\u017e vybaveny z\u00e1suvkou pro dob\u00edjen\u00ed pomoc\u00ed kabelu.<\/span><\/span><\/span><\/p>\n<p lang=\"en-GB\" align=\"justify\"><strong>Nab\u00edje\u010dky dodala \u010cEZ ESCO<\/strong><\/p>\n<p class=\"western\" lang=\"en-GB\" align=\"justify\">\u201e<span style=\"font-family: Arial, serif;\"><span style=\"font-size: small;\"><span lang=\"cs-CZ\">Doprava se pod\u00edl\u00ed na 16 procentech produkovan\u00fdch emis\u00ed v\u00a0\u010cesk\u00e9 republice. Jej\u00ed elektrifikace je proto jedn\u00edm ze z\u00e1sadn\u00edch krok\u016f k\u00a0\u010dist\u0161\u00edmu ovzdu\u0161\u00ed a k pos\u00edlen\u00ed energetick\u00e9 nez\u00e1vislosti m\u011bst a obc\u00ed na fosiln\u00edch palivech. Z\u00e1kladn\u00ed podm\u00ednkou spolehliv\u00e9ho provozu elektrobus\u016f je rychl\u00e9 a dob\u0159e dostupn\u00e9 dob\u00edjen\u00ed. Jsem r\u00e1d, \u017ee na\u0161i partne\u0159i, m\u011bsto Kladno a spole\u010dnost Arriva, vyu\u017eili dlouholet\u00fdch zku\u0161enost\u00ed \u010cEZ ESCO v t\u00e9to oblasti a mohl se zrodit nejv\u011bt\u0161\u00ed ultrarychl\u00fd dob\u00edjec\u00ed are\u00e1l pro elektrobusy v\u00a0\u010cech\u00e1ch. V\u011b\u0159\u00edm, \u017ee spole\u010dn\u011b budeme pokra\u010dovat v napl\u0148ov\u00e1n\u00ed vize \u010dist\u00e9ho a p\u0159\u00edjemn\u00e9ho m\u011bsta pro jeho ob\u010dany a n\u00e1v\u0161t\u011bvn\u00edky,\u201c \u0159\u00edk\u00e1 Kamil \u010cerm\u00e1k, gener\u00e1ln\u00ed \u0159editel \u010cEZ ESCO.<\/span><\/span><\/span><\/p>\n<p class=\"western\" lang=\"en-GB\" align=\"justify\">\u201e<span style=\"font-family: Arial, serif;\"><span style=\"font-size: small;\"><span lang=\"cs-CZ\">Elektrifikace m\u011bstsk\u00e9 hromadn\u00e9 dopravy v\u00a0Kladn\u011b n\u00e1m d\u00e1v\u00e1 smysl a r\u00e1di jsme byli sou\u010d\u00e1st\u00ed tohoto projektu. Pokud by se m\u011bla dob\u00edjec\u00ed infrastruktura do budoucna d\u00e1le roz\u0161i\u0159ovat, jsme op\u011bt p\u0159ipraveni podat pomocnou ruku,\u201c uvedl Michal Hons, gener\u00e1ln\u00ed \u0159editel Tepl\u00e1rny Kladno. <\/span><\/span><\/span><\/p>\n<p class=\"western\" lang=\"en-GB\" align=\"justify\"><span style=\"font-family: Arial, serif;\"><span style=\"font-size: small;\"><span lang=\"cs-CZ\">Arriva prost\u0159ednictv\u00edm dopravce \u010cSAD MHD Kladno, kter\u00fd pat\u0159\u00ed do jej\u00ed skupiny, nakoupila 16 elektrobus\u016f pro zaji\u0161t\u011bn\u00ed provozu na link\u00e1ch MHD Kladno i d\u00edky evropsk\u00fdm pen\u011bz\u016fm. Projekt s n\u00e1zvem \u201eElektrobus MHD Kladno 2022\u201c je realizov\u00e1n prost\u0159ednictv\u00edm n\u00e1stroje integrovan\u00fdch \u00fazemn\u00edch investic, tzv. ITI, pro Pra\u017eskou metropolitn\u00ed oblast a je podpo\u0159en z Integrovan\u00e9ho region\u00e1ln\u00edho opera\u010dn\u00edho programu v\u00a0r\u00e1mci priority Rozvoj m\u011bstsk\u00e9 mobility. Celkov\u00e9 n\u00e1klady jsou vy\u010d\u00edsleny na 232\u00a0000\u00a0000 K\u010d, unijn\u00ed dotace \u010din\u00ed 162\u00a0400\u00a0000 K\u010d, z\u00a0vlastn\u00edch zdroj\u016f doplatila Arriva 69\u00a0600\u00a0000 K\u010d. O rychl\u00e9 a spolehliv\u00e9 dob\u00edjen\u00ed elektrobus\u016f b\u011bhem denn\u00edch i no\u010dn\u00edch hodin se postar\u00e1 dev\u011bt ultrarychl\u00fdch stojan\u016f, ka\u017ed\u00fd o v\u00fdkonu 150 kW. Koncepci dob\u00edjec\u00edho hubu, dod\u00e1vku za\u0159\u00edzen\u00ed od polsk\u00e9ho v\u00fdrobce Ekoenergetyka jejich instalaci, zprovozn\u011bn\u00ed a pr\u016fb\u011b\u017en\u00fd servis zaji\u0161\u0165uje spole\u010dnost \u010cEZ ESCO.<\/span><\/span><\/span><\/p>\n<p lang=\"en-GB\" align=\"justify\"><strong>Zdroj: Arriva<\/strong><\/p>\n","protected":false},"excerpt":{"rendered":"<p>Do kladensk\u00fdch ulic vyj\u00ed\u017ed\u00ed 16 tich\u00fdch elektrobus\u016f za 232 milion\u016f korun a v \u010desk\u00e9m prost\u0159ed\u00ed&#8230;<\/p>\n","protected":false},"author":1,"featured_media":6682,"comment_status":"closed","ping_status":"closed","sticky":false,"template":"","format":"standard","meta":{"footnotes":""},"categories":[47,9,15],"tags":[],"class_list":["post-6680","post","type-post","status-publish","format-standard","has-post-thumbnail","hentry","category-doprava","category-elektromobily","category-fleety"],"_links":{"self":[{"href":"https:\/\/www.automakers.cz\/index.php?rest_route=\/wp\/v2\/posts\/6680","targetHints":{"allow":["GET"]}}],"collection":[{"href":"https:\/\/www.automakers.cz\/index.php?rest_route=\/wp\/v2\/posts"}],"about":[{"href":"https:\/\/www.automakers.cz\/index.php?rest_route=\/wp\/v2\/types\/post"}],"author":[{"embeddable":true,"href":"https:\/\/www.automakers.cz\/index.php?rest_route=\/wp\/v2\/users\/1"}],"replies":[{"embeddable":true,"href":"https:\/\/www.automakers.cz\/index.php?rest_route=%2Fwp%2Fv2%2Fcomments&post=6680"}],"version-history":[{"count":3,"href":"https:\/\/www.automakers.cz\/index.php?rest_route=\/wp\/v2\/posts\/6680\/revisions"}],"predecessor-version":[{"id":6703,"href":"https:\/\/www.automakers.cz\/index.php?rest_route=\/wp\/v2\/posts\/6680\/revisions\/6703"}],"wp:featuredmedia":[{"embeddable":true,"href":"https:\/\/www.automakers.cz\/index.php?rest_route=\/wp\/v2\/media\/6682"}],"wp:attachment":[{"href":"https:\/\/www.automakers.cz\/index.php?rest_route=%2Fwp%2Fv2%2Fmedia&parent=6680"}],"wp:term":[{"taxonomy":"category","embeddable":true,"href":"https:\/\/www.automakers.cz\/index.php?rest_route=%2Fwp%2Fv2%2Fcategories&post=6680"},{"taxonomy":"post_tag","embeddable":true,"href":"https:\/\/www.automakers.cz\/index.php?rest_route=%2Fwp%2Fv2%2Ftags&post=6680"}],"curies":[{"name":"wp","href":"https:\/\/api.w.org\/{rel}","templated":true}]}}