{"id":669,"date":"2023-12-06T07:47:26","date_gmt":"2023-12-06T07:47:26","guid":{"rendered":"https:\/\/www.automakers.cz\/?p=669"},"modified":"2023-12-06T10:06:14","modified_gmt":"2023-12-06T10:06:14","slug":"dachser-dokoncil-hrubou-stavbu-na-kladne","status":"publish","type":"post","link":"https:\/\/www.automakers.cz\/?p=669","title":{"rendered":"Dachser dokon\u010dil hrubou stavbu na Kladn\u011b"},"content":{"rendered":"<p><strong>\u010cesk\u00fd Dachser dos\u00e1hl miln\u00edku \u2013 dokon\u010den\u00ed hrub\u00e9 stavby nov\u00e9ho p\u0159ekl\u00e1dkov\u00e9ho skladu na sv\u00e9 pobo\u010dce v Kladn\u011b. V \u010cesku tak\u00a0 vznikne nejv\u011bt\u0161\u00ed Dachser termin\u00e1l pro z\u00e1silky sb\u011brn\u00e9 slu\u017eby s 23.000 m<sup>2<\/sup> skladov\u00fdch a administrativn\u00edch ploch a v\u00edce ne\u017e 90 nakl\u00e1dac\u00edmi rampami. Logistick\u00e1 hala s dvoupodla\u017en\u00ed administrativn\u00ed vestavbou po\u010d\u00edt\u00e1 i s \u0159adou technologi\u00ed udr\u017eiteln\u00e9 v\u00fdstavby.<\/strong><!--more--><\/p>\n<p>Dachser z\u00edskal pro novou p\u0159ekl\u00e1dkovou halu s administrativn\u00ed vestavbou stavebn\u00ed povolen\u00ed v\u00a0kv\u011btnu tohoto roku, stavba byla zah\u00e1jena v \u010dervnu a jej\u00ed dokon\u010den\u00ed je napl\u00e1novan\u00e9 na polovinu p\u0159\u00ed\u0161t\u00edho roku. Spole\u010dnost v souladu se sv\u00fdmi principy udr\u017eiteln\u00e9ho rozvoje a glob\u00e1ln\u00ed strategi\u00ed pro ochranu klimatu instaluje do nov\u00e9 budovy technologie pro ochranu klimatu a zdroj\u016f.<\/p>\n<p><strong><u>Syst\u00e9m \u00fapravy vzduchu<\/u><\/strong><\/p>\n<p>Zdrojem tepla a chladu pro za\u0159\u00edzen\u00ed vzduchotechniky budou tepeln\u00e1 \u010derpadla. \u00daprava vzduchu provozn\u00ed \u010d\u00e1sti nov\u00e9ho objektu bude zaji\u0161t\u011bna syst\u00e9mem nucen\u00e9ho v\u011btr\u00e1n\u00ed a klimatizace a\u00a0vzduchotechnick\u00e1 jednotka bude vybavena rekuperac\u00ed pro zp\u011btn\u00e9 z\u00edsk\u00e1v\u00e1n\u00ed tepla.<\/p>\n<p><strong><u>Zelen\u00e1 energie<\/u><\/strong><\/p>\n<p>Dachser v sou\u010dasn\u00e9 dob\u011b instaluje na sv\u00e9 st\u00e1vaj\u00edc\u00ed p\u0159ekl\u00e1dkov\u00e9 hale fotovoltaickou elektr\u00e1rnu o\u00a0v\u00fdkonu 387 kWp. Na nov\u00e9 p\u0159ekl\u00e1dkov\u00e9 hale bude v r\u00e1mci toho provedena p\u0159\u00edprava pro osazen\u00ed druh\u00e9 fotovoltaick\u00e9 st\u0159e\u0161n\u00ed elektr\u00e1rny s p\u0159edpokl\u00e1dan\u00fdm v\u00fdkonem dal\u0161\u00edch 280 kWp. Fotovoltaiku spole\u010dnost pl\u00e1nuje vyu\u017e\u00edt p\u0159ev\u00e1\u017en\u011b pro nab\u00edjen\u00ed manipula\u010dn\u00ed techniky, n\u00e1kladn\u00edch vozidel na elektropohon i slu\u017eebn\u00edch osobn\u00edch elektrovozidel. Krom\u011b toho budou v Dachser Kladno pro ka\u017edou fotovoltaickou elektr\u00e1rnu um\u00edst\u011bna \u00falo\u017ei\u0161t\u011b pro uskladn\u011bn\u00ed p\u0159ebyte\u010dn\u00e9 energie, ka\u017ed\u00e9 o kapacit\u011b 300 kWh a v\u00fdkonu 210 kW. Stejn\u011b jako ve v\u0161ech budov\u00e1ch spole\u010dnosti budou v interi\u00e9rech instalov\u00e1na LED sv\u00edtidla a sklad, kde je kv\u016fli nep\u0159etr\u017eit\u00e9mu provozu vysok\u00e1 spot\u0159eba energie pro sv\u00edcen\u00ed, bude m\u00edt \u0159\u00edzen\u00e9 ovl\u00e1d\u00e1n\u00ed osv\u011btlen\u00ed podle okoln\u00edch sv\u011bteln\u00fdch podm\u00ednek.<\/p>\n<p><strong><u>Vodn\u00ed hospod\u00e1\u0159stv\u00ed<\/u><\/strong><\/p>\n<p>St\u00e1vaj\u00edc\u00ed kanalizace a \u010disti\u010dka odpadn\u00edch vod v lokalit\u011b jsou na hranici sv\u00e9 kapacity, Dachser tak musel p\u0159ij\u00edt s \u0159e\u0161en\u00edm pro likvidaci de\u0161\u0165ov\u00fdch vod. Vybuduje zde rezervo\u00e1r, do kter\u00e9ho bude \u201e\u0161ed\u00e1\u201c voda ze st\u0159echy odv\u00e1d\u011bna a n\u00e1sledn\u011b pou\u017eita pro soci\u00e1ln\u00ed za\u0159\u00edzen\u00ed a z\u00e1vlahu zelen\u011b v\u00a0are\u00e1lu. Krom\u011b toho Dachser postavil i podzemn\u00ed reten\u010dn\u00ed n\u00e1dr\u017e o objemu 150 m<sup>3<\/sup>, kter\u00e1 zajist\u00ed postupn\u00e9 vypou\u0161t\u011bn\u00ed p\u0159ebyte\u010dn\u00e9 nevyu\u017eit\u00e9 de\u0161\u0165ov\u00e9 vody do kanalizace.<\/p>\n<p><em>\u201eSpole\u010dnost Dachser je postavena na z\u00e1kladech udr\u017eiteln\u00e9ho rozvoje a takto p\u0159istupujeme i\u00a0k\u00a0v\u00fdstavb\u011b vlastn\u00edch nemovitost\u00ed,\u201c uv\u00e1d\u00ed Ing. Jan Pihar, gener\u00e1ln\u00ed \u0159editel Dachser Czech Republic, a.s., a dod\u00e1v\u00e1, \u201eprincipy udr\u017eiteln\u00e9ho rozvoje zahrnujeme ji\u017e do samotn\u00e9ho pl\u00e1nov\u00e1n\u00ed a prom\u00edtaj\u00ed se nejen do pou\u017eit\u00fdch technologi\u00ed. V Kladn\u011b roz\u0161i\u0159ujeme pobo\u010dku na brownfieldu, kter\u00fd jsme n\u00e1kladn\u011b revitalizovali a kter\u00fd nyn\u00ed vytv\u00e1\u0159\u00ed dobr\u00e9 podm\u00ednky pro logistick\u00fd provoz. Samoz\u0159ejmost\u00ed je zohledn\u011bn\u00ed pot\u0159eb lid\u00ed pracuj\u00edc\u00edch v logistice, pro kter\u00e9 p\u0159ipravujeme modern\u00ed a komfortn\u00ed pracovn\u00ed prost\u0159ed\u00ed. Jako rodinn\u00e1 spole\u010dnost tak\u00e9 udr\u017eiteln\u00fdm zp\u016fsobem, tedy s\u00a0vysok\u00fdm pod\u00edlem vlastn\u00edho kapit\u00e1lu, na\u0161e nemovitosti financujeme.\u201c<\/em><\/p>\n<p>Nov\u00e9 prostory spole\u010dnosti Dachser Czech Republic roz\u0161\u00ed\u0159\u00ed st\u00e1vaj\u00edc\u00ed pobo\u010dku v revitalizovan\u00e9m are\u00e1lu b\u00fdval\u00e9 Huti Kon\u011bv v pr\u016fmyslov\u00e9 z\u00f3n\u011b v Kladn\u011b. P\u0159ekl\u00e1dkov\u00fd sklad bude m\u00edt po dokon\u010den\u00ed 8.000 m\u00b2 a bude osazen celkem 76 nakl\u00e1dac\u00edmi branami, v\u00fdznamn\u011b se zv\u011bt\u0161\u00ed i\u00a0venkovn\u00ed logistick\u00e9 plochy. Nov\u00e1 dvoupodla\u017en\u00ed administrativn\u00ed vestavba nab\u00eddne 1.340 m<sup>2<\/sup> modern\u00edch kancel\u00e1\u0159\u00ed a z\u00e1zem\u00ed. Dachser zde pl\u00e1nuje investovat 12,6 milion\u016f eur (300 milion\u016f korun).<\/p>\n<p><strong>Zdroj: Andrea Pitronov\u00e1<\/strong><\/p>\n<p>&nbsp;<\/p>\n","protected":false},"excerpt":{"rendered":"<p>\u010cesk\u00fd Dachser dos\u00e1hl miln\u00edku \u2013 dokon\u010den\u00ed hrub\u00e9 stavby nov\u00e9ho p\u0159ekl\u00e1dkov\u00e9ho skladu na sv\u00e9 pobo\u010dce v&#8230;<\/p>\n","protected":false},"author":2,"featured_media":670,"comment_status":"open","ping_status":"open","sticky":false,"template":"","format":"standard","meta":{"footnotes":""},"categories":[3,43],"tags":[],"class_list":["post-669","post","type-post","status-publish","format-standard","has-post-thumbnail","hentry","category-investice","category-logistika"],"_links":{"self":[{"href":"https:\/\/www.automakers.cz\/index.php?rest_route=\/wp\/v2\/posts\/669","targetHints":{"allow":["GET"]}}],"collection":[{"href":"https:\/\/www.automakers.cz\/index.php?rest_route=\/wp\/v2\/posts"}],"about":[{"href":"https:\/\/www.automakers.cz\/index.php?rest_route=\/wp\/v2\/types\/post"}],"author":[{"embeddable":true,"href":"https:\/\/www.automakers.cz\/index.php?rest_route=\/wp\/v2\/users\/2"}],"replies":[{"embeddable":true,"href":"https:\/\/www.automakers.cz\/index.php?rest_route=%2Fwp%2Fv2%2Fcomments&post=669"}],"version-history":[{"count":3,"href":"https:\/\/www.automakers.cz\/index.php?rest_route=\/wp\/v2\/posts\/669\/revisions"}],"predecessor-version":[{"id":684,"href":"https:\/\/www.automakers.cz\/index.php?rest_route=\/wp\/v2\/posts\/669\/revisions\/684"}],"wp:featuredmedia":[{"embeddable":true,"href":"https:\/\/www.automakers.cz\/index.php?rest_route=\/wp\/v2\/media\/670"}],"wp:attachment":[{"href":"https:\/\/www.automakers.cz\/index.php?rest_route=%2Fwp%2Fv2%2Fmedia&parent=669"}],"wp:term":[{"taxonomy":"category","embeddable":true,"href":"https:\/\/www.automakers.cz\/index.php?rest_route=%2Fwp%2Fv2%2Fcategories&post=669"},{"taxonomy":"post_tag","embeddable":true,"href":"https:\/\/www.automakers.cz\/index.php?rest_route=%2Fwp%2Fv2%2Ftags&post=669"}],"curies":[{"name":"wp","href":"https:\/\/api.w.org\/{rel}","templated":true}]}}