{"id":6705,"date":"2024-08-28T08:00:11","date_gmt":"2024-08-28T08:00:11","guid":{"rendered":"https:\/\/www.automakers.cz\/?p=6705"},"modified":"2024-08-28T08:00:11","modified_gmt":"2024-08-28T08:00:11","slug":"martina-doubka-ceka-v-moste-klicovy-zavod","status":"publish","type":"post","link":"https:\/\/www.automakers.cz\/?p=6705","title":{"rendered":"Martina Doubka \u010dek\u00e1 v Most\u011b kl\u00ed\u010dov\u00fd z\u00e1vod"},"content":{"rendered":"<p><b>Martin Doubek, sou\u010dasn\u00fd l\u00eddr \u0161ampion\u00e1tu NASCAR Whelen Euro Series ve t\u0159\u00edd\u011b EuroNASCAR 2, se tento v\u00edkend postav\u00ed na start dom\u00e1c\u00edho z\u00e1vodu v Most\u011b v r\u00e1mci 32. ro\u010dn\u00edku Czech Truck Prix (30\/08-1\/09). Po sedmi z\u00e1vodech sez\u00f3ny m\u00e1 Doubek na sv\u00e9m kont\u011b p\u011bt v\u00edt\u011bzstv\u00ed, jedno druh\u00e9 m\u00edsto a jeden nedojet\u00fd z\u00e1vod, co\u017e ho stav\u00ed do vedouc\u00ed pozice p\u0159ed z\u00e1v\u011bre\u010dnou \u010d\u00e1st\u00ed sez\u00f3ny.<\/b><!--more--><\/p>\n<p><em>\u201eDo konce sez\u00f3ny se je\u0161t\u011b m\u016f\u017ee st\u00e1t cokoliv, ale zat\u00edm m\u00e1m 5 v\u00edt\u011bzstv\u00ed, 1 druh\u00e9 m\u00edsto a 1 nedojet\u00ed z\u00a0Anglie,\u201c<\/em>\u00a0komentuje svou dosavadn\u00ed bilanci Doubek. Nadch\u00e1zej\u00edc\u00ed z\u00e1vody v Most\u011b, N\u011bmecku a Belgii budou rozhoduj\u00edc\u00ed, nebo\u0165\u00a0<strong>na v\u00fdsledc\u00edch v t\u011bchto z\u00e1vodech z\u00e1vis\u00ed jeho \u0161ance na celkov\u00e9 v\u00edt\u011bzstv\u00ed.<\/strong><\/p>\n<p>Mosteck\u00fd z\u00e1vod bude pro Doubka obzvl\u00e1\u0161\u0165 d\u016fle\u017eit\u00fd, proto\u017ee na t\u00e9to dom\u00e1c\u00ed trati v minulosti \u010delil r\u016fzn\u00fdm probl\u00e9m\u016fm.\u00a0<em>\u201eDouf\u00e1m, \u017ee letos tu sm\u016flu prolom\u00edme,\u201c<\/em>\u00a0\u0159\u00edk\u00e1 optimisticky. Mosteck\u00fd okruh je rychl\u00fd, technick\u00fd a tak\u00e9 n\u00e1ro\u010dn\u00fd zejm\u00e9na kv\u016fli prvn\u00edmu es\u00ed\u010dku, kter\u00e9 je tradi\u010dn\u011b m\u00edstem drsn\u00fdch souboj\u016f. Doubek se v\u0161ak t\u011b\u0161\u00ed na podporu rodiny a fanou\u0161k\u016f, kte\u0159\u00ed mu budou dod\u00e1vat s\u00edlu b\u011bhem z\u00e1vodu.<\/p>\n<p><strong><em>\u201eNa z\u00e1vody v Most\u011b se v\u017edycky t\u011b\u0161\u00edm, nejen kv\u016fli tomu, \u017ee je to dom\u00e1c\u00ed z\u00e1vod, ale hlavn\u011b proto, \u017ee se mi l\u00edb\u00ed tra\u0165. V\u011b\u0159\u00edm, \u017ee n\u00e1s p\u0159ijde podpo\u0159it i hodn\u011b fanou\u0161k\u016f a spole\u010dn\u011b vytvo\u0159\u00edme tu spr\u00e1vnou atmosf\u00e9ru a u\u017eijeme si cel\u00fd v\u00edkend,\u201c<\/em><\/strong>\u00a0dod\u00e1v\u00e1 Doubek.<\/p>\n<p>Se sv\u00fdm vozem je Martin Doubek spokojen\u00fd.\u00a0<em>\u201eLetos to funguje skv\u011ble, nechci to zak\u0159iknout. Od za\u010d\u00e1tku sez\u00f3ny, od prvn\u00edho z\u00e1vodu ve Valencii, kdy jsme vyhr\u00e1li hned prvn\u00ed j\u00edzdu, auto funguje bez probl\u00e9m\u016f. T\u00fdm na tom skv\u011ble pracuje a auto je moment\u00e1ln\u011b ve perfektn\u00ed kondici,\u201c<\/em>\u00a0hodnot\u00ed, Doubek, kter\u00fd v\u00a0Most\u011b testoval naposledy na za\u010d\u00e1tku srpna.<\/p>\n<p><strong>Nadch\u00e1zej\u00edc\u00ed v\u00edkend v Most\u011b tak bude kl\u00ed\u010dov\u00fdm momentem pro Doubka a jeho t\u00fdm v jejich cest\u011b za titulem v EuroNASCAR 2<\/strong>. Fanou\u0161ci se mohou t\u011b\u0161it nap\u00ednav\u00e9 z\u00e1vody, pln\u00e9 dramatick\u00fdch moment\u016f a adrenalinu.<\/p>\n","protected":false},"excerpt":{"rendered":"<p>Martin Doubek, sou\u010dasn\u00fd l\u00eddr \u0161ampion\u00e1tu NASCAR Whelen Euro Series ve t\u0159\u00edd\u011b EuroNASCAR 2, se tento&#8230;<\/p>\n","protected":false},"author":4,"featured_media":6706,"comment_status":"closed","ping_status":"closed","sticky":false,"template":"","format":"standard","meta":{"footnotes":""},"categories":[19],"tags":[],"class_list":["post-6705","post","type-post","status-publish","format-standard","has-post-thumbnail","hentry","category-motorsport"],"_links":{"self":[{"href":"https:\/\/www.automakers.cz\/index.php?rest_route=\/wp\/v2\/posts\/6705","targetHints":{"allow":["GET"]}}],"collection":[{"href":"https:\/\/www.automakers.cz\/index.php?rest_route=\/wp\/v2\/posts"}],"about":[{"href":"https:\/\/www.automakers.cz\/index.php?rest_route=\/wp\/v2\/types\/post"}],"author":[{"embeddable":true,"href":"https:\/\/www.automakers.cz\/index.php?rest_route=\/wp\/v2\/users\/4"}],"replies":[{"embeddable":true,"href":"https:\/\/www.automakers.cz\/index.php?rest_route=%2Fwp%2Fv2%2Fcomments&post=6705"}],"version-history":[{"count":1,"href":"https:\/\/www.automakers.cz\/index.php?rest_route=\/wp\/v2\/posts\/6705\/revisions"}],"predecessor-version":[{"id":6707,"href":"https:\/\/www.automakers.cz\/index.php?rest_route=\/wp\/v2\/posts\/6705\/revisions\/6707"}],"wp:featuredmedia":[{"embeddable":true,"href":"https:\/\/www.automakers.cz\/index.php?rest_route=\/wp\/v2\/media\/6706"}],"wp:attachment":[{"href":"https:\/\/www.automakers.cz\/index.php?rest_route=%2Fwp%2Fv2%2Fmedia&parent=6705"}],"wp:term":[{"taxonomy":"category","embeddable":true,"href":"https:\/\/www.automakers.cz\/index.php?rest_route=%2Fwp%2Fv2%2Fcategories&post=6705"},{"taxonomy":"post_tag","embeddable":true,"href":"https:\/\/www.automakers.cz\/index.php?rest_route=%2Fwp%2Fv2%2Ftags&post=6705"}],"curies":[{"name":"wp","href":"https:\/\/api.w.org\/{rel}","templated":true}]}}