{"id":6718,"date":"2024-08-29T07:29:19","date_gmt":"2024-08-29T07:29:19","guid":{"rendered":"https:\/\/www.automakers.cz\/?p=6718"},"modified":"2024-08-29T07:31:07","modified_gmt":"2024-08-29T07:31:07","slug":"mg-nasazuje-na-cesky-trh-model-zs-hybrid","status":"publish","type":"post","link":"https:\/\/www.automakers.cz\/?p=6718","title":{"rendered":"MG Motor nasazuje na \u010desk\u00fd trh model ZS Hybrid+"},"content":{"rendered":"<p><strong>\u0160\u00e9f zna\u010dky MG Martin Kr\u00e1l\u00ed\u010dek ohl\u00e1sil p\u0159\u00edchod nov\u00e9ho modelu ZS HYBRID+. Bude k dispozici u \u010desk\u00fdch dealer\u016f v \u0159\u00edjnu 2024 a za\u00fato\u010d\u00ed na segment B-SUV.<\/strong><!--more--><\/p>\n<p>Nov\u00fd model bude podle importu stav\u011bt na prodejn\u00edm \u00fasp\u011bchu sou\u010dasn\u00e9ho MG ZS, kter\u00e9 je v leto\u0161n\u00edm roce (prodeje 1-7\/2024) nejprod\u00e1van\u011bj\u0161\u00edm dov\u00e1\u017een\u00fdm vozem v segmentu B-SUV (1 846 prodan\u00fdch voz\u016f).<\/p>\n<p>V\u00fdbava nov\u00e9ho MG ZS bude zahrnovat p\u0159edn\u00ed i zadn\u00ed LED sv\u011btla, infotainment s 12,3palcov\u00fdm HD displejem s navigac\u00ed a online aplikacemi, digit\u00e1ln\u00ed sedmipalcov\u00fd p\u0159\u00edstrojov\u00fd panel, zadn\u00ed parkovac\u00ed senzory s kamerou, automatick\u00e9 p\u0159edn\u00ed sv\u011btlomety, st\u011bra\u010de se sn\u00edma\u010dem de\u0161t\u011b a bezkl\u00ed\u010dov\u00e9 zamyk\u00e1n\u00ed a odemyk\u00e1n\u00ed.<\/p>\n<p>Ke standardn\u00ed v\u00fdbav\u011b pat\u0159\u00ed tak\u00e9 syst\u00e9m MG Pilot, kter\u00fd obsahuje \u0161irokou \u0161k\u00e1lu bezpe\u010dnostn\u00edch a j\u00edzdn\u00edch asisten\u010dn\u00edch technologi\u00ed, k nim\u017e se \u0159ad\u00ed adaptivn\u00ed tempomat, aktivn\u00ed nouzov\u00e9 brzd\u011bn\u00ed s detekc\u00ed chodc\u016f a cyklist\u016f, asistent udr\u017eov\u00e1n\u00ed j\u00edzdn\u00edho pruhu, v\u00fdstraha p\u0159i opu\u0161t\u011bn\u00ed j\u00edzdn\u00edho pruhu, upozorn\u011bn\u00ed na vozy p\u0159ij\u00ed\u017ed\u011bj\u00edc\u00ed z\u00a0boku p\u0159i couv\u00e1n\u00ed, sledov\u00e1n\u00ed mrtv\u00e9ho \u00fahlu, varov\u00e1n\u00ed p\u0159ed koliz\u00ed vp\u0159edu a asistent pro j\u00edzdu v kolon\u011b.<\/p>\n<p>Hybridn\u00ed pohon ozna\u010den\u00fd HYBRID+ zahrnuje benz\u00ednov\u00fd motor o v\u00fdkonu 101 kon\u00ed a obsahu 1,5 litru s trak\u010dn\u00edm motorem o v\u00fdkonu 134 kon\u00ed s nejvy\u0161\u0161\u00edm to\u010div\u00fdm momentem 250 Nm. Kombinovan\u00fd v\u00fdkon hybridn\u00edho pohonu je skv\u011bl\u00fdch 195 kon\u00ed. Tato kombinace zaji\u0161\u0165uje kultivovanou j\u00edzdu p\u0159i vynikaj\u00edc\u00edm v\u00fdkonu, kdy lze zrychlen\u00ed z 0 na 100 km\/h um\u00ed nov\u00e9 ZS dos\u00e1hnout za pouh\u00fdch 8,7 sekundy.<\/p>\n<p><img loading=\"lazy\" decoding=\"async\" class=\"alignnone size-full wp-image-6721\" src=\"http:\/\/www.automakers.cz\/wp-content\/uploads\/2024\/08\/MG-ZS-hybrid-zadek.jpg\" alt=\"\" width=\"640\" height=\"427\" \/><\/p>\n<p>Maximalizace elektrifikovan\u00e9ho pohonu Hybrid+ p\u0159in\u00e1\u0161\u00ed podle v\u00fdrobce v\u00fdrazn\u00e9 zv\u00fd\u0161en\u00ed j\u00edzdn\u00edho komfortu a n\u00ed\u017een\u00ed hlu\u010dnosti.<\/p>\n<p>Vysokonap\u011b\u0165ov\u00e1 baterie s kapacitou 1,83 kWh se dob\u00edj\u00ed pomoc\u00ed vysoce \u00fa\u010dinn\u00e9ho 45kW gener\u00e1toru, a nab\u00edz\u00ed tedy potenci\u00e1l v\u00fdrazn\u00e9 \u00faspory provozn\u00edch n\u00e1klad\u016f.<\/p>\n<figure id=\"attachment_364\" aria-describedby=\"caption-attachment-364\" style=\"width: 640px\" class=\"wp-caption alignnone\"><img loading=\"lazy\" decoding=\"async\" class=\"size-full wp-image-364\" src=\"http:\/\/www.automakers.cz\/wp-content\/uploads\/2023\/11\/Martin_Kralicek_01.jpg\" alt=\"\" width=\"640\" height=\"480\" \/><figcaption id=\"caption-attachment-364\" class=\"wp-caption-text\"><strong>\u201eNov\u00e9 MG ZS Hybrid+ nab\u00edz\u00ed v\u00fdjime\u010dn\u00e9 j\u00edzdn\u00ed vlastnosti a skv\u011bl\u00fd pom\u011br cena\/v\u00fdkon v kategorii B-SUV, p\u0159i\u010dem\u017e obsahuje v\u00fdbavu a technologie usnad\u0148uj\u00edc\u00ed ka\u017edodenn\u00ed provoz. Tento model m\u00e1 zcela nov\u00fd atraktivn\u00ed design a kabina je d\u00edky nov\u00e9mu interi\u00e9ru mnohem v\u011bt\u0161\u00ed a komfortn\u011bj\u0161\u00ed. Jsme si jist\u00ed, \u017ee pro \u010desk\u00e9 z\u00e1kazn\u00edky bude zcela nov\u00e9 ZS stejn\u011b zaj\u00edmav\u00e9 a dostupn\u00e9 jako jeho \u00fasp\u011b\u0161n\u00fd p\u0159edch\u016fdce.\u201c \u0159\u00edk\u00e1 Martin Kr\u00e1l\u00ed\u010dek, gener\u00e1ln\u00ed \u0159editel MG Motor Czech.<\/strong><\/figcaption><\/figure>\n<p><strong>Zdroj: MG Motor, Marek Vodi\u010dka<\/strong><\/p>\n","protected":false},"excerpt":{"rendered":"<p>\u0160\u00e9f zna\u010dky MG Martin Kr\u00e1l\u00ed\u010dek ohl\u00e1sil p\u0159\u00edchod nov\u00e9ho modelu ZS HYBRID+. Bude k dispozici u&#8230;<\/p>\n","protected":false},"author":1,"featured_media":6720,"comment_status":"closed","ping_status":"closed","sticky":false,"template":"","format":"standard","meta":{"footnotes":""},"categories":[83,11],"tags":[],"class_list":["post-6718","post","type-post","status-publish","format-standard","has-post-thumbnail","hentry","category-hybridy","category-importeri"],"_links":{"self":[{"href":"https:\/\/www.automakers.cz\/index.php?rest_route=\/wp\/v2\/posts\/6718","targetHints":{"allow":["GET"]}}],"collection":[{"href":"https:\/\/www.automakers.cz\/index.php?rest_route=\/wp\/v2\/posts"}],"about":[{"href":"https:\/\/www.automakers.cz\/index.php?rest_route=\/wp\/v2\/types\/post"}],"author":[{"embeddable":true,"href":"https:\/\/www.automakers.cz\/index.php?rest_route=\/wp\/v2\/users\/1"}],"replies":[{"embeddable":true,"href":"https:\/\/www.automakers.cz\/index.php?rest_route=%2Fwp%2Fv2%2Fcomments&post=6718"}],"version-history":[{"count":6,"href":"https:\/\/www.automakers.cz\/index.php?rest_route=\/wp\/v2\/posts\/6718\/revisions"}],"predecessor-version":[{"id":6723,"href":"https:\/\/www.automakers.cz\/index.php?rest_route=\/wp\/v2\/posts\/6718\/revisions\/6723"}],"wp:featuredmedia":[{"embeddable":true,"href":"https:\/\/www.automakers.cz\/index.php?rest_route=\/wp\/v2\/media\/6720"}],"wp:attachment":[{"href":"https:\/\/www.automakers.cz\/index.php?rest_route=%2Fwp%2Fv2%2Fmedia&parent=6718"}],"wp:term":[{"taxonomy":"category","embeddable":true,"href":"https:\/\/www.automakers.cz\/index.php?rest_route=%2Fwp%2Fv2%2Fcategories&post=6718"},{"taxonomy":"post_tag","embeddable":true,"href":"https:\/\/www.automakers.cz\/index.php?rest_route=%2Fwp%2Fv2%2Ftags&post=6718"}],"curies":[{"name":"wp","href":"https:\/\/api.w.org\/{rel}","templated":true}]}}