{"id":672,"date":"2023-12-05T08:20:03","date_gmt":"2023-12-05T08:20:03","guid":{"rendered":"https:\/\/www.automakers.cz\/?p=672"},"modified":"2023-12-05T08:20:20","modified_gmt":"2023-12-05T08:20:20","slug":"asociace-autoskol-mela-hromadu-video","status":"publish","type":"post","link":"https:\/\/www.automakers.cz\/?p=672","title":{"rendered":"Asociace auto\u0161kol m\u011bla hromadu (Video)"},"content":{"rendered":"<p><strong>V\u00edce ne\u017e 150 u\u010ditel\u016f a provozovatel\u016f auto\u0161kol se na konci listopadu z\u00fa\u010dastnilo valn\u00e9 hromady Asociace auto\u0161kol \u010cR. Dozv\u011bd\u011bli se v\u0161e o novink\u00e1ch, kter\u00e9 s rokem 2024 ovlivn\u00ed oblast dopravy a auto\u0161kolstv\u00ed, potkali \u0161k\u00e1lu vystavovatel\u016f a sezn\u00e1mili se s elektromobilitou a trena\u017e\u00e9rovou technikou.<\/strong><!--more--><\/p>\n<p><em>\u201eNa\u0161\u00edm c\u00edlem je, aby u\u010ditel\u00e9 auto\u0161kol byli edukovan\u00ed mento\u0159i sv\u00fdch \u017e\u00e1k\u016f v r\u00e1mci v\u00fduky a v\u00fdcviku k z\u00edsk\u00e1n\u00ed \u0159idi\u010dsk\u00e9ho opr\u00e1vn\u011bn\u00ed. D\u00edky tomu maj\u00ed z\u00e1sadn\u00ed konkuren\u010dn\u00ed v\u00fdhodu oproti jin\u00fdm auto\u0161kol\u00e1m. Bez dal\u0161\u00edho vzd\u011bl\u00e1v\u00e1n\u00ed a p\u0159\u00edsunu aktu\u00e1ln\u00edch informac\u00ed nemohou poskytovat tak kvalitn\u00ed slu\u017eby jako \u010dlenov\u00e9 Asociace auto\u0161kol,\u201c<\/em> upozor\u0148uje <strong>Ale\u0161 Hor\u010di\u010dka, p\u0159edseda AA\u010cR.<\/strong><\/p>\n<p><em>\u201eI my u\u010ditel\u00e9 a provozovatel\u00e9 auto\u0161kol se mus\u00edme neust\u00e1le vzd\u011bl\u00e1vat, abychom dr\u017eeli krok s dobou a s legislativou, kter\u00e1 se neust\u00e1le m\u011bn\u00ed,\u201c<\/em> <strong>\u0159\u00edk\u00e1 Martin Aujezdsk\u00fd, z\u00e1stupce Auto\u0161koly Aujezdsk\u00fd a \u010dlen v\u00fdkonn\u00e9 rady AA\u010cR<\/strong>. Z\u00e1rove\u0148 dod\u00e1v\u00e1: <em>\u201eVelmi m\u011b t\u011b\u0161\u00ed, \u017ee se omladilo publikum valn\u00e9 hromady a \u017ee se n\u00e1m poda\u0159ilo dostat do hry z\u00e1sadn\u00ed partnery, jako je Policie \u010cR, dopravn\u00ed psychologov\u00e9 i z\u00e1stupci Ministerstva dopravy.\u201c<\/em><\/p>\n<p><img loading=\"lazy\" decoding=\"async\" class=\"alignnone size-medium wp-image-674\" src=\"http:\/\/www.automakers.cz\/wp-content\/uploads\/2023\/12\/Asociace-vzdelava-ucitele-autoskol-v-CR-small-2-900x601.jpg\" alt=\"\" width=\"900\" height=\"601\" srcset=\"https:\/\/www.automakers.cz\/wp-content\/uploads\/2023\/12\/Asociace-vzdelava-ucitele-autoskol-v-CR-small-2-900x601.jpg 900w, https:\/\/www.automakers.cz\/wp-content\/uploads\/2023\/12\/Asociace-vzdelava-ucitele-autoskol-v-CR-small-2-1024x683.jpg 1024w, https:\/\/www.automakers.cz\/wp-content\/uploads\/2023\/12\/Asociace-vzdelava-ucitele-autoskol-v-CR-small-2-768x513.jpg 768w, https:\/\/www.automakers.cz\/wp-content\/uploads\/2023\/12\/Asociace-vzdelava-ucitele-autoskol-v-CR-small-2-1536x1025.jpg 1536w, https:\/\/www.automakers.cz\/wp-content\/uploads\/2023\/12\/Asociace-vzdelava-ucitele-autoskol-v-CR-small-2-2048x1367.jpg 2048w\" sizes=\"auto, (max-width: 900px) 100vw, 900px\" \/><\/p>\n<p>Od Pavla Fialy z odboru dopravn\u00ed policie se poslucha\u010di dozv\u011bd\u011bli, jak bude policie \u0159e\u0161it p\u0159estupky souvisej\u00edc\u00ed se syst\u00e9mem L17. Z\u00e1rove\u0148 m\u011bli mo\u017enost diskutovat legislativn\u00ed zm\u011bny a jejich praktick\u00e9 dopady.<\/p>\n<p><em>\u201eNa\u0161e spolupr\u00e1ce s Asociac\u00ed auto\u0161kol \u010cR je na v\u00fdborn\u00e9 \u00farovni. Na valn\u00e9 hromad\u011b jsme se setkali s\u00a0provozovateli a u\u010diteli auto\u0161kol, kte\u0159\u00ed se zaj\u00edmali o podrobnosti k\u00a0nov\u00e9 legislativ\u011b &#8211; syst\u00e9mu L17, \u0159idi\u010d\u00e1ku na zkou\u0161ku a v dopravn\u00edm zna\u010den\u00ed nap\u0159\u00edklad na sd\u00edlen\u00e9 z\u00f3ny,\u201c<\/em> prozrazuje <strong>Pavel Fiala z \u0158editelstv\u00ed slu\u017eby dopravn\u00ed policie Policejn\u00edho prezidia \u010cR.<\/strong><\/p>\n<p>\u010clenov\u00e9 AA\u010cR si pochvaluj\u00ed pr\u00e1v\u011b to, \u017ee se v\u0161echny d\u016fle\u017eit\u00e9 informace dozv\u00eddaj\u00ed p\u0159\u00edmo od zdroje, \u017ee nejsou z\u00e1visl\u00ed na m\u00e9di\u00edch. A jsou aktivn\u00ed sou\u010d\u00e1st\u00ed procesu. Podle mnoh\u00fdch je pr\u00e1v\u011b toto kl\u00ed\u010dov\u00fd d\u016fvod, pro\u010d se stali \u010dleny Asociace auto\u0161kol \u010cR.<\/p>\n<p><img loading=\"lazy\" decoding=\"async\" class=\"alignnone size-medium wp-image-679\" src=\"http:\/\/www.automakers.cz\/wp-content\/uploads\/2023\/12\/asociace-autoskol-cr-small-5-900x600.jpg\" alt=\"\" width=\"900\" height=\"600\" srcset=\"https:\/\/www.automakers.cz\/wp-content\/uploads\/2023\/12\/asociace-autoskol-cr-small-5-900x600.jpg 900w, https:\/\/www.automakers.cz\/wp-content\/uploads\/2023\/12\/asociace-autoskol-cr-small-5-1024x683.jpg 1024w, https:\/\/www.automakers.cz\/wp-content\/uploads\/2023\/12\/asociace-autoskol-cr-small-5-768x512.jpg 768w, https:\/\/www.automakers.cz\/wp-content\/uploads\/2023\/12\/asociace-autoskol-cr-small-5-1536x1024.jpg 1536w, https:\/\/www.automakers.cz\/wp-content\/uploads\/2023\/12\/asociace-autoskol-cr-small-5-2048x1365.jpg 2048w\" sizes=\"auto, (max-width: 900px) 100vw, 900px\" \/><\/p>\n<p><em>\u201eV roce 2023 prob\u011bhla \u0159ada \u0161kolen\u00ed, nejen k nov\u00e9 legislativ\u011b. Byl to nabit\u00fd rok &#8211; uspo\u0159\u00e1dali jsme osm semin\u00e1\u0159\u016f pro u\u010ditele a provozovatele auto\u0161kol na poli p\u016fsobnosti skupiny B, dev\u011bt kurz\u016f pro u\u010ditele, kte\u0159\u00ed se zab\u00fdvaj\u00ed jednostop\u00fdm vozidlem, a obs\u00e1hli jsme i skupinu C, kdy jsme uspo\u0159\u00e1dali semin\u00e1\u0159e se spole\u010dnost\u00ed Scania. M\u00e1me za sebou velkou konferenci Bezpe\u010dnost vzd\u011bl\u00e1v\u00e1n\u00ed \u0159idi\u010d\u016f 2023, kter\u00e9 se \u00fa\u010dastnilo v\u00edce ne\u017e 550 host\u016f. Pro vzd\u011bl\u00e1v\u00e1n\u00ed na\u0161ich \u010dlen\u016f d\u011bl\u00e1me opravdu hodn\u011b,\u201c<\/em> <strong>sumarizuje Ji\u0159\u00ed Novotn\u00fd, m\u00edstop\u0159edseda AA\u010cR.<\/strong><\/p>\n<p>Sou\u010d\u00e1st\u00ed valn\u00e9 hromady byla tak\u00e9 \u00fa\u010dast dodavatel\u016f a partner\u016f z\u00a0oblasti auto\u0161kolstv\u00ed. \u00da\u010dastn\u00edci m\u011bli mo\u017enost hovo\u0159it s autory 3D virtu\u00e1ln\u00ed reality, s\u00a0organiz\u00e1tory Mark\u00e9tiny dopravn\u00ed v\u00fdchovy i se z\u00e1stupci poji\u0161\u0165ovny Kooperativa, s n\u00ed\u017e AA\u010cR nav\u00e1zala u\u017e\u0161\u00ed spolupr\u00e1ci. Pr\u016fnikem obou spole\u010dnost\u00ed se stala aplikaci Koopilot i flotilov\u00e9 poji\u0161t\u011bn\u00ed vozidel auto\u0161kol.<\/p>\n<p><strong>Syst\u00e9m L17<\/strong><\/p>\n<p>Od 1. ledna roku 2024 mohou mlad\u00ed za\u010d\u00ednaj\u00edc\u00ed \u0159idi\u010di do provozu vyrazit, v doprovodu sv\u00e9ho mentora, ji\u017e po sv\u00fdch sedmn\u00e1ct\u00fdch narozenin\u00e1ch. Asociace auto\u0161kol \u010cesk\u00e9 republiky ve spolupr\u00e1ci s Ministerstvem dopravy p\u0159ipravila pr\u00e1v\u011b pro budouc\u00ed mentory p\u0159edev\u0161\u00edm z \u0159ad rodi\u010d\u016f komplexn\u00ed syst\u00e9m, kter\u00fd je provede cel\u00fdm procesem mentoringu.<\/p>\n<figure class=\"wp-block-embed wp-block-embed-youtube is-type-video is-provider-youtube epyt-figure\"><div class=\"wp-block-embed__wrapper\"><iframe loading=\"lazy\"  id=\"_ytid_26864\"  width=\"640\" height=\"360\"  data-origwidth=\"640\" data-origheight=\"360\" src=\"https:\/\/www.youtube.com\/embed\/hqmrsfl-NM0?enablejsapi=1&autoplay=0&cc_load_policy=0&cc_lang_pref=&iv_load_policy=1&loop=0&modestbranding=0&rel=1&fs=1&playsinline=0&autohide=2&theme=dark&color=red&controls=1&\" class=\"__youtube_prefs__  no-lazyload\" title=\"YouTube player\"  allow=\"accelerometer; autoplay; clipboard-write; encrypted-media; gyroscope; picture-in-picture\" allowfullscreen data-no-lazy=\"1\" data-skipgform_ajax_framebjll=\"\"><\/iframe><\/div><\/figure>\n","protected":false},"excerpt":{"rendered":"<p>V\u00edce ne\u017e 150 u\u010ditel\u016f a provozovatel\u016f auto\u0161kol se na konci listopadu z\u00fa\u010dastnilo valn\u00e9 hromady Asociace&#8230;<\/p>\n","protected":false},"author":2,"featured_media":673,"comment_status":"open","ping_status":"open","sticky":false,"template":"","format":"standard","meta":{"footnotes":""},"categories":[26,46],"tags":[],"class_list":["post-672","post","type-post","status-publish","format-standard","has-post-thumbnail","hentry","category-eventy","category-vzdelani"],"_links":{"self":[{"href":"https:\/\/www.automakers.cz\/index.php?rest_route=\/wp\/v2\/posts\/672","targetHints":{"allow":["GET"]}}],"collection":[{"href":"https:\/\/www.automakers.cz\/index.php?rest_route=\/wp\/v2\/posts"}],"about":[{"href":"https:\/\/www.automakers.cz\/index.php?rest_route=\/wp\/v2\/types\/post"}],"author":[{"embeddable":true,"href":"https:\/\/www.automakers.cz\/index.php?rest_route=\/wp\/v2\/users\/2"}],"replies":[{"embeddable":true,"href":"https:\/\/www.automakers.cz\/index.php?rest_route=%2Fwp%2Fv2%2Fcomments&post=672"}],"version-history":[{"count":5,"href":"https:\/\/www.automakers.cz\/index.php?rest_route=\/wp\/v2\/posts\/672\/revisions"}],"predecessor-version":[{"id":713,"href":"https:\/\/www.automakers.cz\/index.php?rest_route=\/wp\/v2\/posts\/672\/revisions\/713"}],"wp:featuredmedia":[{"embeddable":true,"href":"https:\/\/www.automakers.cz\/index.php?rest_route=\/wp\/v2\/media\/673"}],"wp:attachment":[{"href":"https:\/\/www.automakers.cz\/index.php?rest_route=%2Fwp%2Fv2%2Fmedia&parent=672"}],"wp:term":[{"taxonomy":"category","embeddable":true,"href":"https:\/\/www.automakers.cz\/index.php?rest_route=%2Fwp%2Fv2%2Fcategories&post=672"},{"taxonomy":"post_tag","embeddable":true,"href":"https:\/\/www.automakers.cz\/index.php?rest_route=%2Fwp%2Fv2%2Ftags&post=672"}],"curies":[{"name":"wp","href":"https:\/\/api.w.org\/{rel}","templated":true}]}}