{"id":6746,"date":"2024-08-31T08:40:00","date_gmt":"2024-08-31T08:40:00","guid":{"rendered":"https:\/\/www.automakers.cz\/?p=6746"},"modified":"2024-08-31T08:40:00","modified_gmt":"2024-08-31T08:40:00","slug":"heat-tech-day-hyundai-ukazal-inovace-pro-chlazeni-aut","status":"publish","type":"post","link":"https:\/\/www.automakers.cz\/?p=6746","title":{"rendered":"Heat Tech Day: Hyundai uk\u00e1zal inovace pro chlazen\u00ed aut"},"content":{"rendered":"<p><strong>Hyundai a Kia Corporation p\u0159edstavily na odborn\u00e9 prezentaci Heat Tech Day v jihokorejsk\u00e9m Soulu t\u0159i nov\u00e9 technologie, jejich\u017e \u00fa\u010delem je efektivn\u00ed regulace teploty v interi\u00e9rech aut. P\u0159\u00ednosem inovac\u00ed m\u00e1 b\u00fdt vy\u0161\u0161\u00ed \u00farove\u0148 komfortu za sou\u010dasn\u00e9ho zv\u00fd\u0161en\u00ed energetick\u00e9 hospod\u00e1rnosti.<\/strong><!--more--><\/p>\n<p>Ob\u011b zna\u010dky na akci prezentovaly sv\u00e9 \u00fasp\u011bchy v oblasti v\u00fdzkumu regulace teploty, kter\u00e1 je kl\u00ed\u010dov\u00fdm aspektem komfortu cestuj\u00edc\u00edch. Vzhledem k posouv\u00e1n\u00ed funkce aut od pouh\u00fdch dopravn\u00edch prost\u0159edk\u016f k \u017eivotn\u00edmu prostoru automobilky zam\u011b\u0159ily v\u00fdvoj pr\u00e1v\u011b na r\u016fzn\u00e9 technologie pro regulaci teploty, aby dok\u00e1zaly uspokojovat st\u00e1le vy\u0161\u0161\u00ed po\u017eadavky na pohodlnou mobilitu.<\/p>\n<p>Nov\u00e9 technologie jsou z\u00e1rove\u0148 \u00fasporn\u00e9, a umo\u017e\u0148uj\u00ed tak efektivn\u00ed vyu\u017e\u00edv\u00e1n\u00ed energie vozu v \u00e9\u0159e elektrifikace. Na technick\u00e9 prezentaci byly odhaleny t\u0159i nov\u00e9 technologie, p\u0159i\u010dem\u017e v\u0161echny ji\u017e dos\u00e1hly \u00farovn\u011b pot\u0159ebn\u00e9 pro velkos\u00e9riovou v\u00fdrobu:<\/p>\n<p>\u00b7 Chladic\u00ed nano f\u00f3lie \u2013 tento materi\u00e1l um\u00edst\u011bn\u00fd na oknech auta v\u00fdrazn\u011b sni\u017euje teplotu v interi\u00e9ru za hork\u00e9ho po\u010das\u00ed.<\/p>\n<p>\u00b7 S\u00e1lav\u00e1 topn\u00e1 soustava \u2013 za chladn\u00e9ho po\u010das\u00ed rychle, \u00fa\u010dinn\u011b a hospod\u00e1rn\u011b zvy\u0161uje vn\u00edmanou teplotu cestuj\u00edc\u00edch.<\/p>\n<p>\u00b7 Vyh\u0159\u00edv\u00e1n\u00ed skla vnit\u0159n\u00ed kovovou f\u00f3li\u00ed \u2013 prvn\u00ed 48V syst\u00e9m na sv\u011bt\u011b rychle p\u0159en\u00e1\u0161\u00ed teplo vznikaj\u00edc\u00ed pr\u016fchodem elektrick\u00e9ho proudu kovovou vrstvou do skla, a zbavuje ho tak n\u00e1mrazy a vlhkosti.<\/p>\n<p><img loading=\"lazy\" decoding=\"async\" class=\"alignnone size-medium wp-image-6748\" src=\"http:\/\/www.automakers.cz\/wp-content\/uploads\/2024\/08\/hyundai-kia-temperature-control-10-1_Image-Gallery-Item-Desktop-small-2-900x522.jpg\" alt=\"\" width=\"900\" height=\"522\" srcset=\"https:\/\/www.automakers.cz\/wp-content\/uploads\/2024\/08\/hyundai-kia-temperature-control-10-1_Image-Gallery-Item-Desktop-small-2-900x522.jpg 900w, https:\/\/www.automakers.cz\/wp-content\/uploads\/2024\/08\/hyundai-kia-temperature-control-10-1_Image-Gallery-Item-Desktop-small-2-1024x594.jpg 1024w, https:\/\/www.automakers.cz\/wp-content\/uploads\/2024\/08\/hyundai-kia-temperature-control-10-1_Image-Gallery-Item-Desktop-small-2-768x445.jpg 768w, https:\/\/www.automakers.cz\/wp-content\/uploads\/2024\/08\/hyundai-kia-temperature-control-10-1_Image-Gallery-Item-Desktop-small-2.jpg 1126w\" sizes=\"auto, (max-width: 900px) 100vw, 900px\" \/><\/p>\n<p><strong>Nano f\u00f3lie sni\u017euje teplotu i o v\u00edce ne\u017e 12 \u00b0C<\/strong><\/p>\n<p>V\u00fdzkumn\u00edci ji\u017e novou chladic\u00ed f\u00f3lii podrobili mno\u017estv\u00ed opakovan\u00fdch test\u016f, p\u0159i nich\u017e porovn\u00e1vali teploty uvnit\u0159 aut s f\u00f3li\u00ed a bez n\u00ed. Kdy\u017e byla nap\u0159\u00edklad v interi\u00e9ru vozu s b\u011b\u017en\u00fdm sklem nam\u011b\u0159ena teplota 48,5 \u00b0C, ve voze s chladic\u00ed nano f\u00f3li\u00ed bylo jen 36,0 \u00b0C. Poda\u0159ilo se tedy dos\u00e1hnout mimo\u0159\u00e1dn\u00e9ho sn\u00ed\u017een\u00ed teploty o 12,5 \u00b0C.<\/p>\n<p>F\u00f3lie nejen blokuje venkovn\u00ed infra\u010derven\u00e9 z\u00e1\u0159en\u00ed podobn\u011b jako tradi\u010dn\u00ed t\u00f3nov\u00e1n\u00ed skla, ale tak\u00e9 umo\u017e\u0148uje vyza\u0159ov\u00e1n\u00ed tepla z interi\u00e9ru ven. Je tvo\u0159ena t\u0159emi vrstvami, z nich\u017e dv\u011b odr\u00e1\u017eej\u00ed slune\u010dn\u00ed energii a t\u0159et\u00ed propou\u0161t\u00ed prost\u0159edn\u00ed p\u00e1smo infra\u010derven\u00e9ho spektra. F\u00f3lii je mo\u017en\u00e9 pou\u017e\u00edt i ve spojen\u00ed se st\u00e1vaj\u00edc\u00edmi t\u00f3novan\u00fdmi skly, ani\u017e by do\u0161lo ke zhor\u0161en\u00ed pr\u016fchodnosti sv\u011btla.<\/p>\n<p>Zna\u010dka Hyundai ji\u017e v dubnu 2024 realizovala kampa\u0148 \u201eMade Cooler by Hyundai\u201c, b\u011bhem n\u00ed\u017e zdarma nanesla transparentn\u00ed chladic\u00ed nano f\u00f3lii na 70 voz\u016f v P\u00e1kist\u00e1nu, kde je t\u00f3nov\u00e1n\u00ed skel legislativou zak\u00e1z\u00e1no. V\u00fdsledkem byly velmi pozitivn\u00ed ohlasy obyvatel. Kampa\u0148 i samotn\u00e1 technologie se n\u00e1sledn\u011b do\u010dkaly prezentace na festivalu reklamy Cannes Lions 2024. Hyundai Motor se tak stal prvn\u00edm v\u00fdrobcem aut, kter\u00fd na festivalu uspo\u0159\u00e1dal ofici\u00e1ln\u00ed technick\u00fd semin\u00e1\u0159.<\/p>\n<p><img loading=\"lazy\" decoding=\"async\" class=\"alignnone size-full wp-image-6749\" src=\"http:\/\/www.automakers.cz\/wp-content\/uploads\/2024\/08\/hyundai-kia-temperature-control-7-1_Single-Image-Desktop-small-3.jpg\" alt=\"\" width=\"885\" height=\"498\" srcset=\"https:\/\/www.automakers.cz\/wp-content\/uploads\/2024\/08\/hyundai-kia-temperature-control-7-1_Single-Image-Desktop-small-3.jpg 885w, https:\/\/www.automakers.cz\/wp-content\/uploads\/2024\/08\/hyundai-kia-temperature-control-7-1_Single-Image-Desktop-small-3-768x432.jpg 768w\" sizes=\"auto, (max-width: 885px) 100vw, 885px\" \/><\/p>\n<p><strong>S\u00e1lav\u00e1 topn\u00e1 soustava zah\u0159eje cestuj\u00edc\u00ed b\u011bhem p\u00e1r minut<\/strong><\/p>\n<p>S\u00e1lav\u00e1 soustava pou\u017e\u00edv\u00e1 topn\u00e9 prvky, kter\u00e9 vyd\u00e1vaj\u00ed s\u00e1lav\u00e9 teplo orientovan\u00e9 sm\u011brem k noh\u00e1m cestuj\u00edc\u00edch. Za chladn\u00e9ho po\u010das\u00ed dok\u00e1\u017ee tento prostor zah\u0159\u00e1t b\u011bhem t\u0159\u00ed minut, \u010d\u00edm\u017e v\u00fdrazn\u011b zv\u00fd\u0161\u00ed komfort cestuj\u00edc\u00edch. Krom\u011b rychlej\u0161\u00edho dosa\u017een\u00ed po\u017eadovan\u00e9 teploty um\u00ed syst\u00e9m sn\u00ed\u017eit mno\u017estv\u00ed pot\u0159ebn\u00e9 energie a\u017e o 17 procent.<\/p>\n<p>Od s\u00e1lav\u00e9 topn\u00e9 soustavy se o\u010dek\u00e1v\u00e1 i znateln\u00e9 prodlou\u017een\u00ed dojezdu elektromobil\u016f, proto\u017ee v zim\u011b umo\u017en\u00ed sn\u00ed\u017eit spot\u0159ebu energie. V prototypu Kia EV9 je namontov\u00e1no dev\u011bt panelov\u00fdch topn\u00fdch t\u011bles um\u00edst\u011bn\u00fdch mimo jin\u00e9 v oblastech paty sloupku \u0159\u00edzen\u00ed, v\u00fdpln\u00ed dve\u0159\u00ed \u0159idi\u010de a spolujezdce, st\u0159edov\u00e9 konzoly a spodn\u00ed \u010d\u00e1sti schr\u00e1nky p\u0159ed sedadlem spolujezdce.<\/p>\n<p>Syst\u00e9m se skl\u00e1d\u00e1 z vysokoteplotn\u00edho f\u00f3liov\u00e9ho topn\u00e9ho prvku a pojistn\u00e9ho syst\u00e9mu, kter\u00fd p\u016fsob\u00ed jako prevence p\u0159ed ne\u017e\u00e1douc\u00edm horkem. Topn\u00fd prvek, kter\u00fd dosahuje teploty a\u017e 110 \u00b0C, je zakryt\u00fd speci\u00e1ln\u00ed tkaninou, kter\u00e1 propou\u0161t\u00ed infra\u010derven\u00e9 z\u00e1\u0159en\u00ed a upravuje teplo na komfortn\u00ed \u00farove\u0148. Syst\u00e9m prevence pop\u00e1len\u00ed z\u00e1rove\u0148 rozpozn\u00e1 p\u0159\u00edpadn\u00fd kontakt s t\u011blem a okam\u017eit\u011b sn\u00ed\u017e\u00ed teplotu. Eliminace tohoto rizika zvy\u0161uje provozn\u00ed bezpe\u010dnost.<\/p>\n<p>Zna\u010dky Hyundai a Kia pl\u00e1nuj\u00ed s\u00e1lavou topnou soustavu postupn\u011b zav\u00e9st do sv\u00fdch budouc\u00edch model\u016f.<\/p>\n<p><strong>Kovov\u00e1 f\u00f3lie v okn\u011b rychle odstran\u00ed n\u00e1mrazu<\/strong><\/p>\n<p>Pr\u016fkopnick\u00fd syst\u00e9m vyh\u0159\u00edv\u00e1n\u00ed skla vnit\u0159n\u00ed kovovou f\u00f3li\u00ed v zim\u011b rychle odstran\u00ed z \u010deln\u00edho okna n\u00e1mrazu nebo vlhkost. Sklo s vnit\u0159n\u00ed kovovou f\u00f3li\u00ed nem\u00e1 viditeln\u00e9 prvky vyh\u0159\u00edvac\u00edho syst\u00e9mu, a poskytuje tak jasn\u00fd, ni\u010d\u00edm neru\u0161en\u00fd v\u00fdhled. Lep\u0161\u00ed v\u00fdhled z vozu znamen\u00e1 vy\u0161\u0161\u00ed bezpe\u010dnost v porovn\u00e1n\u00ed s b\u011b\u017en\u00fdmi syst\u00e9my vyh\u0159\u00edv\u00e1n\u00ed, nap\u0159\u00edklad s wolframov\u00fdmi dr\u00e1tky.<\/p>\n<p>Syst\u00e9m pracuj\u00edc\u00ed s nap\u011bt\u00edm 48 V dok\u00e1\u017ee kompletn\u011b rozmrazit povrch okna p\u0159i -18 \u00b0C b\u011bhem p\u011bti minut, tedy a\u017e \u010dty\u0159ikr\u00e1t rychleji, p\u0159i\u010dem\u017e spot\u0159ebuje asi o 10 procent m\u00e9n\u011b energie v porovn\u00e1n\u00ed s konven\u010dn\u00edmi klimatiza\u010dn\u00edmi syst\u00e9my. Kovov\u00e1 mezivrstva nav\u00edc za hork\u00e9ho po\u010das\u00ed pasivn\u011b odr\u00e1\u017e\u00ed nejm\u00e9n\u011b 60 procent slune\u010dn\u00ed energie, \u010d\u00edm\u017e v\u00fdrazn\u011b sni\u017euje pot\u0159ebu chlazen\u00ed interi\u00e9ru, a p\u0159isp\u00edv\u00e1 tak ke zna\u010dn\u00e9mu zv\u00fd\u0161en\u00ed energetick\u00e9 \u00faspornosti.<\/p>\n<p>Spole\u010dnosti Hyundai Motor Company a Kia Corporation ji\u017e po\u017e\u00e1daly o patentovou ochranu vyh\u0159\u00edv\u00e1n\u00ed skla vnit\u0159n\u00ed kovovou f\u00f3li\u00ed na v\u0161ech v\u00fdznamn\u00fdch trz\u00edch a pl\u00e1nuj\u00ed vyu\u017eit\u00ed t\u00e9to technologie ve sv\u00fdch budouc\u00edch vozech.<\/p>\n<p><img loading=\"lazy\" decoding=\"async\" class=\"alignnone size-medium wp-image-6750\" src=\"http:\/\/www.automakers.cz\/wp-content\/uploads\/2024\/08\/hyundai-kia-temperature-control-4-small-5-900x631.jpg\" alt=\"\" width=\"900\" height=\"631\" srcset=\"https:\/\/www.automakers.cz\/wp-content\/uploads\/2024\/08\/hyundai-kia-temperature-control-4-small-5-900x631.jpg 900w, https:\/\/www.automakers.cz\/wp-content\/uploads\/2024\/08\/hyundai-kia-temperature-control-4-small-5-1024x718.jpg 1024w, https:\/\/www.automakers.cz\/wp-content\/uploads\/2024\/08\/hyundai-kia-temperature-control-4-small-5-768x538.jpg 768w, https:\/\/www.automakers.cz\/wp-content\/uploads\/2024\/08\/hyundai-kia-temperature-control-4-small-5-1536x1077.jpg 1536w, https:\/\/www.automakers.cz\/wp-content\/uploads\/2024\/08\/hyundai-kia-temperature-control-4-small-5-2048x1436.jpg 2048w\" sizes=\"auto, (max-width: 900px) 100vw, 900px\" \/><\/p>\n","protected":false},"excerpt":{"rendered":"<p>Hyundai a Kia Corporation p\u0159edstavily na odborn\u00e9 prezentaci Heat Tech Day v jihokorejsk\u00e9m Soulu t\u0159i&#8230;<\/p>\n","protected":false},"author":2,"featured_media":6747,"comment_status":"closed","ping_status":"closed","sticky":false,"template":"","format":"standard","meta":{"footnotes":""},"categories":[22,40],"tags":[],"class_list":["post-6746","post","type-post","status-publish","format-standard","has-post-thumbnail","hentry","category-konference","category-technologie"],"_links":{"self":[{"href":"https:\/\/www.automakers.cz\/index.php?rest_route=\/wp\/v2\/posts\/6746","targetHints":{"allow":["GET"]}}],"collection":[{"href":"https:\/\/www.automakers.cz\/index.php?rest_route=\/wp\/v2\/posts"}],"about":[{"href":"https:\/\/www.automakers.cz\/index.php?rest_route=\/wp\/v2\/types\/post"}],"author":[{"embeddable":true,"href":"https:\/\/www.automakers.cz\/index.php?rest_route=\/wp\/v2\/users\/2"}],"replies":[{"embeddable":true,"href":"https:\/\/www.automakers.cz\/index.php?rest_route=%2Fwp%2Fv2%2Fcomments&post=6746"}],"version-history":[{"count":5,"href":"https:\/\/www.automakers.cz\/index.php?rest_route=\/wp\/v2\/posts\/6746\/revisions"}],"predecessor-version":[{"id":6773,"href":"https:\/\/www.automakers.cz\/index.php?rest_route=\/wp\/v2\/posts\/6746\/revisions\/6773"}],"wp:featuredmedia":[{"embeddable":true,"href":"https:\/\/www.automakers.cz\/index.php?rest_route=\/wp\/v2\/media\/6747"}],"wp:attachment":[{"href":"https:\/\/www.automakers.cz\/index.php?rest_route=%2Fwp%2Fv2%2Fmedia&parent=6746"}],"wp:term":[{"taxonomy":"category","embeddable":true,"href":"https:\/\/www.automakers.cz\/index.php?rest_route=%2Fwp%2Fv2%2Fcategories&post=6746"},{"taxonomy":"post_tag","embeddable":true,"href":"https:\/\/www.automakers.cz\/index.php?rest_route=%2Fwp%2Fv2%2Ftags&post=6746"}],"curies":[{"name":"wp","href":"https:\/\/api.w.org\/{rel}","templated":true}]}}