{"id":6760,"date":"2024-09-01T18:45:58","date_gmt":"2024-09-01T18:45:58","guid":{"rendered":"https:\/\/www.automakers.cz\/?p=6760"},"modified":"2024-09-01T18:46:52","modified_gmt":"2024-09-01T18:46:52","slug":"spanelsko-dostane-obri-dotaci-na-zeleny-vodik","status":"publish","type":"post","link":"https:\/\/www.automakers.cz\/?p=6760","title":{"rendered":"\u0160pan\u011blsko z\u00edsk\u00e1 ob\u0159\u00ed dotaci na zelen\u00fd vod\u00edk"},"content":{"rendered":"<p><strong>Evropsk\u00e1 komise schv\u00e1lila \u0160pan\u011blsku podporu ve v\u00fd\u0161i 1,2 miliardy eur na financov\u00e1n\u00ed zv\u00fd\u0161en\u00ed v\u00fdroby zelen\u00e9ho vod\u00edku. Finan\u010dn\u00ed prost\u0159edky jsou ur\u010deny na podporu c\u00edl\u016f \u0160pan\u011blska st\u00e1t se v\u00fdznamn\u00fdm v\u00fdrobcem vod\u00edku z obnoviteln\u00fdch zdroj\u016f.<\/strong><!--more--><\/p>\n<p>\u0160pan\u011blsko se nijak nesna\u017e\u00ed skr\u00fdvat sv\u00e9 ambice st\u00e1t se \u0161pi\u010dkov\u00fdm v\u00fdrobcem zelen\u00e9ho vod\u00edku v r\u00e1mci celkov\u00e9 strategie Evropsk\u00e9 unie na dekarbonizaci a sn\u00ed\u017een\u00ed, nebo p\u0159\u00edpadn\u011b odstran\u011bn\u00ed z\u00e1vislosti na dovozu fosiln\u00edch paliv.<\/p>\n<p>\u0160pan\u011blsk\u00e1 strategie pro obnovitelnou v\u00fdrobu vod\u00edku je sou\u010d\u00e1st\u00ed programu, kter\u00fd bude pln\u011b financov\u00e1n z \u010d\u00e1sti fondu EU pro obnovu, kter\u00fd byl vytvo\u0159en v souvislosti s pandemi\u00ed covid-19. Z t\u011bchto pen\u011bz bude hrazena v\u00fdstavba v\u00fdrobn\u00edch z\u00e1vod\u016f o v\u00fdkonu nejm\u00e9n\u011b 100 megawatt\u016f v r\u00e1mci nov\u011b vytv\u00e1\u0159en\u00fdch &#8222;vod\u00edkov\u00fdch \u00fadol\u00ed\u201c na \u00fazem\u00ed cel\u00e9ho \u0160pan\u011blska.<\/p>\n<p><strong>\u0160pan\u011blsko m\u00e1 velk\u00fd potenci\u00e1l pro sol\u00e1rn\u00ed a v\u011btrn\u00e9 farmy<\/strong><\/p>\n<p>Zelen\u00fd vod\u00edk se vyr\u00e1b\u00ed prost\u0159ednictv\u00edm proces\u016f poh\u00e1n\u011bn\u00fdch obnovitelnou energi\u00ed. \u0160pan\u011blsko m\u00e1 p\u0159itom zna\u010dn\u00fd potenci\u00e1l pro v\u00fdstavbu nov\u00fdch sol\u00e1rn\u00edch a v\u011btrn\u00fdch farem, kter\u00e9 lze vyu\u017e\u00edt pro nap\u00e1jen\u00ed elektrolyz\u00e9r\u016f. Ty budou \u0161t\u011bpit molekuly vody na kysl\u00edk a vod\u00edk t\u00e9m\u011b\u0159 bez uhl\u00edkov\u00e9 stopy.<\/p>\n<p>M\u00edstop\u0159edsedkyn\u011b EK odpov\u011bdn\u00e1 za politiku hospod\u00e1\u0159sk\u00e9 sout\u011b\u017ee Margrethe Vestagerov\u00e1 zd\u016fraznila, \u017ee \u0161pan\u011blsk\u00e1 strategie pom\u016f\u017ee urychlit v\u00fdstavbu za\u0159\u00edzen\u00ed na v\u00fdrobu ekologick\u00e9ho vod\u00edku v EU, co\u017e je v souladu s celkov\u00fdmi strategick\u00fdmi c\u00edli unie. \u201eTento program rovn\u011b\u017e pom\u016f\u017ee \u0160pan\u011blsku sn\u00ed\u017eit z\u00e1vislost na dovozu fosiln\u00edch paliv a z\u00e1rove\u0148 minimalizovat p\u0159\u00edpadn\u00e9 naru\u0161en\u00ed hospod\u00e1\u0159sk\u00e9 sout\u011b\u017ee,\u201c uvedla Vestagerov\u00e1.<\/p>\n<p>Vod\u00edk je vedle elekt\u0159iny pova\u017eov\u00e1n za palivo budoucnosti, kter\u00e9 m\u00e1 \u0161irok\u00e9 uplatn\u011bn\u00ed nejen v doprav\u011b, ale i energetice a dal\u0161\u00edch odv\u011btv\u00edch. Jedn\u00edm z pr\u016fkopn\u00edk\u016f tohoto sm\u011bru je japonsk\u00e1 Toyota, kter\u00e1 p\u0159i\u0161la s prvn\u00edm vod\u00edkov\u00fdm vozem Mirai nebo vod\u00edkov\u00fd \u0159et\u011bzec testuje v r\u00e1mci experiment\u00e1ln\u00edho m\u011bsta Woven City.<\/p>\n<p><strong>Zdroj: Toyota<\/strong><\/p>\n","protected":false},"excerpt":{"rendered":"<p>Evropsk\u00e1 komise schv\u00e1lila \u0160pan\u011blsku podporu ve v\u00fd\u0161i 1,2 miliardy eur na financov\u00e1n\u00ed zv\u00fd\u0161en\u00ed v\u00fdroby zelen\u00e9ho&#8230;<\/p>\n","protected":false},"author":2,"featured_media":6761,"comment_status":"closed","ping_status":"closed","sticky":false,"template":"","format":"standard","meta":{"footnotes":""},"categories":[31,39],"tags":[],"class_list":["post-6760","post","type-post","status-publish","format-standard","has-post-thumbnail","hentry","category-news","category-vodik"],"_links":{"self":[{"href":"https:\/\/www.automakers.cz\/index.php?rest_route=\/wp\/v2\/posts\/6760","targetHints":{"allow":["GET"]}}],"collection":[{"href":"https:\/\/www.automakers.cz\/index.php?rest_route=\/wp\/v2\/posts"}],"about":[{"href":"https:\/\/www.automakers.cz\/index.php?rest_route=\/wp\/v2\/types\/post"}],"author":[{"embeddable":true,"href":"https:\/\/www.automakers.cz\/index.php?rest_route=\/wp\/v2\/users\/2"}],"replies":[{"embeddable":true,"href":"https:\/\/www.automakers.cz\/index.php?rest_route=%2Fwp%2Fv2%2Fcomments&post=6760"}],"version-history":[{"count":4,"href":"https:\/\/www.automakers.cz\/index.php?rest_route=\/wp\/v2\/posts\/6760\/revisions"}],"predecessor-version":[{"id":6792,"href":"https:\/\/www.automakers.cz\/index.php?rest_route=\/wp\/v2\/posts\/6760\/revisions\/6792"}],"wp:featuredmedia":[{"embeddable":true,"href":"https:\/\/www.automakers.cz\/index.php?rest_route=\/wp\/v2\/media\/6761"}],"wp:attachment":[{"href":"https:\/\/www.automakers.cz\/index.php?rest_route=%2Fwp%2Fv2%2Fmedia&parent=6760"}],"wp:term":[{"taxonomy":"category","embeddable":true,"href":"https:\/\/www.automakers.cz\/index.php?rest_route=%2Fwp%2Fv2%2Fcategories&post=6760"},{"taxonomy":"post_tag","embeddable":true,"href":"https:\/\/www.automakers.cz\/index.php?rest_route=%2Fwp%2Fv2%2Ftags&post=6760"}],"curies":[{"name":"wp","href":"https:\/\/api.w.org\/{rel}","templated":true}]}}