{"id":6763,"date":"2024-09-01T18:51:42","date_gmt":"2024-09-01T18:51:42","guid":{"rendered":"https:\/\/www.automakers.cz\/?p=6763"},"modified":"2024-09-01T18:51:42","modified_gmt":"2024-09-01T18:51:42","slug":"eu-ma-pres-780-tisic-dobijecich-bodu","status":"publish","type":"post","link":"https:\/\/www.automakers.cz\/?p=6763","title":{"rendered":"EU m\u00e1 p\u0159es 780 tis\u00edc dob\u00edjec\u00edch bod\u016f"},"content":{"rendered":"<p><strong>V EU je k dispozici p\u0159es 780 tis\u00edc ve\u0159ejn\u00fdch dob\u00edjec\u00edch bod\u016f, od ledna do \u010dervence bylo registrov\u00e1no 815 tis\u00edc nov\u00fdch osobn\u00edch bateriov\u00fdch elektromobil\u016f, meziro\u010dn\u011b o 0,4 % m\u00e9n\u011b.<\/strong><!--more--><\/p>\n<p>V zem\u00edch EU bylo letos od ledna do \u010dervence registrov\u00e1no 815 399 nov\u00fdch osobn\u00edch bateriov\u00fdch elektrick\u00fdch vozidel, meziro\u010dn\u011b o 0,4 % m\u00e9n\u011b, pod\u00edl na v\u0161ech registrac\u00edch dos\u00e1hl 12,5 %. V \u010cesku bylo ve stejn\u00e9m obdob\u00ed registrov\u00e1no 4 984 nov\u00fdch osobn\u00edch bateriov\u00fdch elektrick\u00fdch vozidel, meziro\u010dn\u011b o 43,4 % v\u00edce, pod\u00edl na v\u0161ech registrac\u00edch dos\u00e1hl 3,6 %.<\/p>\n<p>V zem\u00edch EU je provozov\u00e1no 786 713 ve\u0159ejn\u00fdch dob\u00edjec\u00edch bod\u016f, v \u010cesku pak po\u010det ve\u0159ejn\u00fdch dob\u00edjec\u00edch bod\u016f dos\u00e1hl t\u00e9m\u011b\u0159 5,5 tis\u00edce, vypl\u00fdv\u00e1 z aktualizovan\u00fdch informac\u00ed webu \u010cist\u00e1 doprava, kter\u00e9 vych\u00e1zej\u00ed ze zdrojov\u00fdch dat Evropsk\u00e9ho sdru\u017een\u00ed v\u00fdrobc\u016f automobil\u016f a Evropsk\u00e9 observato\u0159e pro alternativn\u00ed paliva.<\/p>\n<p>V EU bylo od ledna do \u010dervence tohoto roku registrov\u00e1no 6 537 362 nov\u00fdch osobn\u00edch vozidel (meziro\u010dn\u011b o 3,9 % v\u00edce), z nich 815 399 bylo bateriov\u00fdch elektrick\u00fdch (meziro\u010dn\u011b o 0,4 % m\u00e9n\u011b). Bateriov\u00e9 elektromobily byly s pod\u00edlem 12,5 % \u010dtvrtou nejobl\u00edben\u011bj\u0161\u00ed volbou, nejv\u00edce registrac\u00ed si p\u0159ipsaly benz\u00ednov\u00e9 motorizace (35,1% pod\u00edl; meziro\u010dn\u011b -1,3 %), p\u0159ed hybridn\u00edmi bez extern\u00edho dob\u00edjen\u00ed (29,6% pod\u00edl; meziro\u010dn\u011b +22,8 %) a dieselov\u00fdmi (12,8% pod\u00edl; meziro\u010dn\u011b -7,9 %), plug-in hybridy pak dos\u00e1hly pod\u00edlu 6,9 % (meziro\u010dn\u011b -4,1 %).<\/p>\n<p>\u201eNa 0,4% meziro\u010dn\u00ed pokles registrac\u00ed nov\u00fdch osobn\u00edch bateriov\u00fdch elektromobil\u016f b\u011bhem uplynul\u00fdch sedmi m\u011bs\u00edc\u016f v zem\u00edch EU, m\u011bla vliv zejm\u00e9na situace na nejv\u011bt\u0161\u00edm evropsk\u00e9m trhu \u2013 v N\u011bmecku, kde bylo letos registrov\u00e1no t\u00e9m\u011b\u0159 215 tis. BEVs, co\u017e p\u0159edstavovalo 20,1% meziro\u010dn\u00ed pokles registrac\u00ed. Obdobn\u00fd relativn\u00ed pokles byl evidov\u00e1n ve \u0160v\u00e9dsku, kde bylo registrov\u00e1no v\u00edce ne\u017e 47 tis. BEVs, meziro\u010dn\u011b o 19,4 % m\u00e9n\u011b. Naopak dal\u0161\u00ed v\u00fdznamn\u00e9 trhy EU zaznamenaly r\u016fst, nap\u0159. Francie +13,3 % (175 432 BEVs), Belgie +47,3 % (74 110 BEVs), Nizozemsko +4,7 % (68 572 BEVs), D\u00e1nsko +51,3 % (44 895 BEVs). V 17 zem\u00edch EU byl evidov\u00e1n meziro\u010dn\u00ed n\u00e1r\u016fst registrac\u00ed BEVs, v 10 pak pokles. Navzdory dlouhodob\u011b ne zcela lichotiv\u00e9 pozici \u010ceska mezi zem\u011bmi EU v pod\u00edlu BEVs, p\u0159edstavuje leto\u0161n\u00edch 4 984 registrac\u00ed BEVs 43,4% r\u016fst. V \u010dervenci bylo u n\u00e1s registrov\u00e1no 820 nov\u00fdch osobn\u00edch BEVs,\u201c uv\u00e1d\u00ed Luk\u00e1\u0161 Kadula z Centra dopravn\u00edho v\u00fdzkumu.<\/p>\n<p>\u201eAktu\u00e1ln\u011b je v \u010cesku provozov\u00e1no bezm\u00e1la 30 tis\u00edc osobn\u00edch bateriov\u00fdch elektrick\u00fdch vozidel kat. M1, b\u011bhem necel\u00fdch 8 m\u011bs\u00edc\u016f se tak jejich po\u010det zv\u00fd\u0161il t\u00e9m\u011b\u0159 o t\u0159etinu oproti bilanci na konci roku 2023. Podstatn\u00e1 \u010d\u00e1st letos registrovan\u00fdch BEVs byla i d\u00edky Z\u00e1ru\u010dn\u00edmu programu ELEKTROMOBILITA N\u00e1rodn\u00ed rozvojov\u00e9 banky. Elektrick\u00e1 vozidla s extern\u00edm dob\u00edjen\u00edm maj\u00ed v \u010cesku k dispozici 5 482 ve\u0159ejn\u00fdch dob\u00edjec\u00edch bod\u016f. V posledn\u00ed dob\u011b pozorujeme pozvoln\u00fd n\u00e1r\u016fst pod\u00edlu vysoce v\u00fdkonn\u00fdch bod\u016f s velmi rychl\u00fdm dob\u00edjen\u00edm 150+ kW, kter\u00fdch je k dispozici 377, tj. 6,9 %,\u201c dod\u00e1v\u00e1 Luk\u00e1\u0161 Kadula.<\/p>\n<p>Z pohledu zna\u010dek si letos b\u011bhem uplynul\u00fdch sedmi m\u011bs\u00edc\u016f v \u010cesku nejv\u00edce registrac\u00ed nov\u00fdch osobn\u00edch bateriov\u00fdch elektromobil\u016f p\u0159ipsaly automobilky Tesla (1 958), \u0160koda (473), Volvo (454), Hyundai (356) a BMW (259), nejregistrovan\u011bj\u0161\u00ed modely dle obchodn\u00edho ozna\u010den\u00ed: Tesla Model Y (1 030), Tesla Model 3 (896), \u0160koda Enyaq (472), Volvo EX30 (381) a Hyundai Kona (232). Aktu\u00e1ln\u00ed detailn\u00ed informace jsou k dispozici v p\u0159\u00edslu\u0161n\u00e9 interaktivn\u00ed sestav\u011b na webu \u010cist\u00e1 doprava.<\/p>\n<p><strong>Po\u010det ve\u0159ejn\u00fdch dob\u00edjec\u00edch bod\u016f v zem\u00edch EU p\u0159es\u00e1hl 780 tis\u00edc<\/strong><\/p>\n<p>V zem\u00edch Evropsk\u00e9 unie je provozov\u00e1no 786 813 ve\u0159ejn\u00fdch dob\u00edjec\u00edch bod\u016f, v \u010cesku pak 5 482. T\u00e9m\u011b\u0159 \u0161est z deseti, p\u0159esn\u011bji 58,4 % ve\u0159ejn\u00fdch dob\u00edjec\u00edch bod\u016f, je k dispozici ve t\u0159ech zem\u00edch EU: v Nizozemsku 21,4 %, v N\u011bmecku 18,5 % a ve Francii 18,4 %. Uveden\u00fdch t\u00e9m\u011b\u0159 5,5 tis\u00edce ve\u0159ejn\u00fdch dob\u00edjec\u00edch bod\u016f n\u00e1s mezi zem\u011bmi EU \u0159ad\u00ed na 18. m\u00edsto v p\u0159epo\u010dtu na po\u010det obyvatel, 19. m\u00edsto pak v p\u0159epo\u010dtu na d\u00e9lku silni\u010dn\u00ed s\u00edt\u011b.<\/p>\n<p>V zem\u00edch EU p\u0159ipad\u00e1 v pr\u016fm\u011bru 6,7 bateriov\u00fdch elektrick\u00fdch vozidel (kat. M1 + N1) na jeden ve\u0159ejn\u00fd dob\u00edjec\u00ed bod, v \u010cesku je tento pod\u00edl 5,3, v ostatn\u00edch zem\u00edch V4 pak: 13,7 v Ma\u010farsku, 7,6 v Polsku a 3,5 na Slovensku. Ze v\u0161ech provozovan\u00fdch ve\u0159ejn\u00fdch dob\u00edjec\u00edch bod\u016f v \u010cesku bylo 3 955 b\u011b\u017en\u00fdch (72,1 % AC), 1 150 v\u00fdkonn\u00fdch s rychl\u00fdm dob\u00edjen\u00edm (21,0 % DC do 149 kW) a 377 vysoce v\u00fdkonn\u00fdch s velmi rychl\u00fdm dob\u00edjen\u00edm (6,9 %).<\/p>\n<p><strong>Zdroj: Luk\u00e1\u0161 Kadula<\/strong><\/p>\n<p><img loading=\"lazy\" decoding=\"async\" class=\"alignnone size-medium wp-image-6765\" src=\"http:\/\/www.automakers.cz\/wp-content\/uploads\/2024\/08\/o1-900x566.png\" alt=\"\" width=\"900\" height=\"566\" srcset=\"https:\/\/www.automakers.cz\/wp-content\/uploads\/2024\/08\/o1-900x566.png 900w, https:\/\/www.automakers.cz\/wp-content\/uploads\/2024\/08\/o1-1024x644.png 1024w, https:\/\/www.automakers.cz\/wp-content\/uploads\/2024\/08\/o1-768x483.png 768w, https:\/\/www.automakers.cz\/wp-content\/uploads\/2024\/08\/o1.png 1082w\" sizes=\"auto, (max-width: 900px) 100vw, 900px\" \/><\/p>\n","protected":false},"excerpt":{"rendered":"<p>V EU je k dispozici p\u0159es 780 tis\u00edc ve\u0159ejn\u00fdch dob\u00edjec\u00edch bod\u016f, od ledna do \u010dervence&#8230;<\/p>\n","protected":false},"author":2,"featured_media":6764,"comment_status":"closed","ping_status":"closed","sticky":false,"template":"","format":"standard","meta":{"footnotes":""},"categories":[47,9,10],"tags":[],"class_list":["post-6763","post","type-post","status-publish","format-standard","has-post-thumbnail","hentry","category-doprava","category-elektromobily","category-statistika"],"_links":{"self":[{"href":"https:\/\/www.automakers.cz\/index.php?rest_route=\/wp\/v2\/posts\/6763","targetHints":{"allow":["GET"]}}],"collection":[{"href":"https:\/\/www.automakers.cz\/index.php?rest_route=\/wp\/v2\/posts"}],"about":[{"href":"https:\/\/www.automakers.cz\/index.php?rest_route=\/wp\/v2\/types\/post"}],"author":[{"embeddable":true,"href":"https:\/\/www.automakers.cz\/index.php?rest_route=\/wp\/v2\/users\/2"}],"replies":[{"embeddable":true,"href":"https:\/\/www.automakers.cz\/index.php?rest_route=%2Fwp%2Fv2%2Fcomments&post=6763"}],"version-history":[{"count":3,"href":"https:\/\/www.automakers.cz\/index.php?rest_route=\/wp\/v2\/posts\/6763\/revisions"}],"predecessor-version":[{"id":6797,"href":"https:\/\/www.automakers.cz\/index.php?rest_route=\/wp\/v2\/posts\/6763\/revisions\/6797"}],"wp:featuredmedia":[{"embeddable":true,"href":"https:\/\/www.automakers.cz\/index.php?rest_route=\/wp\/v2\/media\/6764"}],"wp:attachment":[{"href":"https:\/\/www.automakers.cz\/index.php?rest_route=%2Fwp%2Fv2%2Fmedia&parent=6763"}],"wp:term":[{"taxonomy":"category","embeddable":true,"href":"https:\/\/www.automakers.cz\/index.php?rest_route=%2Fwp%2Fv2%2Fcategories&post=6763"},{"taxonomy":"post_tag","embeddable":true,"href":"https:\/\/www.automakers.cz\/index.php?rest_route=%2Fwp%2Fv2%2Ftags&post=6763"}],"curies":[{"name":"wp","href":"https:\/\/api.w.org\/{rel}","templated":true}]}}