{"id":6767,"date":"2024-09-03T11:43:30","date_gmt":"2024-09-03T11:43:30","guid":{"rendered":"https:\/\/www.automakers.cz\/?p=6767"},"modified":"2024-09-03T11:43:30","modified_gmt":"2024-09-03T11:43:30","slug":"e-salon-kia-chysta-premieru-modelu-ev3","status":"publish","type":"post","link":"https:\/\/www.automakers.cz\/?p=6767","title":{"rendered":"e-SALON: Kia chyst\u00e1 premi\u00e9ru modelu EV3"},"content":{"rendered":"<p><strong>Elektrick\u00fd model EV3 bude jedn\u00edm z hlavn\u00edch tah\u00e1k\u016f expozice Kia na listopadov\u00e9m veletrhu \u010dist\u00e9 mobility e-SALON. Kia na veletrhu tak\u00e9 zve\u0159ejn\u00ed podrobnosti sv\u00e9 strategie pro rok 2025, kter\u00e1 zahrnuje uveden\u00ed t\u0159\u00ed nov\u00fdch model\u016f a modernizaci dvou nejprod\u00e1van\u011bj\u0161\u00edch model\u016f zna\u010dky na \u010desk\u00e9m trhu.<\/strong><!--more--><\/p>\n<p><em>\u201eP\u0159edstaven\u00edm modelu EV3 pokra\u010dujeme v napl\u0148ov\u00e1n\u00ed na\u0161eho pl\u00e1nu uv\u00e9st do roku 2027 na evropsk\u00fd trh 11 elektromobil\u016f. Kia EV3 nicm\u00e9n\u011b d\u00edky otev\u0159en\u00e9mu a inovativn\u011b pojat\u00e9mu interi\u00e9ru nab\u00eddne komfortn\u00ed vnit\u0159n\u00ed prostor pro p\u011bt cestuj\u00edc\u00edch v\u010detn\u011b zavazadlov\u00e9ho prostoru o objemu celkem 1 251 litr\u016f (dle VDA). V\u011b\u0159\u00edme, \u017ee to<\/em><em>\u00a0p\u0159esv\u011bd\u010d\u00ed mnoho motorist\u016f o v\u00fdhod\u00e1ch elektromobility,\u201c<\/em>\u00a0uvedl Arno\u0161t Barna, gener\u00e1ln\u00ed \u0159editel Kia Czech s\u00a0t\u00edm, \u017ee sou\u010d\u00e1st\u00ed prezentace na e-SALONU bude i p\u0159ehled novinek pro rok 2025. \u201e<em>Vedle \u010dist\u00fdch elektromobil\u016f a jednoho \u010d\u00e1ste\u010dn\u011b elektrifikovan\u00e9ho v\u011b\u0159\u00edme, \u017ee se n\u00e1m poda\u0159\u00ed uv\u00e9st i novinku s ozna\u010den\u00edm PBV, se kterou ofici\u00e1ln\u011b vstoup\u00edme mezi dodavatele u\u017eitkov\u00fdch voz\u016f,\u201c\u00a0<\/em>dodal A. Barna.<\/p>\n<p>Sv\u011btov\u00e1 premi\u00e9ra nov\u00e9ho crossoveru Kia EV3 se uskute\u010dnila letos v\u00a0kv\u011btnu a v\u00fdroba prvn\u00edch voz\u016f za\u010dala letos v srpnu v\u00a0Ji\u017en\u00ed Koreji. Jde o dal\u0161\u00ed elektromobil nov\u00e9 generace zna\u010dky Kia, jen\u017e se v\u00a0nab\u00eddce automobilky za\u0159ad\u00ed vedle model\u016f EV6 a EV9. S\u00a0t\u011bmi m\u00e1 krom\u011b designu inspirovan\u00e9ho kontrasty spole\u010dn\u00fd i d\u016fraz na modern\u00ed technologie a udr\u017eitelnost v\u00fdroby, p\u0159i n\u00ed\u017e je u ka\u017ed\u00e9ho vozu vyu\u017eito na 28,5 kilogramu recyklovan\u00fdch materi\u00e1l\u016f.<\/p>\n<p>Kia EV3 je postavena na vyhrazen\u00e9 modul\u00e1rn\u00ed platform\u011b pro elektromobily E-GMP, d\u00edky \u010demu\u017e m\u016f\u017ee vyu\u017e\u00edvat bateriov\u00e9 technologie \u010dtvrt\u00e9 generace, v\u010detn\u011b technologie V2L s v\u00fdkonem a\u017e 3,6 kWh. EV3 tak m\u016f\u017ee poslou\u017eit jako zdroj energie pro dal\u0161\u00ed elektronick\u00e1 za\u0159\u00edzen\u00ed. Standardn\u00ed verze Kia EV3 nab\u00eddne baterii o kapacit\u011b 58,3 kWh, varianta Kia EV3 Long Range nab\u00edz\u00ed 81,4 kWh baterii, kter\u00e1 s pohonem 2WD dos\u00e1hne dojezdu a\u017e 605 km.<\/p>\n<p><strong>Zdroj: KIA<\/strong><\/p>\n","protected":false},"excerpt":{"rendered":"<p>Elektrick\u00fd model EV3 bude jedn\u00edm z hlavn\u00edch tah\u00e1k\u016f expozice Kia na listopadov\u00e9m veletrhu \u010dist\u00e9 mobility&#8230;<\/p>\n","protected":false},"author":2,"featured_media":6768,"comment_status":"closed","ping_status":"closed","sticky":false,"template":"","format":"standard","meta":{"footnotes":""},"categories":[9,12,8],"tags":[],"class_list":["post-6767","post","type-post","status-publish","format-standard","has-post-thumbnail","hentry","category-elektromobily","category-premiery","category-vystavy"],"_links":{"self":[{"href":"https:\/\/www.automakers.cz\/index.php?rest_route=\/wp\/v2\/posts\/6767","targetHints":{"allow":["GET"]}}],"collection":[{"href":"https:\/\/www.automakers.cz\/index.php?rest_route=\/wp\/v2\/posts"}],"about":[{"href":"https:\/\/www.automakers.cz\/index.php?rest_route=\/wp\/v2\/types\/post"}],"author":[{"embeddable":true,"href":"https:\/\/www.automakers.cz\/index.php?rest_route=\/wp\/v2\/users\/2"}],"replies":[{"embeddable":true,"href":"https:\/\/www.automakers.cz\/index.php?rest_route=%2Fwp%2Fv2%2Fcomments&post=6767"}],"version-history":[{"count":5,"href":"https:\/\/www.automakers.cz\/index.php?rest_route=\/wp\/v2\/posts\/6767\/revisions"}],"predecessor-version":[{"id":6864,"href":"https:\/\/www.automakers.cz\/index.php?rest_route=\/wp\/v2\/posts\/6767\/revisions\/6864"}],"wp:featuredmedia":[{"embeddable":true,"href":"https:\/\/www.automakers.cz\/index.php?rest_route=\/wp\/v2\/media\/6768"}],"wp:attachment":[{"href":"https:\/\/www.automakers.cz\/index.php?rest_route=%2Fwp%2Fv2%2Fmedia&parent=6767"}],"wp:term":[{"taxonomy":"category","embeddable":true,"href":"https:\/\/www.automakers.cz\/index.php?rest_route=%2Fwp%2Fv2%2Fcategories&post=6767"},{"taxonomy":"post_tag","embeddable":true,"href":"https:\/\/www.automakers.cz\/index.php?rest_route=%2Fwp%2Fv2%2Ftags&post=6767"}],"curies":[{"name":"wp","href":"https:\/\/api.w.org\/{rel}","templated":true}]}}