{"id":6774,"date":"2024-09-01T15:58:22","date_gmt":"2024-09-01T15:58:22","guid":{"rendered":"https:\/\/www.automakers.cz\/?p=6774"},"modified":"2024-09-01T15:58:22","modified_gmt":"2024-09-01T15:58:22","slug":"dachser-nasadil-elektricke-fuso-ecanter","status":"publish","type":"post","link":"https:\/\/www.automakers.cz\/?p=6774","title":{"rendered":"Dachser nasadil elektrick\u00e9 FUSO eCanter"},"content":{"rendered":"<p><strong>Dachser Czech Republic roz\u0161\u00ed\u0159il svoje lok\u00e1ln\u00ed bezemisn\u00ed doru\u010dov\u00e1n\u00ed. Jako prvn\u00ed v \u010cesk\u00e9 republice m\u00e1 ve sv\u00e9 s\u00edti elektrick\u00e1 rozvozov\u00e1 vozidla FUSO eCanter Next Generation, kter\u00e1 nasadil na region\u00e1ln\u00ed trasy. <\/strong><!--more--><\/p>\n<p>Vozidlo FUSO eCanter Next Generation m\u00e1 u\u017eite\u010dn\u00e9 zat\u00ed\u017een\u00ed 8.550 kg a pro m\u011bstskou logistiku poskytuje kombinaci lo\u017en\u00e9ho prostoru pro 14 palet a dostate\u010dn\u00e9ho dojezdu. Kabina a pou\u017eit\u00e9 technologie poskytuj\u00ed u\u017eivatelsk\u00fd komfort \u2013 pln\u011b digit\u00e1ln\u00ed IPS p\u0159\u00edstrojov\u00e1 deska nab\u00edz\u00ed mnoho prvk\u016f pro bezpe\u010dnou j\u00edzdu a zobrazuje d\u016fle\u017eit\u00e9 informace k provozu vozidla, jako je \u00farove\u0148 nabit\u00ed baterie nebo v\u00fd\u0161e rekuperace a dal\u0161\u00ed. Na rozd\u00edl od jin\u00fdch elektrick\u00fdch vozidel se m\u016f\u017ee nov\u00fd FUSO eCanter nab\u00edjet nejen na vysokorychlostn\u00edch dob\u00edjec\u00edch stanic\u00edch (DC), ale tak\u00e9 na AC stanic\u00edch s technologi\u00ed nab\u00edjen\u00ed st\u0159\u00eddav\u00fdm proudem.<\/p>\n<p>\u201eBezemisn\u00ed z\u00e1sobov\u00e1n\u00ed se velmi dob\u0159e osv\u011bd\u010duje zejm\u00e9na v m\u011bstsk\u00e9 logistice. Na FUSO eCanter Next Generation jsme si v \u010cesk\u00e9 republice museli dlouho po\u010dkat a jsme p\u0159esv\u011bd\u010deni, \u017ee to pro na\u0161e \u00fa\u010dely byla dobr\u00e1 volba,\u201c uv\u00e1d\u00ed Michal K\u0159i\u017ean, General Manager pobo\u010dky Dachser Kladno, a dod\u00e1v\u00e1, \u201eide\u00e1ln\u011b dopln\u00ed n\u00e1\u0161 mix vozidel na elektropohon a poskytne na\u0161emu lok\u00e1ln\u00edmu bezemisn\u00edmu \u00fasil\u00ed dodate\u010dnou kapacitu.\u201c<\/p>\n<p>Nov\u00e1 vozidla FUSO eCanter u\u017e nyn\u00ed realizuj\u00ed z\u00e1sobov\u00e1n\u00ed na prvn\u00ed a posledn\u00ed m\u00edli v s\u00edti Dachser. Z Kladna z\u00e1sobuje FUSO eCanter spole\u010dn\u011b se st\u00e1vaj\u00edc\u00edm e-vozidlem MAN centrum Prahy a je sou\u010d\u00e1st\u00ed lok\u00e1ln\u00edho bezemisn\u00edho konceptu DACHSER Emission-Free Delivery. V r\u00e1mci tohoto konceptu Dachser distribuuje v\u0161echny z\u00e1silky do definovan\u00e9 oblasti Prahy zcela bezemisn\u011b. Koncept funguje od roku 2020 a vyu\u017e\u00edv\u00e1 pra\u017esk\u00e9 mikrodepo v T\u011b\u0161nov\u011b, odkud jsou vybran\u00e9 z\u00e1silky distribuov\u00e1ny na n\u00e1kladn\u00edch elektrokolech.<\/p>\n<p>Dachser tak\u00e9 jako prvn\u00ed spole\u010dnost u n\u00e1s zavedla i cyklodistribuci cel\u00fdch paletov\u00fdch z\u00e1silek pomoc\u00ed p\u0159\u00edv\u011bsn\u00e9ho za\u0159\u00edzen\u00ed pro n\u00e1kladn\u00ed e- kolo. Objemn\u011bj\u0161\u00ed z\u00e1silky a z\u00e1silky do \u0161ir\u0161\u00edho okol\u00ed hlavn\u00edho m\u011bsta zav\u00e1\u017e\u00ed FUSO eCanter p\u0159\u00edpadn\u011b eMAN k z\u00e1kazn\u00edk\u016fm spole\u010dnosti Dachser na p\u0159\u00edmo.<\/p>\n<p>\u201eV Hradci Kr\u00e1lov\u00e9 p\u0159eb\u00edr\u00e1 FUSO eCanter roli cyklokur\u00fdr\u016f, kte\u0159\u00ed z\u00e1sobovali m\u011bstsk\u00e9 centrum p\u0159\u00edmo z Dachser pobo\u010dky. \u201eFUSO eCanter m\u00e1 pro obsluhu centra Hradce Kr\u00e1lov\u00e9 ide\u00e1ln\u00ed parametry. Um\u00edst\u011bn\u00ed pobo\u010dky bl\u00edzko centra m\u011bsta, stejn\u011b tak jako nainstalovan\u00e1 dob\u00edjec\u00ed infrastruktura n\u00e1m v r\u00e1mci t\u00e9to technologie umo\u017e\u0148uj\u00ed b\u00fdt flexibiln\u00ed,\u201c komentuje Ond\u0159ej Dvo\u0159\u00e1k, Branch Manager pobo\u010dky Dachser Hradec Kr\u00e1lov\u00e9.<\/p>\n<p><strong>Vozidla s nulov\u00fdmi emisemi i na d\u00e1lkov\u00fdch tras\u00e1ch<\/strong><\/p>\n<p>Dachser Czech Republic nasazuje vozidla na elektropohon v\u0161ude tam, kde to d\u00e1v\u00e1 smysl. V lo\u0148sk\u00e9m roce spole\u010dnost nap\u0159\u00edklad spustila i dv\u011b d\u00e1lkov\u00e9 denn\u00ed linky sb\u011brn\u00e9 slu\u017eby provozovan\u00e9 kamiony na elektropohon \u2013 jednu n\u00e1rodn\u00ed mezi pobo\u010dkami v Kladn\u011b a Hradci Kr\u00e1lov\u00e9, druhou mezin\u00e1rodn\u00ed, kter\u00e1 spojuje n\u011bmeck\u00fd Hof a Kladno. Krom\u011b toho v\u00fdznamn\u011b investuje do vlastn\u00ed dob\u00edjec\u00ed infrastruktury. Moment\u00e1ln\u011b u\u017e funguj\u00ed dob\u00edjec\u00ed stanice typu DC \u010di AC na v\u0161ech \u010desk\u00fdch pobo\u010dk\u00e1ch.<\/p>\n<p>\u201eNa\u0161e odd\u011blen\u00ed v\u00fdzkumu a v\u00fdvoje se intenzivn\u011b zab\u00fdv\u00e1 alternativn\u00edmi pohony a jejich p\u0159\u00ednosy v re\u00e1ln\u00e9 praxi. Na\u0161e spole\u010dnost jako jedna z prvn\u00edch testovala eActros od Mercedes Benz, prvn\u00ed elektrick\u00e9 n\u00e1kladn\u00ed vozidlo s vysokou u\u017eitkovou hmotnost\u00ed, je\u0161t\u011b mimo s\u00e9riovou v\u00fdrobu a spolupracuje i s dal\u0161\u00edmi v\u00fdrobci. Pro ka\u017ed\u00fd region pe\u010dliv\u011b vyb\u00edr\u00e1me nejvhodn\u011bj\u0161\u00ed vozovou techniku a syst\u00e9m distribuce, a t\u011b\u0161\u00ed n\u00e1s, \u017ee se na vybran\u00fdch relac\u00edch lok\u00e1ln\u00ed bezemisn\u00ed z\u00e1sobov\u00e1n\u00ed osv\u011bd\u010duje i v \u010cesk\u00e9 republice,\u201c uv\u00e1d\u00ed Ing. Jan Pihar, gener\u00e1ln\u00ed \u0159editel Dachser Czech Republic.<\/p>\n<p>\u201eLok\u00e1ln\u00edmu bezemisn\u00edmu z\u00e1sobov\u00e1n\u00ed v\u011bnujeme na\u0161i pozornost a pr\u016fb\u011b\u017en\u011b testujeme i dal\u0161\u00ed alternativy ke konven\u010dn\u00edm pohon\u016fm a paliv\u016fm, nicm\u00e9n\u011b z d\u016fvodu absence technick\u00e9ho \u0159e\u0161en\u00ed s nulov\u00fdmi emisemi pro d\u00e1lkov\u00e9 trasy nap\u0159\u00ed\u010d Evropou je prozat\u00edm st\u00e1le nejv\u011bt\u0161\u00edm p\u0159\u00ednosem pro sni\u017eov\u00e1n\u00ed uhl\u00edkov\u00e9 stopy n\u00e1kladn\u00edch p\u0159eprav obecn\u011b vysok\u00fd stupe\u0148 optimalizace n\u00e1kladu, lo\u017en\u00e9ho prostoru a tras. Na tom spole\u010dn\u011b s na\u0161imi z\u00e1kazn\u00edky neust\u00e1le usilovn\u011b pracujeme,\u201c dod\u00e1v\u00e1 Jan Pihar.<\/p>\n<p><strong>Zdroj: Dachser<\/strong><\/p>\n","protected":false},"excerpt":{"rendered":"<p>Dachser Czech Republic roz\u0161\u00ed\u0159il svoje lok\u00e1ln\u00ed bezemisn\u00ed doru\u010dov\u00e1n\u00ed. Jako prvn\u00ed v \u010cesk\u00e9 republice m\u00e1 ve&#8230;<\/p>\n","protected":false},"author":2,"featured_media":6775,"comment_status":"closed","ping_status":"closed","sticky":false,"template":"","format":"standard","meta":{"footnotes":""},"categories":[9,57,43],"tags":[],"class_list":["post-6774","post","type-post","status-publish","format-standard","has-post-thumbnail","hentry","category-elektromobily","category-emise","category-logistika"],"_links":{"self":[{"href":"https:\/\/www.automakers.cz\/index.php?rest_route=\/wp\/v2\/posts\/6774","targetHints":{"allow":["GET"]}}],"collection":[{"href":"https:\/\/www.automakers.cz\/index.php?rest_route=\/wp\/v2\/posts"}],"about":[{"href":"https:\/\/www.automakers.cz\/index.php?rest_route=\/wp\/v2\/types\/post"}],"author":[{"embeddable":true,"href":"https:\/\/www.automakers.cz\/index.php?rest_route=\/wp\/v2\/users\/2"}],"replies":[{"embeddable":true,"href":"https:\/\/www.automakers.cz\/index.php?rest_route=%2Fwp%2Fv2%2Fcomments&post=6774"}],"version-history":[{"count":3,"href":"https:\/\/www.automakers.cz\/index.php?rest_route=\/wp\/v2\/posts\/6774\/revisions"}],"predecessor-version":[{"id":6790,"href":"https:\/\/www.automakers.cz\/index.php?rest_route=\/wp\/v2\/posts\/6774\/revisions\/6790"}],"wp:featuredmedia":[{"embeddable":true,"href":"https:\/\/www.automakers.cz\/index.php?rest_route=\/wp\/v2\/media\/6775"}],"wp:attachment":[{"href":"https:\/\/www.automakers.cz\/index.php?rest_route=%2Fwp%2Fv2%2Fmedia&parent=6774"}],"wp:term":[{"taxonomy":"category","embeddable":true,"href":"https:\/\/www.automakers.cz\/index.php?rest_route=%2Fwp%2Fv2%2Fcategories&post=6774"},{"taxonomy":"post_tag","embeddable":true,"href":"https:\/\/www.automakers.cz\/index.php?rest_route=%2Fwp%2Fv2%2Ftags&post=6774"}],"curies":[{"name":"wp","href":"https:\/\/api.w.org\/{rel}","templated":true}]}}