{"id":6778,"date":"2024-09-03T11:44:41","date_gmt":"2024-09-03T11:44:41","guid":{"rendered":"https:\/\/www.automakers.cz\/?p=6778"},"modified":"2024-09-03T11:44:41","modified_gmt":"2024-09-03T11:44:41","slug":"skoda-nasazuje-superb-ve-verzi-sportline","status":"publish","type":"post","link":"https:\/\/www.automakers.cz\/?p=6778","title":{"rendered":"\u0160koda nasazuje Superb ve verzi Sportline"},"content":{"rendered":"<p><strong>\u0160koda Superb Sportline je nejsportovn\u011bj\u0161\u00ed verz\u00ed modelu Superb. Jej\u00ed vzhled podtrhuj\u00ed le\u0161t\u011bn\u00e1 18&#8243; kola v antracitov\u00e9 barv\u011b, prvky karoserie v leskl\u00e9 \u010dern\u00e9 barv\u011b a nov\u00e1 plaketa s n\u00e1pisem Sportline na p\u0159edn\u00edch blatn\u00edc\u00edch. <\/strong><!--more--><\/p>\n<p>Oba dostupn\u00e9 interi\u00e9ry Sportline jsou vybaveny vyh\u0159\u00edvan\u00fdmi p\u0159edn\u00edmi sportovn\u00edmi sedadly s integrovan\u00fdmi op\u011brkami hlavy a manu\u00e1ln\u011b nastavitelnou d\u00e9lkou sed\u00e1ku. Sou\u010d\u00e1st\u00ed standardn\u00ed v\u00fdbavy je progresivn\u00ed \u0159\u00edzen\u00ed a sportovn\u00ed podvozek sn\u00ed\u017een\u00fd o 15 mm, Matrix-LED p\u0159edn\u00ed sv\u011btlomety a Top LED zadn\u00ed sv\u011btla s animovan\u00fdmi ukazateli sm\u011bru.<\/p>\n<div id=\"panel-379236-2-0-0\" class=\"so-panel widget widget_ys-row-toggle panel-first-child no-margins active\" data-index=\"2\">\n<div class=\"default-bottom-margin panel-widget-style panel-widget-style-for-379236-2-0-0\">\n<div class=\"so-widget-ys-row-toggle so-widget-ys-row-toggle-base\">\n<h4 class=\"row-title\">\u010cern\u00e9 designov\u00e9 prvky a rozs\u00e1hl\u00e1 standardn\u00ed v\u00fdbava<\/h4>\n<\/div>\n<\/div>\n<\/div>\n<div id=\"panel-379236-2-0-1\" class=\"so-panel widget widget_siteorigin-panels-builder panel-last-child\" data-index=\"3\">\n<div class=\"default-bottom-margin panel-widget-style panel-widget-style-for-379236-2-0-1\">\n<div id=\"pl-w66cc5d9a614a8\" class=\"panel-layout\">\n<div id=\"pg-w66cc5d9a614a8-0\" class=\"panel-grid panel-no-style\">\n<div id=\"pgc-w66cc5d9a614a8-0-0\" class=\"panel-grid-cell\">\n<div id=\"panel-w66cc5d9a614a8-0-0-0\" class=\"so-panel widget widget_sow-editor panel-first-child panel-last-child\" data-index=\"0\">\n<div class=\"default-bottom-margin panel-widget-style panel-widget-style-for-w66cc5d9a614a8-0-0-0\">\n<div class=\"so-widget-sow-editor so-widget-sow-editor-base\">\n<div class=\"siteorigin-widget-tinymce textwidget\">\n<p>Sportovn\u00ed vzhled vozu \u0160koda Superb Sportline podtrhuj\u00ed designov\u00e9 prvky v \u010dern\u00e9 leskl\u00e9 barv\u011b. Jak je pro modely \u0160koda Sportline typick\u00e9, r\u00e1me\u010dek masky chladi\u010de, li\u0161ty kolem bo\u010dn\u00edch oken, kryty vn\u011bj\u0161\u00edch zp\u011btn\u00fdch zrc\u00e1tek, li\u0161ta na specifick\u00e9m p\u0159edn\u00edm n\u00e1razn\u00edku, p\u0159\u00eddavn\u00e9 d\u00edly na p\u0159edn\u00edm n\u00e1razn\u00edku, st\u0159e\u0161n\u00ed nosi\u010d verze kombi a n\u00e1pis \u0160koda na p\u00e1t\u00fdch dve\u0159\u00edch jsou \u010dern\u011b lakovan\u00e9.<\/p>\n<p>V \u010dern\u00e9 leskl\u00e9 barv\u011b je tak\u00e9 spoiler p\u00e1t\u00fdch dve\u0159\u00ed verze liftback a li\u0161ta na zadn\u00edm difuzoru. Sou\u010d\u00e1st\u00ed standardn\u00ed v\u00fdbavy jsou Matrix-LED p\u0159edn\u00ed sv\u011btlomety, Top LED zadn\u00ed sv\u011btla s animovan\u00fdmi ukazateli sm\u011bru a funkc\u00ed Coming\/Leaving Home a elektricky ovl\u00e1dan\u00e9 p\u00e1t\u00e9 dve\u0159e s virtu\u00e1ln\u00edm ped\u00e1lem. Standardem modelu Superb Sportline jsou tak\u00e9 nov\u00e1 le\u0161t\u011bn\u00e1 18&#8243; antracitov\u00e1 kola Vela s matn\u011b \u010dern\u00fdmi aero kryty. Na p\u0159\u00e1n\u00ed jsou k dispozici 19&#8243; st\u0159\u00edbrn\u00e1 aero kola Aniara s matn\u011b \u010dern\u00fdmi aero kryty a 19&#8243; \u010dern\u00e1 kola Torcular. P\u0159edn\u00ed blatn\u00edky zdob\u00ed nov\u00e1 plaketa s n\u00e1pisem Sportline.<\/p>\n<h4><a href=\"https:\/\/www.skoda-storyboard.com\/cs\/tiskove-mapy\/nova-skoda-superb-tiskova-mapa-3\/videa\/attachment\/skoda_superb_sportline_cz_71fc0501\/\">\u0160koda Superb Sportline<\/a><\/h4>\n<p><img loading=\"lazy\" decoding=\"async\" class=\"alignnone size-medium wp-image-6780\" src=\"http:\/\/www.automakers.cz\/wp-content\/uploads\/2024\/08\/Superb_Sportline_Exterier_Predni_fef31cec-small-2-900x506.jpg\" alt=\"\" width=\"900\" height=\"506\" srcset=\"https:\/\/www.automakers.cz\/wp-content\/uploads\/2024\/08\/Superb_Sportline_Exterier_Predni_fef31cec-small-2-900x506.jpg 900w, https:\/\/www.automakers.cz\/wp-content\/uploads\/2024\/08\/Superb_Sportline_Exterier_Predni_fef31cec-small-2-1024x576.jpg 1024w, https:\/\/www.automakers.cz\/wp-content\/uploads\/2024\/08\/Superb_Sportline_Exterier_Predni_fef31cec-small-2-768x432.jpg 768w, https:\/\/www.automakers.cz\/wp-content\/uploads\/2024\/08\/Superb_Sportline_Exterier_Predni_fef31cec-small-2-1536x864.jpg 1536w, https:\/\/www.automakers.cz\/wp-content\/uploads\/2024\/08\/Superb_Sportline_Exterier_Predni_fef31cec-small-2-1280x720.jpg 1280w, https:\/\/www.automakers.cz\/wp-content\/uploads\/2024\/08\/Superb_Sportline_Exterier_Predni_fef31cec-small-2.jpg 1920w\" sizes=\"auto, (max-width: 900px) 100vw, 900px\" \/><\/p>\n<div id=\"panel-379236-3-0-0\" class=\"so-panel widget widget_ys-row-toggle panel-first-child no-margins active\" data-index=\"4\">\n<div class=\"default-bottom-margin panel-widget-style panel-widget-style-for-379236-3-0-0\">\n<div class=\"so-widget-ys-row-toggle so-widget-ys-row-toggle-base\">\n<h4 class=\"row-title\">Dal\u0161\u00ed komfortn\u00ed prvky<\/h4>\n<\/div>\n<\/div>\n<\/div>\n<div id=\"panel-379236-3-0-1\" class=\"so-panel widget widget_siteorigin-panels-builder panel-last-child\" data-index=\"5\">\n<div class=\"default-bottom-margin panel-widget-style panel-widget-style-for-379236-3-0-1\">\n<div id=\"pl-w66cc5d9a61e3c\" class=\"panel-layout\">\n<div id=\"pg-w66cc5d9a61e3c-0\" class=\"panel-grid panel-no-style\">\n<div id=\"pgc-w66cc5d9a61e3c-0-0\" class=\"panel-grid-cell\">\n<div id=\"panel-w66cc5d9a61e3c-0-0-0\" class=\"so-panel widget widget_sow-editor panel-first-child panel-last-child\" data-index=\"0\">\n<div class=\"default-bottom-margin panel-widget-style panel-widget-style-for-w66cc5d9a61e3c-0-0-0\">\n<div class=\"so-widget-sow-editor so-widget-sow-editor-base\">\n<div class=\"siteorigin-widget-tinymce textwidget\">\n<p>Superb Sportline nab\u00edz\u00ed tak\u00e9 dal\u0161\u00ed prvky zvy\u0161uj\u00edc\u00ed komfort. Jedn\u00edm z nich je funkce KESSY, kter\u00e1 zahrnuje novou funkci automatick\u00e9ho zamyk\u00e1n\u00ed p\u0159i odchodu od vozu a odemyk\u00e1n\u00ed vozu p\u0159i p\u0159ibl\u00ed\u017een\u00ed kl\u00ed\u010de k vozu, a osv\u011btlen\u00ed prohlubn\u00ed vn\u011bj\u0161\u00edch klik vozu. Sportovn\u00ed vzhled d\u00e1le podtrhuj\u00ed zatmaven\u00e1 bo\u010dn\u00ed okna a sklo p\u00e1t\u00fdch dve\u0159\u00ed (Sunset), co\u017e i v l\u00e9t\u011b zaru\u010duje p\u0159\u00edjemn\u00e9 klima ve voze. D\u00edky speci\u00e1ln\u00ed f\u00f3lii sni\u017euj\u00ed akustick\u00e1 laminovan\u00e1 p\u0159edn\u00ed a zadn\u00ed bo\u010dn\u00ed okna hluk v interi\u00e9ru. Mezi dal\u0161\u00ed standardn\u00ed prvky pat\u0159\u00ed sportovn\u00ed podvozek sn\u00ed\u017een\u00fd o 15 mm a progresivn\u00ed \u0159\u00edzen\u00ed. Na p\u0159\u00e1n\u00ed je k dispozici adaptivn\u00ed podvozek DCC+ Sport.<\/p>\n<div id=\"panel-379236-4-0-0\" class=\"so-panel widget widget_ys-row-toggle panel-first-child no-margins active\" data-index=\"6\">\n<div class=\"default-bottom-margin panel-widget-style panel-widget-style-for-379236-4-0-0\">\n<div class=\"so-widget-ys-row-toggle so-widget-ys-row-toggle-base\">\n<h4 class=\"row-title\">\u010cern\u00fd interi\u00e9r se dv\u011bma designy interi\u00e9ru<\/h4>\n<\/div>\n<\/div>\n<\/div>\n<div id=\"panel-379236-4-0-1\" class=\"so-panel widget widget_siteorigin-panels-builder panel-last-child\" data-index=\"7\">\n<div class=\"default-bottom-margin panel-widget-style panel-widget-style-for-379236-4-0-1\">\n<div id=\"pl-w66cc5f6fa6dc4\" class=\"panel-layout\">\n<div id=\"pg-w66cc5f6fa6dc4-0\" class=\"panel-grid panel-no-style\">\n<div id=\"pgc-w66cc5f6fa6dc4-0-0\" class=\"panel-grid-cell\">\n<div id=\"panel-w66cc5f6fa6dc4-0-0-0\" class=\"so-panel widget widget_sow-editor panel-first-child panel-last-child\" data-index=\"0\">\n<div class=\"default-bottom-margin panel-widget-style panel-widget-style-for-w66cc5f6fa6dc4-0-0-0\">\n<div class=\"so-widget-sow-editor so-widget-sow-editor-base\">\n<div class=\"siteorigin-widget-tinymce textwidget\">\n<p>Superb Sportline nab\u00edz\u00ed dva designy interi\u00e9ru, p\u0159i\u010dem\u017e oba jsou vybaveny vyh\u0159\u00edvan\u00fdmi p\u0159edn\u00edmi sportovn\u00edmi sedadly s integrovan\u00fdmi op\u011brkami hlavy a manu\u00e1ln\u011b nastavitelnou d\u00e9lkou sed\u00e1ku. Standardn\u011b dod\u00e1van\u00fd interi\u00e9r Sportline zahrnuje pln\u011b elektricky nastaviteln\u00e1 ergonomick\u00e1 p\u0159edn\u00ed sedadla s mas\u00e1\u017en\u00ed funkc\u00ed s deseti pneumaticky ovl\u00e1dan\u00fdmi mas\u00e1\u017en\u00edmi vaky, \u010daloun\u011bn\u00e1 mikrovl\u00e1knem Suedia v kombinaci s um\u011blou k\u016f\u017e\u00ed.<\/p>\n<p><img loading=\"lazy\" decoding=\"async\" class=\"alignnone size-medium wp-image-6781\" src=\"http:\/\/www.automakers.cz\/wp-content\/uploads\/2024\/08\/Superb_Sportline_Interier_df0bda52-small-3-900x506.jpg\" alt=\"\" width=\"900\" height=\"506\" srcset=\"https:\/\/www.automakers.cz\/wp-content\/uploads\/2024\/08\/Superb_Sportline_Interier_df0bda52-small-3-900x506.jpg 900w, https:\/\/www.automakers.cz\/wp-content\/uploads\/2024\/08\/Superb_Sportline_Interier_df0bda52-small-3-1024x576.jpg 1024w, https:\/\/www.automakers.cz\/wp-content\/uploads\/2024\/08\/Superb_Sportline_Interier_df0bda52-small-3-768x432.jpg 768w, https:\/\/www.automakers.cz\/wp-content\/uploads\/2024\/08\/Superb_Sportline_Interier_df0bda52-small-3-1536x864.jpg 1536w, https:\/\/www.automakers.cz\/wp-content\/uploads\/2024\/08\/Superb_Sportline_Interier_df0bda52-small-3-1280x720.jpg 1280w, https:\/\/www.automakers.cz\/wp-content\/uploads\/2024\/08\/Superb_Sportline_Interier_df0bda52-small-3.jpg 1920w\" sizes=\"auto, (max-width: 900px) 100vw, 900px\" \/><\/p>\n<p>Na p\u0159\u00e1n\u00ed je dod\u00e1v\u00e1n interi\u00e9r Sportline Suite s Top ergonomick\u00fdmi sedadly s certifik\u00e1tem n\u011bmeck\u00e9ho nez\u00e1visl\u00e9ho svazu AGR (Aktion Gesunder R\u00fccken &#8211; Kampa\u0148 za zdrav\u00e1 z\u00e1da), s vylep\u0161enou ergonomi\u00ed a pam\u011bt\u00ed s funkc\u00ed snadn\u00e9ho nastupov\u00e1n\u00ed, ventilac\u00ed a mas\u00e1\u017en\u00ed funkc\u00ed s deseti pneumaticky ovl\u00e1dan\u00fdmi mas\u00e1\u017en\u00edmi vaky. Sedadla jsou \u010daloun\u011bna perforovanou k\u016f\u017e\u00ed v kombinaci s um\u011blou k\u016f\u017e\u00ed. Oblo\u017een\u00ed stropu je v\u017edy \u010dern\u00e9. Dekora\u010dn\u00ed li\u0161ty na p\u0159\u00edstrojov\u00e9 desce a ve v\u00fdplni dve\u0159\u00ed jsou v dekoru Carbon. Sportovn\u00ed dynamick\u00e9 akcenty dod\u00e1vaj\u00ed interi\u00e9ru tak\u00e9 ped\u00e1ly s kryty z nerezov\u00e9 oceli.<\/p>\n<p>Standardem modelu Superb Sportline je tak\u00e9 t\u0159\u00edramenn\u00fd sportovn\u00ed multifunk\u010dn\u00ed volant s \u010dern\u00fdm pro\u0161\u00edv\u00e1n\u00edm a plaketou s n\u00e1pisem Sportline. Stejn\u011b jako ostatn\u00ed modely t\u00e9to \u0159ady dopl\u0148uje 10&#8243; virtu\u00e1ln\u00ed kokpit modelu Superb, kter\u00fd m\u00e1 specifickou grafiku, standardn\u011b dod\u00e1van\u00e1 voln\u011b stoj\u00edc\u00ed 13&#8243; obrazovka infotainmentu s navigac\u00ed. Sou\u010d\u00e1st\u00ed obou interi\u00e9r\u016f je tak\u00e9 ambientn\u00ed osv\u011btlen\u00ed.<\/p>\n<h4><a href=\"https:\/\/www.skoda-storyboard.com\/cs\/tiskove-mapy\/nova-skoda-superb-tiskova-mapa-3\/videa\/attachment\/rpa_cz_32fcfb69\/\">Parkov\u00e1n\u00ed na d\u00e1lku<\/a><\/h4>\n<p><img loading=\"lazy\" decoding=\"async\" class=\"alignnone size-medium wp-image-6782\" src=\"http:\/\/www.automakers.cz\/wp-content\/uploads\/2024\/08\/Superb_Sportline_Exterier_Zadni_d64874da-small-4-900x506.jpg\" alt=\"\" width=\"900\" height=\"506\" srcset=\"https:\/\/www.automakers.cz\/wp-content\/uploads\/2024\/08\/Superb_Sportline_Exterier_Zadni_d64874da-small-4-900x506.jpg 900w, https:\/\/www.automakers.cz\/wp-content\/uploads\/2024\/08\/Superb_Sportline_Exterier_Zadni_d64874da-small-4-1024x576.jpg 1024w, https:\/\/www.automakers.cz\/wp-content\/uploads\/2024\/08\/Superb_Sportline_Exterier_Zadni_d64874da-small-4-768x432.jpg 768w, https:\/\/www.automakers.cz\/wp-content\/uploads\/2024\/08\/Superb_Sportline_Exterier_Zadni_d64874da-small-4-1536x864.jpg 1536w, https:\/\/www.automakers.cz\/wp-content\/uploads\/2024\/08\/Superb_Sportline_Exterier_Zadni_d64874da-small-4-1280x720.jpg 1280w, https:\/\/www.automakers.cz\/wp-content\/uploads\/2024\/08\/Superb_Sportline_Exterier_Zadni_d64874da-small-4.jpg 1920w\" sizes=\"auto, (max-width: 900px) 100vw, 900px\" \/><\/p>\n<\/div>\n<\/div>\n<\/div>\n<\/div>\n<\/div>\n<\/div>\n<\/div>\n<\/div>\n<\/div>\n<\/div>\n<\/div>\n<\/div>\n<\/div>\n<\/div>\n<\/div>\n<\/div>\n<\/div>\n<\/div>\n<\/div>\n<\/div>\n<\/div>\n<\/div>\n<\/div>\n<\/div>\n<\/div>\n<\/div>\n<\/div>\n","protected":false},"excerpt":{"rendered":"<p>\u0160koda Superb Sportline je nejsportovn\u011bj\u0161\u00ed verz\u00ed modelu Superb. Jej\u00ed vzhled podtrhuj\u00ed le\u0161t\u011bn\u00e1 18&#8243; kola v&#8230;<\/p>\n","protected":false},"author":2,"featured_media":6779,"comment_status":"closed","ping_status":"closed","sticky":false,"template":"","format":"standard","meta":{"footnotes":""},"categories":[17,13],"tags":[],"class_list":["post-6778","post","type-post","status-publish","format-standard","has-post-thumbnail","hentry","category-dealeri","category-design"],"_links":{"self":[{"href":"https:\/\/www.automakers.cz\/index.php?rest_route=\/wp\/v2\/posts\/6778","targetHints":{"allow":["GET"]}}],"collection":[{"href":"https:\/\/www.automakers.cz\/index.php?rest_route=\/wp\/v2\/posts"}],"about":[{"href":"https:\/\/www.automakers.cz\/index.php?rest_route=\/wp\/v2\/types\/post"}],"author":[{"embeddable":true,"href":"https:\/\/www.automakers.cz\/index.php?rest_route=\/wp\/v2\/users\/2"}],"replies":[{"embeddable":true,"href":"https:\/\/www.automakers.cz\/index.php?rest_route=%2Fwp%2Fv2%2Fcomments&post=6778"}],"version-history":[{"count":7,"href":"https:\/\/www.automakers.cz\/index.php?rest_route=\/wp\/v2\/posts\/6778\/revisions"}],"predecessor-version":[{"id":6789,"href":"https:\/\/www.automakers.cz\/index.php?rest_route=\/wp\/v2\/posts\/6778\/revisions\/6789"}],"wp:featuredmedia":[{"embeddable":true,"href":"https:\/\/www.automakers.cz\/index.php?rest_route=\/wp\/v2\/media\/6779"}],"wp:attachment":[{"href":"https:\/\/www.automakers.cz\/index.php?rest_route=%2Fwp%2Fv2%2Fmedia&parent=6778"}],"wp:term":[{"taxonomy":"category","embeddable":true,"href":"https:\/\/www.automakers.cz\/index.php?rest_route=%2Fwp%2Fv2%2Fcategories&post=6778"},{"taxonomy":"post_tag","embeddable":true,"href":"https:\/\/www.automakers.cz\/index.php?rest_route=%2Fwp%2Fv2%2Ftags&post=6778"}],"curies":[{"name":"wp","href":"https:\/\/api.w.org\/{rel}","templated":true}]}}