{"id":6849,"date":"2024-09-04T06:13:03","date_gmt":"2024-09-04T06:13:03","guid":{"rendered":"https:\/\/www.automakers.cz\/?p=6849"},"modified":"2024-09-04T06:14:16","modified_gmt":"2024-09-04T06:14:16","slug":"cez-spustil-na-d1-nejvetsi-dobijeci-hub","status":"publish","type":"post","link":"https:\/\/www.automakers.cz\/?p=6849","title":{"rendered":"\u010cEZ spustil na D1 nejv\u011bt\u0161\u00ed dob\u00edjec\u00ed hub"},"content":{"rendered":"<p><strong>\u0160est vysoce v\u00fdkonn\u00fdch 320kW stanic a po \u010dty\u0159ech stojanech o v\u00fdkonech 180kW a 160 kW. Tak vypad\u00e1 aktu\u00e1ln\u011b nejv\u011bt\u0161\u00ed ve\u0159ejn\u00fd dob\u00edjec\u00ed hub ultrarychl\u00fdch stanic v \u010cesk\u00e9 republice, kter\u00fd se objevil na odpo\u010d\u00edvce Mikul\u00e1\u0161ov. <\/strong><!--more--><\/p>\n<p>Mno\u017estv\u00ed a v\u00fdkon stanic zaru\u010duje, \u017ee \u0159idi\u010d elektromobilu p\u0159i cest\u011b z Brna do Prahy v\u017edy najde voln\u00fd dob\u00edjec\u00ed konektor k rychl\u00e9mu dopln\u011bn\u00ed bezemisn\u00ed energie. S\u00ed\u0165 stanic \u010cEZ je nejv\u00fdkonn\u011bj\u0161\u00edm a nejroz\u0161\u00ed\u0159en\u011bj\u0161\u00edm syst\u00e9mem pro dob\u00edjen\u00ed elektroaut v \u010cR, od Chebu po T\u0159inec u\u017e jich \u0159idi\u010di mohou vyu\u017e\u00edvat 775. Dob\u00edjec\u00ed m\u00edsta vznikaj\u00ed d\u00edky Opera\u010dn\u00edmu programu Doprava i z vlastn\u00edch prost\u0159edk\u016f \u010cEZ.<\/p>\n<p>\u010cEZ pokra\u010duje v rychl\u00e9m roz\u0161i\u0159ov\u00e1n\u00ed s\u00edt\u011b ve\u0159ejn\u00fdch dob\u00edjec\u00edch stojan\u016f pro elektromobily a navy\u0161ov\u00e1n\u00ed jejich v\u00fdkonu. Popt\u00e1vku po zkr\u00e1cen\u00ed \u010das\u016f dob\u00edjen\u00ed pokr\u00fdv\u00e1 hlavn\u011b v\u00fdstavbou ultrarychl\u00fdch stanic pro bleskov\u00e9 dob\u00edjen\u00ed a z\u00e1rove\u0148 roz\u0161i\u0159ov\u00e1n\u00edm po\u010dtu lokalit s t\u011bmito stojany. Ty stav\u00ed v nejvyt\u00ed\u017een\u011bj\u0161\u00edch m\u00edstech u hlavn\u00edch tah\u016f a ve m\u011bstech. V\u00fdhodou pro \u0159idi\u010de je p\u0159edev\u0161\u00edm v\u00fdrazn\u00e9 zkr\u00e1cen\u00ed doby \u010derp\u00e1n\u00ed.<\/p>\n<p>Nejv\u011bt\u0161\u00ed po\u010det ultrarychl\u00fdch stojan\u016f na jednom m\u00edst\u011b aktu\u00e1ln\u011b nab\u00edz\u00ed nov\u00fd dob\u00edjec\u00ed hub \u010cEZ Mikul\u00e1\u0161ov na 96. km ve sm\u011bru z Brna do Prahy je \u0159idi\u010d\u016fm k dispozici celkem 15 stojan\u016f, z toho pr\u00e1v\u011b hned 14 ultrarychl\u00fdch.<\/p>\n<p><img loading=\"lazy\" decoding=\"async\" class=\"alignnone size-medium wp-image-6851\" src=\"http:\/\/www.automakers.cz\/wp-content\/uploads\/2024\/09\/02_Nejvetsi-ultrarychly-dobijeci-small-2-900x624.jpg\" alt=\"\" width=\"900\" height=\"624\" srcset=\"https:\/\/www.automakers.cz\/wp-content\/uploads\/2024\/09\/02_Nejvetsi-ultrarychly-dobijeci-small-2-900x624.jpg 900w, https:\/\/www.automakers.cz\/wp-content\/uploads\/2024\/09\/02_Nejvetsi-ultrarychly-dobijeci-small-2-1024x710.jpg 1024w, https:\/\/www.automakers.cz\/wp-content\/uploads\/2024\/09\/02_Nejvetsi-ultrarychly-dobijeci-small-2-768x532.jpg 768w, https:\/\/www.automakers.cz\/wp-content\/uploads\/2024\/09\/02_Nejvetsi-ultrarychly-dobijeci-small-2.jpg 1280w\" sizes=\"auto, (max-width: 900px) 100vw, 900px\" \/>\u201eSt\u00e1le zrychlujeme v\u00fdstavbu s\u00edt\u011b, aktu\u00e1ln\u011b nab\u00edz\u00edme \u0159idi\u010d\u016fm 775 stojan\u016f. Ale je\u0161t\u011b d\u016fle\u017eit\u011bj\u0161\u00ed je dal\u0161\u00ed zkracov\u00e1n\u00ed doby dob\u00edjen\u00ed. Sna\u017e\u00edme se proto pr\u016fb\u011b\u017en\u011b zvy\u0161ovat v\u00fdkon stojan\u016f a roz\u0161i\u0159ovat jejich po\u010dty. Symbolem t\u011bchto na\u0161ich c\u00edl\u016f je nov\u011b spu\u0161t\u011bn\u00fd nejv\u011bt\u0161\u00ed are\u00e1l ultrarychl\u00fdch stanic v \u010cesk\u00e9 republice, kde v jednu chv\u00edli m\u016f\u017ee ultrarychle dopl\u0148ovat energii 28 elektroaut najednou. D\u00edky v\u00fdkonu a po\u010dtu stanic si v\u011bt\u0161ina \u0159idi\u010d\u016f za 10 minut dopln\u00ed certifikovanou bezemisn\u00ed energii na dal\u0161\u00edch 150 kilometr\u016f j\u00edzdy. Chceme, aby u \u010cEZ lid\u00e9 i nad\u00e1le dob\u00edjeli v pr\u016fm\u011bru nejrychleji v \u010cesku,\u201c \u0159\u00edk\u00e1 Pavel Cyrani, m\u00edstop\u0159edseda p\u0159edstavenstva \u010cEZ.<\/p>\n<p>\u010cEZ v tuto chv\u00edli provozuje 10 lokalit se 3 a v\u00edce ultrafasty, dal\u0161\u00ed frekventovan\u00e1 m\u00edsta jsou vybavena dvojic\u00ed t\u011bchto stojan\u016f. Do konce roku cht\u011bj\u00ed energetici spustit provoz dal\u0161\u00edch p\u0159ibli\u017en\u011b 20 ultrarychl\u00fdch stanic.<\/p>\n<p>\u201eD\u00e1lnice D1 je u n\u00e1s st\u00e1le s velk\u00fdm n\u00e1skokem nejvyt\u00ed\u017een\u011bj\u0161\u00ed a ve sm\u011bru od Brna skute\u010dn\u011b velk\u00fd ultrarychl\u00fd hub dosud chyb\u011bl. V\u00fdhodou m\u00edsta je kvalitn\u00ed z\u00e1zem\u00ed bl\u00edzk\u00e9 \u010derpac\u00ed stanice. V\u011b\u0159\u00edme, \u017ee \u0159idi\u010di si hub obl\u00edb\u00ed a toto m\u00edsto se za\u0159ad\u00ed mezi nejvyu\u017e\u00edvan\u011bj\u0161\u00ed v s\u00edti dob\u00edjec\u00edch stojan\u016f \u010cEZ. P\u016fjdeme tomu naproti i dal\u0161\u00edm pr\u016fb\u011b\u017en\u00fdm navy\u0161ov\u00e1n\u00edm v\u00fdkonu zdej\u0161\u00edch stanic. V cel\u00e9 s\u00edti chceme do konce roku provozovat v\u00edce ne\u017e 100 ultrarychl\u00fdch stojan\u016f na p\u0159ibli\u017en\u011b 20 m\u00edstech po cel\u00e9 \u010cR. Pro rychlej\u0161\u00ed rozvoj t\u011bchto hub\u016f by bylo dobr\u00e9, aby s nab\u00eddkou vhodn\u00fdch lokalit aktivn\u011bji oslovoval provozovatele dob\u00edjec\u00edch s\u00edt\u00ed i s\u00e1m spr\u00e1vce d\u00e1lni\u010dn\u00ed s\u00edt\u011b,\u201c podotkl Tom\u00e1\u0161 Dzurilla, \u0159editel elektromobility \u010cEZ.<\/p>\n<p><strong>Zdroj: \u010cEZ<\/strong><\/p>\n<p><img loading=\"lazy\" decoding=\"async\" class=\"alignnone size-medium wp-image-6852\" src=\"http:\/\/www.automakers.cz\/wp-content\/uploads\/2024\/09\/03_Nejvetsi-ultrarychly-dobijeci-hub-small-3-900x675.jpg\" alt=\"\" width=\"900\" height=\"675\" srcset=\"https:\/\/www.automakers.cz\/wp-content\/uploads\/2024\/09\/03_Nejvetsi-ultrarychly-dobijeci-hub-small-3-900x675.jpg 900w, https:\/\/www.automakers.cz\/wp-content\/uploads\/2024\/09\/03_Nejvetsi-ultrarychly-dobijeci-hub-small-3-1024x768.jpg 1024w, https:\/\/www.automakers.cz\/wp-content\/uploads\/2024\/09\/03_Nejvetsi-ultrarychly-dobijeci-hub-small-3-768x576.jpg 768w, https:\/\/www.automakers.cz\/wp-content\/uploads\/2024\/09\/03_Nejvetsi-ultrarychly-dobijeci-hub-small-3-1536x1152.jpg 1536w, https:\/\/www.automakers.cz\/wp-content\/uploads\/2024\/09\/03_Nejvetsi-ultrarychly-dobijeci-hub-small-3.jpg 2016w\" sizes=\"auto, (max-width: 900px) 100vw, 900px\" \/><\/p>\n","protected":false},"excerpt":{"rendered":"<p>\u0160est vysoce v\u00fdkonn\u00fdch 320kW stanic a po \u010dty\u0159ech stojanech o v\u00fdkonech 180kW a 160 kW&#8230;.<\/p>\n","protected":false},"author":2,"featured_media":6850,"comment_status":"closed","ping_status":"closed","sticky":false,"template":"","format":"standard","meta":{"footnotes":""},"categories":[47,9],"tags":[],"class_list":["post-6849","post","type-post","status-publish","format-standard","has-post-thumbnail","hentry","category-doprava","category-elektromobily"],"_links":{"self":[{"href":"https:\/\/www.automakers.cz\/index.php?rest_route=\/wp\/v2\/posts\/6849","targetHints":{"allow":["GET"]}}],"collection":[{"href":"https:\/\/www.automakers.cz\/index.php?rest_route=\/wp\/v2\/posts"}],"about":[{"href":"https:\/\/www.automakers.cz\/index.php?rest_route=\/wp\/v2\/types\/post"}],"author":[{"embeddable":true,"href":"https:\/\/www.automakers.cz\/index.php?rest_route=\/wp\/v2\/users\/2"}],"replies":[{"embeddable":true,"href":"https:\/\/www.automakers.cz\/index.php?rest_route=%2Fwp%2Fv2%2Fcomments&post=6849"}],"version-history":[{"count":4,"href":"https:\/\/www.automakers.cz\/index.php?rest_route=\/wp\/v2\/posts\/6849\/revisions"}],"predecessor-version":[{"id":6913,"href":"https:\/\/www.automakers.cz\/index.php?rest_route=\/wp\/v2\/posts\/6849\/revisions\/6913"}],"wp:featuredmedia":[{"embeddable":true,"href":"https:\/\/www.automakers.cz\/index.php?rest_route=\/wp\/v2\/media\/6850"}],"wp:attachment":[{"href":"https:\/\/www.automakers.cz\/index.php?rest_route=%2Fwp%2Fv2%2Fmedia&parent=6849"}],"wp:term":[{"taxonomy":"category","embeddable":true,"href":"https:\/\/www.automakers.cz\/index.php?rest_route=%2Fwp%2Fv2%2Fcategories&post=6849"},{"taxonomy":"post_tag","embeddable":true,"href":"https:\/\/www.automakers.cz\/index.php?rest_route=%2Fwp%2Fv2%2Ftags&post=6849"}],"curies":[{"name":"wp","href":"https:\/\/api.w.org\/{rel}","templated":true}]}}