{"id":6854,"date":"2024-09-04T06:11:06","date_gmt":"2024-09-04T06:11:06","guid":{"rendered":"https:\/\/www.automakers.cz\/?p=6854"},"modified":"2024-09-04T06:11:06","modified_gmt":"2024-09-04T06:11:06","slug":"hennlich-postavi-ve-zdaru-fabriku-za-80-milionu","status":"publish","type":"post","link":"https:\/\/www.automakers.cz\/?p=6854","title":{"rendered":"HENNLICH postav\u00ed ve \u017d\u010f\u00e1ru fabriku za 80 milion\u016f"},"content":{"rendered":"<p><strong>Stroj\u00edrensk\u00e1 firma HENNLICH zah\u00e1jila v pr\u016fmyslov\u00e9 z\u00f3n\u011b na okraji \u017d\u010f\u00e1ru nad S\u00e1zavou v\u00fdstavbu pr\u016fmyslov\u00e9ho are\u00e1lu za 80 milion\u016f korun. Are\u00e1l bude slou\u017eit jako s\u00eddlo divize CEMA-TECH, kter\u00e1 ze \u017d\u010f\u00e1ru nad S\u00e1zavou ji\u017e t\u00e9m\u011b\u0159 30 let dod\u00e1v\u00e1 firm\u00e1m syst\u00e9my centr\u00e1ln\u00edho maz\u00e1n\u00ed a mazac\u00ed techniku. <\/strong><!--more--><\/p>\n<p>Pro firmu HENNLICH jde po Litom\u011b\u0159ic\u00edch a Opav\u011b ji\u017e o t\u0159et\u00ed vlastn\u00ed pr\u016fmyslov\u00fd are\u00e1l v \u010cesku. V\u00fdstavbu nov\u00e9 budovy zajist\u00ed spole\u010dnost PKS Stavby podle projektu kancel\u00e1\u0159e Pelik\u00e1n.<\/p>\n<p>Pavel \u0160umera, jednatel firmy HENNLICH: \u201eNov\u00fd are\u00e1l je v\u00fdznamn\u00fd rozvojov\u00fd krok nejen pro divizi CEMA-TECH, ale i pro celou firmu HENNLICH. D\u00edky nov\u00e9 budov\u011b se skladem a d\u00edlnou budeme moci z\u00e1kazn\u00edk\u016fm, kter\u00fdm dod\u00e1v\u00e1me centr\u00e1ln\u00ed mazac\u00ed syst\u00e9my, poskytovat je\u0161t\u011b lep\u0161\u00ed servis ne\u017e dosud. Are\u00e1l je navr\u017een tak, aby p\u0159in\u00e1\u0161el komfort zam\u011bstnanc\u016fm i n\u00e1v\u0161t\u011bvn\u00edk\u016fm. Jeho sou\u010d\u00e1st\u00ed jsou tak\u00e9 zelen\u00e9 technologie, jako je fotovoltaika a tepeln\u00e9 \u010derpadlo.\u201c<\/p>\n<p>V\u00fdstavba are\u00e1lu v Pr\u016fmyslov\u00e9 z\u00f3n\u011b Jamsk\u00e1 II. na okraji \u017d\u010f\u00e1ru nad S\u00e1zavou za\u010dala v polovin\u011b srpna. Hrub\u00e1 stavba by m\u011bla b\u00fdt hotova do konce roku a celkov\u011b by m\u011bl b\u00fdt are\u00e1l dokon\u010den za rok. Na pozemku zhruba 7500 metr\u016f \u010dtvere\u010dn\u00ed vyroste budova se zastav\u011bnou plochou t\u00e9m\u011b\u0159 1000 metr\u016f \u010dtvere\u010dn\u00edch. Budova je v prvn\u00ed etap\u011b navr\u017eena pro 25 a\u017e 35 zam\u011bstnanc\u016f.<\/p>\n<p>\u201eSou\u010d\u00e1st\u00ed are\u00e1lu budou kancel\u00e1\u0159e, jednac\u00ed m\u00edstnost, sklad, d\u00edlna a showroom. Proto\u017ee je stavba navr\u017eena modul\u00e1rn\u011b, je mo\u017en\u00e9 ji do budoucna je\u0161t\u011b roz\u0161\u00ed\u0159it,\u201c uvedl Pavel \u0160umera.<\/p>\n<p>P\u0159i v\u00fdstavb\u011b se po\u010d\u00edt\u00e1 s vyu\u017eit\u00edm zelen\u00fdch technologi\u00ed jako je fotovoltaick\u00e1 elektr\u00e1rna a vyt\u00e1p\u011bn\u00ed a chlazen\u00ed pomoc\u00ed tepeln\u00e9ho \u010derpadla. Budova bude m\u00edt tak\u00e9 zelenou st\u0159echu a \u010d\u00e1sti fas\u00e1dy porostl\u00e9 zelen\u00ed. Stejn\u011b jako nap\u0159\u00edklad v are\u00e1lu v Litom\u011b\u0159ic\u00edch se po\u010d\u00edt\u00e1 s t\u00edm, \u017ee \u010d\u00e1st de\u0161\u0165ov\u00e9 vody se bude j\u00edmat do podzemn\u00ed reten\u010dn\u00ed n\u00e1dr\u017ee, odkud se bude vyu\u017e\u00edvat na zal\u00e9v\u00e1n\u00ed, ale i jako technick\u00e1 voda v budov\u011b.<\/p>\n<p>Firma HENNLICH je pr\u016fmyslov\u00fdm distributorem a v\u00fdrobcem pr\u016fmyslov\u00fdch za\u0159\u00edzen\u00ed. Zab\u00fdv\u00e1 se dod\u00e1vkami komponent a pr\u016fmyslov\u00fdch celk\u016f pro mnoho odv\u011btv\u00ed. V lo\u0148sk\u00e9m roce dos\u00e1hla firma rekordn\u00edch tr\u017eeb 1,13 miliardy korun. Divize CEMA-TECH je jednou z deseti diviz\u00ed firmy a prim\u00e1rn\u011b se zam\u011b\u0159uje na dod\u00e1vky syst\u00e9m\u016f centr\u00e1ln\u00edho maz\u00e1n\u00ed a mazac\u00ed techniky pro firmy v \u010cesku a na Slovensku.<\/p>\n<p><img loading=\"lazy\" decoding=\"async\" class=\"alignnone size-medium wp-image-6858\" src=\"http:\/\/www.automakers.cz\/wp-content\/uploads\/2024\/09\/TZ_HENNLICH_2024_09_02_HENNLICH-ve-Zdaru-postavi-prumyslovy-areal-za-80-milionu-Kc-small-2-900x477.jpg\" alt=\"\" width=\"900\" height=\"477\" srcset=\"https:\/\/www.automakers.cz\/wp-content\/uploads\/2024\/09\/TZ_HENNLICH_2024_09_02_HENNLICH-ve-Zdaru-postavi-prumyslovy-areal-za-80-milionu-Kc-small-2-900x477.jpg 900w, https:\/\/www.automakers.cz\/wp-content\/uploads\/2024\/09\/TZ_HENNLICH_2024_09_02_HENNLICH-ve-Zdaru-postavi-prumyslovy-areal-za-80-milionu-Kc-small-2-1024x542.jpg 1024w, https:\/\/www.automakers.cz\/wp-content\/uploads\/2024\/09\/TZ_HENNLICH_2024_09_02_HENNLICH-ve-Zdaru-postavi-prumyslovy-areal-za-80-milionu-Kc-small-2-768x407.jpg 768w, https:\/\/www.automakers.cz\/wp-content\/uploads\/2024\/09\/TZ_HENNLICH_2024_09_02_HENNLICH-ve-Zdaru-postavi-prumyslovy-areal-za-80-milionu-Kc-small-2-1536x814.jpg 1536w, https:\/\/www.automakers.cz\/wp-content\/uploads\/2024\/09\/TZ_HENNLICH_2024_09_02_HENNLICH-ve-Zdaru-postavi-prumyslovy-areal-za-80-milionu-Kc-small-2.jpg 1918w\" sizes=\"auto, (max-width: 900px) 100vw, 900px\" \/><\/p>\n","protected":false},"excerpt":{"rendered":"<p>Stroj\u00edrensk\u00e1 firma HENNLICH zah\u00e1jila v pr\u016fmyslov\u00e9 z\u00f3n\u011b na okraji \u017d\u010f\u00e1ru nad S\u00e1zavou v\u00fdstavbu pr\u016fmyslov\u00e9ho are\u00e1lu&#8230;<\/p>\n","protected":false},"author":2,"featured_media":6857,"comment_status":"closed","ping_status":"closed","sticky":false,"template":"","format":"standard","meta":{"footnotes":""},"categories":[23,3],"tags":[],"class_list":["post-6854","post","type-post","status-publish","format-standard","has-post-thumbnail","hentry","category-dodavatele","category-investice"],"_links":{"self":[{"href":"https:\/\/www.automakers.cz\/index.php?rest_route=\/wp\/v2\/posts\/6854","targetHints":{"allow":["GET"]}}],"collection":[{"href":"https:\/\/www.automakers.cz\/index.php?rest_route=\/wp\/v2\/posts"}],"about":[{"href":"https:\/\/www.automakers.cz\/index.php?rest_route=\/wp\/v2\/types\/post"}],"author":[{"embeddable":true,"href":"https:\/\/www.automakers.cz\/index.php?rest_route=\/wp\/v2\/users\/2"}],"replies":[{"embeddable":true,"href":"https:\/\/www.automakers.cz\/index.php?rest_route=%2Fwp%2Fv2%2Fcomments&post=6854"}],"version-history":[{"count":2,"href":"https:\/\/www.automakers.cz\/index.php?rest_route=\/wp\/v2\/posts\/6854\/revisions"}],"predecessor-version":[{"id":6910,"href":"https:\/\/www.automakers.cz\/index.php?rest_route=\/wp\/v2\/posts\/6854\/revisions\/6910"}],"wp:featuredmedia":[{"embeddable":true,"href":"https:\/\/www.automakers.cz\/index.php?rest_route=\/wp\/v2\/media\/6857"}],"wp:attachment":[{"href":"https:\/\/www.automakers.cz\/index.php?rest_route=%2Fwp%2Fv2%2Fmedia&parent=6854"}],"wp:term":[{"taxonomy":"category","embeddable":true,"href":"https:\/\/www.automakers.cz\/index.php?rest_route=%2Fwp%2Fv2%2Fcategories&post=6854"},{"taxonomy":"post_tag","embeddable":true,"href":"https:\/\/www.automakers.cz\/index.php?rest_route=%2Fwp%2Fv2%2Ftags&post=6854"}],"curies":[{"name":"wp","href":"https:\/\/api.w.org\/{rel}","templated":true}]}}