{"id":6889,"date":"2024-09-05T04:55:01","date_gmt":"2024-09-05T04:55:01","guid":{"rendered":"https:\/\/www.automakers.cz\/?p=6889"},"modified":"2024-09-05T04:55:01","modified_gmt":"2024-09-05T04:55:01","slug":"pospisilova-jde-z-csob-do-bdo","status":"publish","type":"post","link":"https:\/\/www.automakers.cz\/?p=6889","title":{"rendered":"Posp\u00ed\u0161ilov\u00e1 jde z \u010cSOB do BDO"},"content":{"rendered":"<p><strong>Da\u0148ov\u00e9 odd\u011blen\u00ed BDO se rozr\u016fst\u00e1 o expertku, kterou je sou\u010dasn\u00e1 prezidentka Komory da\u0148ov\u00fdch poradc\u016f Petra Posp\u00ed\u0161ilov\u00e1. Ve sv\u00e9m nov\u00e9m pracovi\u0161ti se bude zam\u011b\u0159ovat zejm\u00e9na na agendu dan\u011b z p\u0159\u00edjm\u016f pr\u00e1vnick\u00fdch osob s p\u0159esahem do mezin\u00e1rodn\u00edch aspekt\u016f zdan\u011bn\u00ed a d\u00e1le na da\u0148 z p\u0159idan\u00e9 hodnoty. <\/strong><!--more--><\/p>\n<p>P\u0159\u00edchod Petry Posp\u00ed\u0161ilov\u00e9 do BDO je pokra\u010dov\u00e1n\u00edm dlouhodob\u00e9ho posilov\u00e1n\u00ed da\u0148ov\u00e9ho odd\u011blen\u00ed BDO. K tomu se ji\u017e na za\u010d\u00e1tku roku p\u0159idala poradensk\u00e1 spole\u010dnost Euro-Trend Ji\u0159\u00edho Nekov\u00e1\u0159e.<\/p>\n<p>\u201eK p\u0159estupu do BDO m\u011b p\u0159im\u011blo p\u0159edev\u0161\u00edm to, \u017ee se jedn\u00e1 o velkou poradenskou spole\u010dnost v \u010desk\u00e9m vlastnictv\u00ed s pestrou \u0161k\u00e1lou slu\u017eeb a zaj\u00edmav\u00fdm portfoliem klient\u016f, ale BDO mne zaujala i z hlediska hodnot, svou firemn\u00ed kulturou a zdravou chut\u00ed rozv\u00edjet se a r\u016fst,\u201c \u0159\u00edk\u00e1 Petra Posp\u00ed\u0161ilov\u00e1. \u201eNa BDO jsem z\u00edsk\u00e1vala pozitivn\u00ed reference ji\u017e v pr\u016fb\u011bhu m\u00e9 p\u0159edchoz\u00ed praxe, a to jak od lid\u00ed z odborn\u00e9ho sv\u011bta, tak od klient\u016f a zam\u011bstnanc\u016f, kter\u00e9 jsem v profesn\u00edm prost\u0159ed\u00ed poznala,\u201c dopl\u0148uje prezidentka Komory da\u0148ov\u00fdch poradc\u016f.<\/p>\n<p>Do pov\u011bdom\u00ed odborn\u00e9 ve\u0159ejnosti se Petra Posp\u00ed\u0161ilov\u00e1 zapsala zejm\u00e9na jako dlouholet\u00e1 da\u0148ov\u00e1 \u0159editelka skupiny \u010cSOB, co\u017e ji mimo jin\u00e9 vyneslo do S\u00edn\u011b sl\u00e1vy nejvlivn\u011bj\u0161\u00edch \u017een \u010desk\u00e9ho finan\u010dn\u00edho sv\u011bta. Jej\u00ed p\u016fsoben\u00ed sah\u00e1 i do zahrani\u010d\u00ed \u2013 t\u0159i roky byla viceprezidentkou CFE Tax Advisers Europe, kter\u00e1 sdru\u017euje 30 profesn\u00edch organizac\u00ed da\u0148ov\u00fdch poradc\u016f z 24 zem\u00ed Evropy. Jako prezidentka Komory da\u0148ov\u00fdch poradc\u016f \u010cR p\u016fsob\u00ed ji\u017e dev\u011bt let.<\/p>\n<p>Pro BDO je to dal\u0161\u00ed person\u00e1ln\u00ed obohacen\u00ed po p\u0159\u00edchodu Ji\u0159\u00edho Nekov\u00e1\u0159e za\u010d\u00e1tkem roku, kter\u00fd tak\u00e9 v minulosti zast\u00e1val post prezidenta Komory, a to nejd\u00e9le ze v\u0161ech. Z dosavadn\u00ed \u0161estice prezident\u016f Komory da\u0148ov\u00fdch poradc\u016f v BDO p\u016fsob\u00ed je\u0161t\u011b Martin Tu\u010dek.<\/p>\n<p>\u201eV BDO pracujeme na tom, abychom nad\u00e1le byli \u0161pi\u010dkou z pohledu odbornosti a kvality dod\u00e1van\u00fdch slu\u017eeb. Sna\u017e\u00edme se nicm\u00e9n\u011b b\u00fdt tak\u00e9 firmou pro lidi, pro zam\u011bstnance, kte\u0159\u00ed si v BDO cht\u011bj\u00ed plnit sv\u00e9 profesn\u00ed sny, a samoz\u0159ejm\u011b pro klienty, kte\u0159\u00ed zase maj\u00ed sv\u00e9 sny, ty podnikatelsk\u00e9. K tomu, abychom byli v tomto sna\u017een\u00ed \u00fasp\u011b\u0161n\u00ed, n\u00e1m pom\u00e1h\u00e1 propracovan\u00fd syst\u00e9m odborn\u00e9ho rozvoje a tak\u00e9 konkr\u00e9tn\u00ed lid\u00e9, odborn\u00edci, kte\u0159\u00ed sv\u00e9 zku\u0161enosti a know-how vyu\u017e\u00edvaj\u00ed nejen p\u0159i sv\u00e9m poradenstv\u00ed klient\u016fm, ale p\u0159ed\u00e1vaj\u00ed je i dal\u0161\u00edm zam\u011bstnanc\u016fm nebo budouc\u00edm expert\u016fm obecn\u011b,\u201c komentuje \u0159\u00edd\u00edc\u00ed partner BDO v \u010cesk\u00e9 republice Miroslav Jande\u010dka.<\/p>\n<p>\u201eO to v\u00edce n\u00e1s t\u011b\u0161\u00ed, \u017ee se k n\u00e1m s d\u016fv\u011brou p\u0159ipojily takov\u00e9 osobnosti, jako je pr\u00e1v\u011b Petra, a v ned\u00e1vn\u00e9 dob\u011b i Ji\u0159\u00ed Nekov\u00e1\u0159 nebo V\u00e1clav \u010cepel\u00e1k z Gener\u00e1ln\u00edho finan\u010dn\u00edho \u0159editelstv\u00ed. Roz\u0161i\u0159uj\u00ed n\u00e1\u0161 pohled na trh o dal\u0161\u00ed perspektivu, d\u00edky \u010demu\u017e m\u016f\u017eeme efektivn\u011bji pom\u00e1hat firm\u00e1m ve zvl\u00e1dnut\u00ed v\u0161ech z\u00e1le\u017eitost\u00ed. Z\u00e1rove\u0148 m\u016f\u017eeme se z\u00e1stupci ve\u0159ejn\u00e9 spr\u00e1vy v\u00e9st dialog o tom, jak zjednodu\u0161it a zp\u0159ehlednit legislativu a zachovat p\u0159itom jej\u00ed regula\u010dn\u00ed smysl,\u201c dopl\u0148uje Miroslav Jande\u010dka.<\/p>\n<p><img loading=\"lazy\" decoding=\"async\" class=\" wp-image-6894\" src=\"http:\/\/www.automakers.cz\/wp-content\/uploads\/2024\/09\/BDO_Petra-Pospisilova-2.jpg\" alt=\"\" width=\"915\" height=\"1135\" \/><\/p>\n","protected":false},"excerpt":{"rendered":"<p>Da\u0148ov\u00e9 odd\u011blen\u00ed BDO se rozr\u016fst\u00e1 o expertku, kterou je sou\u010dasn\u00e1 prezidentka Komory da\u0148ov\u00fdch poradc\u016f Petra&#8230;<\/p>\n","protected":false},"author":2,"featured_media":6893,"comment_status":"closed","ping_status":"closed","sticky":false,"template":"","format":"standard","meta":{"footnotes":""},"categories":[62,5],"tags":[],"class_list":["post-6889","post","type-post","status-publish","format-standard","has-post-thumbnail","hentry","category-banky","category-personalie"],"_links":{"self":[{"href":"https:\/\/www.automakers.cz\/index.php?rest_route=\/wp\/v2\/posts\/6889","targetHints":{"allow":["GET"]}}],"collection":[{"href":"https:\/\/www.automakers.cz\/index.php?rest_route=\/wp\/v2\/posts"}],"about":[{"href":"https:\/\/www.automakers.cz\/index.php?rest_route=\/wp\/v2\/types\/post"}],"author":[{"embeddable":true,"href":"https:\/\/www.automakers.cz\/index.php?rest_route=\/wp\/v2\/users\/2"}],"replies":[{"embeddable":true,"href":"https:\/\/www.automakers.cz\/index.php?rest_route=%2Fwp%2Fv2%2Fcomments&post=6889"}],"version-history":[{"count":3,"href":"https:\/\/www.automakers.cz\/index.php?rest_route=\/wp\/v2\/posts\/6889\/revisions"}],"predecessor-version":[{"id":6923,"href":"https:\/\/www.automakers.cz\/index.php?rest_route=\/wp\/v2\/posts\/6889\/revisions\/6923"}],"wp:featuredmedia":[{"embeddable":true,"href":"https:\/\/www.automakers.cz\/index.php?rest_route=\/wp\/v2\/media\/6893"}],"wp:attachment":[{"href":"https:\/\/www.automakers.cz\/index.php?rest_route=%2Fwp%2Fv2%2Fmedia&parent=6889"}],"wp:term":[{"taxonomy":"category","embeddable":true,"href":"https:\/\/www.automakers.cz\/index.php?rest_route=%2Fwp%2Fv2%2Fcategories&post=6889"},{"taxonomy":"post_tag","embeddable":true,"href":"https:\/\/www.automakers.cz\/index.php?rest_route=%2Fwp%2Fv2%2Ftags&post=6889"}],"curies":[{"name":"wp","href":"https:\/\/api.w.org\/{rel}","templated":true}]}}