{"id":6914,"date":"2024-09-04T06:27:32","date_gmt":"2024-09-04T06:27:32","guid":{"rendered":"https:\/\/www.automakers.cz\/?p=6914"},"modified":"2024-09-04T06:27:38","modified_gmt":"2024-09-04T06:27:38","slug":"volkswagen-zvazuje-zavreni-tovaren","status":"publish","type":"post","link":"https:\/\/www.automakers.cz\/?p=6914","title":{"rendered":"Volkswagen zva\u017euje zav\u0159en\u00ed tov\u00e1ren"},"content":{"rendered":"<p class=\"c_aY g_gv speakable\" data-dot=\"ogm-article-perex\"><strong>Koncern Volkswagen zva\u017euje uzav\u0159en\u00ed n\u011bkter\u00fdch sv\u00fdch v\u00fdrobn\u00edch z\u00e1vod\u016f v N\u011bmecku. Spole\u010dnost se sna\u017e\u00ed \u0161krtat ve sv\u00fdch n\u00e1kladech, p\u0159i\u010dem\u017e hled\u00e1 zp\u016fsoby, jak u\u0161et\u0159it a\u017e n\u011bkolik miliard eur. V pond\u011bl\u00ed o tom informovaly zahrani\u010dn\u00ed agentury s odvol\u00e1n\u00edm na vyj\u00e1d\u0159en\u00ed podnikov\u00e9 rady VW.<\/strong><!--more--><\/p>\n<div class=\"ogm-container _6231b388c0086990921bf42b\">\n<div class=\"g_gF\" data-e2e=\"ogm-article-layout\">\n<article class=\"g_gH\" role=\"article\" aria-labelledby=\"accessibility-article\">\n<div class=\"g_gG\" data-dot=\"ogm-article-content\">\n<div class=\"e_d8 e_ej\">\n<div class=\"e_aY speakable\" data-dot=\"mol-paragraph\">\n<p class=\"c_aY\"><span class=\"c_ew\">Mo\u017en\u00e1 opat\u0159en\u00ed, je\u017e c\u00edl\u00ed na hlavni zna\u010dku Volkswagen a jej\u00ed osobn\u00ed automobily, ale \u010dasem i na dal\u0161\u00ed subjekty cel\u00e9ho koncernu, zahrnuj\u00ed mj. snahu ukon\u010dit dohodu spole\u010dnosti s odbory ohledn\u011b jistoty pracovn\u00edch m\u00edst a\u017e do roku 2029. Tzv. program jistoty zam\u011bstnanosti plat\u00ed ve firm\u011b u\u017e od roku 1994.<\/span><\/p>\n<\/div>\n<div class=\"e_aY speakable\" data-dot=\"mol-paragraph\">\n<p class=\"c_aY\"><span class=\"c_ew\">Automobilka pova\u017euje jeden velk\u00fd v\u00fdrobn\u00ed z\u00e1vod automobil\u016f a\u00a0jednu tov\u00e1rnu na sou\u010d\u00e1stky v\u00a0N\u011bmecku za zastaral\u00e9, konstatovala podnikov\u00e1 rada.<\/span><\/p>\n<\/div>\n<div class=\"e_aY speakable\" data-dot=\"mol-paragraph\">\n<p class=\"c_aY\"><span class=\"c_ew\">\u201eSituace je extr\u00e9mn\u011b napjat\u00e1 a\u00a0nelze ji p\u0159ekonat jednoduch\u00fdmi opat\u0159en\u00edmi ke sn\u00ed\u017een\u00ed n\u00e1klad\u016f,\u201c uvedl v\u00a0p\u00edsemn\u00e9m prohl\u00e1\u0161en\u00ed \u0161\u00e9f zna\u010dky VW Thomas Sch\u00e4fer, kter\u00fd p\u0159ed n\u011bkolika lety p\u016fsobil i\u00a0v \u010dele \u0160koda Auto, je\u017e je sou\u010d\u00e1st\u00ed koncernu.<\/span><\/p>\n<\/div>\n<div class=\"e_aY speakable\" data-dot=\"mol-paragraph\">\n<p class=\"c_aY\"><span class=\"c_ew\">\u201eEkonomick\u00e9 prost\u0159ed\u00ed se stalo je\u0161t\u011b t\u011b\u017e\u0161\u00edm a do Evropy se tla\u010d\u00ed nov\u00ed hr\u00e1\u010di. N\u011bmecko jako hospod\u00e1\u0159sk\u00e1 lokalita v konkurenceschopnosti st\u00e1le v\u00edce zaost\u00e1v\u00e1,\u201c p\u0159iznal gener\u00e1ln\u00ed \u0159editel koncernu Oliver Blume v prohl\u00e1\u0161en\u00ed pro veden\u00ed podniku.<\/span><\/p>\n<p><strong>\u00daspory se budou hledat u zna\u010dky VW<\/strong><\/p>\n<\/div>\n<div class=\"e_aY speakable\" data-dot=\"mol-paragraph\">\n<p class=\"c_aY\"><span class=\"c_ew\">Zna\u010dka Volkswagen, kter\u00e1 tvo\u0159\u00ed v\u011bt\u0161inu prodej\u016f cel\u00e9ho koncernu, je prvn\u00ed, kter\u00e9 se budou snahy o\u00a0sn\u00ed\u017een\u00ed n\u00e1klad\u016f t\u00fdkat. C\u00edlem je do roku 2026\u00a0u\u0161et\u0159it 10\u00a0miliard eur (t\u00e9m\u011b\u0159 250,4\u00a0miliardy K\u010d). Automobilka se sna\u017e\u00ed zefektivnit sv\u00e9 v\u00fddaje, aby p\u0159e\u017eila p\u0159echod na elektromobilitu.<\/span><\/p>\n<\/div>\n<div class=\"e_aY speakable\" data-dot=\"mol-paragraph\">\n<p class=\"c_aY\"><span class=\"c_ew\">Koncern VW zam\u011bstn\u00e1v\u00e1 po cel\u00e9m sv\u011bt\u011b p\u0159ibli\u017en\u011b 650 tis\u00edc lid\u00ed, z toho t\u00e9m\u011b\u0159 300 tis\u00edc v N\u011bmecku. Polovinu k\u0159esel v dozor\u010d\u00ed rad\u011b spole\u010dnosti dr\u017e\u00ed z\u00e1stupci zam\u011bstnanc\u016f a n\u011bmeck\u00e1 spolkov\u00e1 zem\u011b Doln\u00ed Sasko. Ta vlastn\u00ed 20procentn\u00ed pod\u00edl a \u010dasto stran\u00ed odborov\u00fdm org\u00e1n\u016fm, dodal Bloomberg.<\/span><\/p>\n<p><strong>Zdroj: Bloomberg, novinky.cz<br \/>\n<\/strong><\/p>\n<\/div>\n<\/div>\n<\/div>\n<\/article>\n<\/div>\n<\/div>\n","protected":false},"excerpt":{"rendered":"<p>Koncern Volkswagen zva\u017euje uzav\u0159en\u00ed n\u011bkter\u00fdch sv\u00fdch v\u00fdrobn\u00edch z\u00e1vod\u016f v N\u011bmecku. Spole\u010dnost se sna\u017e\u00ed \u0161krtat ve&#8230;<\/p>\n","protected":false},"author":1,"featured_media":527,"comment_status":"closed","ping_status":"closed","sticky":false,"template":"","format":"standard","meta":{"footnotes":""},"categories":[31,18],"tags":[],"class_list":["post-6914","post","type-post","status-publish","format-standard","has-post-thumbnail","hentry","category-news","category-vyroba"],"_links":{"self":[{"href":"https:\/\/www.automakers.cz\/index.php?rest_route=\/wp\/v2\/posts\/6914","targetHints":{"allow":["GET"]}}],"collection":[{"href":"https:\/\/www.automakers.cz\/index.php?rest_route=\/wp\/v2\/posts"}],"about":[{"href":"https:\/\/www.automakers.cz\/index.php?rest_route=\/wp\/v2\/types\/post"}],"author":[{"embeddable":true,"href":"https:\/\/www.automakers.cz\/index.php?rest_route=\/wp\/v2\/users\/1"}],"replies":[{"embeddable":true,"href":"https:\/\/www.automakers.cz\/index.php?rest_route=%2Fwp%2Fv2%2Fcomments&post=6914"}],"version-history":[{"count":3,"href":"https:\/\/www.automakers.cz\/index.php?rest_route=\/wp\/v2\/posts\/6914\/revisions"}],"predecessor-version":[{"id":6917,"href":"https:\/\/www.automakers.cz\/index.php?rest_route=\/wp\/v2\/posts\/6914\/revisions\/6917"}],"wp:featuredmedia":[{"embeddable":true,"href":"https:\/\/www.automakers.cz\/index.php?rest_route=\/wp\/v2\/media\/527"}],"wp:attachment":[{"href":"https:\/\/www.automakers.cz\/index.php?rest_route=%2Fwp%2Fv2%2Fmedia&parent=6914"}],"wp:term":[{"taxonomy":"category","embeddable":true,"href":"https:\/\/www.automakers.cz\/index.php?rest_route=%2Fwp%2Fv2%2Fcategories&post=6914"},{"taxonomy":"post_tag","embeddable":true,"href":"https:\/\/www.automakers.cz\/index.php?rest_route=%2Fwp%2Fv2%2Ftags&post=6914"}],"curies":[{"name":"wp","href":"https:\/\/api.w.org\/{rel}","templated":true}]}}