{"id":6924,"date":"2024-09-05T05:07:21","date_gmt":"2024-09-05T05:07:21","guid":{"rendered":"https:\/\/www.automakers.cz\/?p=6924"},"modified":"2024-09-05T05:07:21","modified_gmt":"2024-09-05T05:07:21","slug":"kb-pojistovna-meni-generalniho-reditele","status":"publish","type":"post","link":"https:\/\/www.automakers.cz\/?p=6924","title":{"rendered":"KB Poji\u0161\u0165ovna m\u011bn\u00ed gener\u00e1ln\u00edho \u0159editele"},"content":{"rendered":"<p><strong>KB Poji\u0161\u0165ovna m\u00e1 po \u0161esti letech nov\u00e9ho gener\u00e1ln\u00edho \u0159editele a p\u0159edsedu p\u0159edstavenstva. Stal se j\u00edm Thierry Thibault, kter\u00fd posledn\u00edch 12 let p\u016fsobil jako gener\u00e1ln\u00ed \u0159editel nejd\u0159\u00edve italsk\u00e9 a pozd\u011bji n\u011bmeck\u00e9 pobo\u010dky poji\u0161\u0165ovny Soci\u00e9t\u00e9 G\u00e9n\u00e9rale Insurance. <\/strong><span id=\"more-1655\"><\/span><!--more--><\/p>\n<p><em>\u201eJsem r\u00e1d, \u017ee po sedmi \u00fasp\u011b\u0161n\u00fdch letech str\u00e1ven\u00fdch v Hamburku p\u0159ich\u00e1z\u00edm pr\u00e1v\u011b do Prahy. KB Poji\u0161\u0165ovna je v\u00a0dobr\u00e9 kondici. R\u00e1d bych p\u0159isp\u011bl k\u00a0jej\u00edmu dal\u0161\u00edmu rozvoji v\u00a0dob\u011b, kdy doch\u00e1z\u00ed k dynamick\u00fdm zm\u011bn\u00e1m klientsk\u00e9ho chov\u00e1n\u00ed, k intenzivn\u00ed digitalizaci a\u00a0z\u00e1rove\u0148 k zesilov\u00e1n\u00ed regulace,\u201c <\/em>\u0159\u00edk\u00e1 nov\u00fd gener\u00e1ln\u00ed \u0159editel a p\u0159edseda p\u0159edstavenstva KB Poji\u0161\u0165ovny Thierry Thibault a\u00a0dod\u00e1v\u00e1:<\/p>\n<p>\u201e<em>Mus\u00edm ocenit dosavadn\u00ed skv\u011blou spolupr\u00e1ci s\u00a0na\u0161imi obchodn\u00edmi partnery i\u00a0vysokou odbornost v\u0161ech zam\u011bstnanc\u016f. V\u011b\u0159\u00edm, \u017ee spole\u010dnou prac\u00ed pro klienty p\u0159isp\u011bjeme k\u00a0dal\u0161\u00edmu\u00a0pos\u00edlen\u00ed pozice Skupiny KB na \u010desk\u00e9m trhu. R\u00e1d bych vyj\u00e1d\u0159il uzn\u00e1n\u00ed Ga\u00eblu Loa\u00ebcovi, kter\u00fd tu odvedl velk\u00fd kus pr\u00e1ce.\u201c<\/em><\/p>\n<p><strong>Thierry Thibault v\u00a0Praze nahrad\u00ed pr\u00e1v\u011b Ga\u00ebla Loa\u00ebca, kter\u00fd st\u00e1l v\u00a0\u010dele KB Poji\u0161\u0165ovny od \u0159\u00edjna 2018 a vrac\u00ed se do pa\u0159\u00ed\u017esk\u00e9 centr\u00e1ly mate\u0159sk\u00e9 skupiny\u00a0Soci\u00e9t\u00e9 G\u00e9n\u00e9rale.<\/strong><\/p>\n<p><em>\u201eCht\u011bl bych pod\u011bkovat zam\u011bstnanc\u016fm KB\u00a0Poji\u0161\u0165ovny za \u00fasp\u011b\u0161nou spolupr\u00e1ci. Pro m\u011b bylo opravdov\u00fdm pot\u011b\u0161en\u00edm \u0159\u00eddit tak anga\u017eovan\u00e9 a motivovan\u00e9 t\u00fdmy,\u201c <\/em>vzk\u00e1zal dnes ji\u017e b\u00fdval\u00fdm koleg\u016fm odch\u00e1zej\u00edc\u00ed gener\u00e1ln\u00ed \u0159editel Ga\u00ebl Loa\u00ebc. \u201e<em>Dos\u00e1hli jsme spolu mnoha \u00fasp\u011bch\u016f. V posledn\u00edch letech se n\u00e1m poda\u0159il v\u00fdznamn\u00fd r\u016fst jak v \u017eivotn\u00edm, tak v ne\u017eivotn\u00edm poji\u0161t\u011bn\u00ed. Loni v\u00a0\u017eivotn\u00edm poji\u0161t\u011bn\u00ed oproti roku 2022 do\u0161lo k\u00a0n\u00e1r\u016fstu hrub\u00e9ho p\u0159edepsan\u00e9ho pojistn\u00e9ho o 14 % a v\u00a0ne\u017eivotn\u00edm poji\u0161t\u011bn\u00ed byl tento n\u00e1r\u016fst dokonce 23 %. Posunuli jsme se v\u00a0budov\u00e1n\u00ed digit\u00e1ln\u00ed bankopoji\u0161\u0165ovac\u00ed skupiny, kdy je na\u0161\u00edm c\u00edlem vytvo\u0159it kompletn\u011b digit\u00e1ln\u00ed finan\u010dn\u00ed instituci s lidskou podporou. V bl\u00edzk\u00e9 dob\u011b u\u017e budeme m\u00edt kompletn\u00ed digit\u00e1ln\u00ed nab\u00eddku pojistn\u00fdch produkt\u016f pro klienty KB. \u00a0Tak\u00e9 jsme zlep\u0161ili na\u0161e procesy v\u00a0s\u00edti Komer\u010dn\u00ed banky i extern\u00edch obchodn\u00edch partner\u016f. V\u00edt\u00e1m Thierryho Thibaulta. P\u0159eji mu, aby se mu v\u00a0Praze da\u0159ilo a\u00a0aby m\u011bl z\u00a0pr\u00e1ce s\u00a0lidmi v\u00a0KB\u00a0Poji\u0161\u0165ovn\u011b stejn\u00e9 pot\u011b\u0161en\u00ed jako j\u00e1,\u201c <\/em>uzav\u00edr\u00e1 Ga\u00ebl Loa\u00ebc.<em> \u00a0<\/em><\/p>\n<p><strong>Thierry Thibault<\/strong><\/p>\n<p>Nov\u00fd gener\u00e1ln\u00ed \u0159editel KB Poji\u0161\u0165ovny <strong>Thierry Thibault<\/strong> z\u00edskal magistersk\u00fd titul zam\u011b\u0159en\u00fd na IT in\u017een\u00fdrstv\u00ed na Institutu National des Sciences Appliqu\u00e9es (INSA) v Toulouse. Krom\u011b mate\u0159sk\u00e9 francouz\u0161tiny hovo\u0159\u00ed plynn\u011b n\u011bmecky a anglicky. P\u0159ed sv\u00fdm p\u0159\u00edchodem do \u010dela italsk\u00e9 a n\u00e1sledn\u011b n\u011bmeck\u00e9 pobo\u010dky Soci\u00e9t\u00e9 G\u00e9n\u00e9rale Insurance zast\u00e1val n\u011bkolik v\u00fdznamn\u00fdch mana\u017eersk\u00fdch pozic v\u00a0oblasti retailov\u00e9ho bankovnictv\u00ed, finan\u010dn\u00edch slu\u017eeb a operativn\u00edho leasingu v\u00a0r\u00e1mci skupiny Soci\u00e9t\u00e9 G\u00e9n\u00e9rale a to v\u00a0r\u016fzn\u00fdch zem\u00edch, jako jsou Ukrajina, Indon\u00e9sie, Chorvatsko nebo Rakousko. Thierrymu Thibaultovi je 55 let, narodil se v\u00a0La Rochelle ve Francii. Je \u017eenat\u00fd a m\u00e1 t\u0159i d\u011bti. Mezi jeho z\u00e1jmy pat\u0159\u00ed b\u011bh\u00e1n\u00ed, golf, horsk\u00e1 cyklistika a cestov\u00e1n\u00ed.<\/p>\n<p><strong>Zdroj: CzechBanking.cz<\/strong><\/p>\n","protected":false},"excerpt":{"rendered":"<p>KB Poji\u0161\u0165ovna m\u00e1 po \u0161esti letech nov\u00e9ho gener\u00e1ln\u00edho \u0159editele a p\u0159edsedu p\u0159edstavenstva. Stal se j\u00edm&#8230;<\/p>\n","protected":false},"author":1,"featured_media":6925,"comment_status":"closed","ping_status":"closed","sticky":false,"template":"","format":"standard","meta":{"footnotes":""},"categories":[5,35],"tags":[],"class_list":["post-6924","post","type-post","status-publish","format-standard","has-post-thumbnail","hentry","category-personalie","category-pojisteni"],"_links":{"self":[{"href":"https:\/\/www.automakers.cz\/index.php?rest_route=\/wp\/v2\/posts\/6924","targetHints":{"allow":["GET"]}}],"collection":[{"href":"https:\/\/www.automakers.cz\/index.php?rest_route=\/wp\/v2\/posts"}],"about":[{"href":"https:\/\/www.automakers.cz\/index.php?rest_route=\/wp\/v2\/types\/post"}],"author":[{"embeddable":true,"href":"https:\/\/www.automakers.cz\/index.php?rest_route=\/wp\/v2\/users\/1"}],"replies":[{"embeddable":true,"href":"https:\/\/www.automakers.cz\/index.php?rest_route=%2Fwp%2Fv2%2Fcomments&post=6924"}],"version-history":[{"count":2,"href":"https:\/\/www.automakers.cz\/index.php?rest_route=\/wp\/v2\/posts\/6924\/revisions"}],"predecessor-version":[{"id":6927,"href":"https:\/\/www.automakers.cz\/index.php?rest_route=\/wp\/v2\/posts\/6924\/revisions\/6927"}],"wp:featuredmedia":[{"embeddable":true,"href":"https:\/\/www.automakers.cz\/index.php?rest_route=\/wp\/v2\/media\/6925"}],"wp:attachment":[{"href":"https:\/\/www.automakers.cz\/index.php?rest_route=%2Fwp%2Fv2%2Fmedia&parent=6924"}],"wp:term":[{"taxonomy":"category","embeddable":true,"href":"https:\/\/www.automakers.cz\/index.php?rest_route=%2Fwp%2Fv2%2Fcategories&post=6924"},{"taxonomy":"post_tag","embeddable":true,"href":"https:\/\/www.automakers.cz\/index.php?rest_route=%2Fwp%2Fv2%2Ftags&post=6924"}],"curies":[{"name":"wp","href":"https:\/\/api.w.org\/{rel}","templated":true}]}}