{"id":693,"date":"2023-12-04T09:03:22","date_gmt":"2023-12-04T09:03:22","guid":{"rendered":"https:\/\/www.automakers.cz\/?p=693"},"modified":"2023-12-04T14:16:58","modified_gmt":"2023-12-04T14:16:58","slug":"stajf-bodoval-v-prazskem-rallysprintu","status":"publish","type":"post","link":"https:\/\/www.automakers.cz\/?p=693","title":{"rendered":"\u0160tajf bodoval v Pra\u017esk\u00e9m Rallysprintu"},"content":{"rendered":"<p><strong>Po mnoha letech se tradi\u010dn\u00ed Pra\u017esk\u00fd Rallysprint odehr\u00e1l na sn\u011bhem pokryt\u00e9 trati a pos\u00e1dka t\u00fdmu ACCR Racing21 Vojt\u011bch \u0160tajf s\u00a0Radimem Kotl\u00e1\u0159em v\u00a0n\u011bm obsadila na voze VW Polo GTI R5 celkov\u011b p\u00e1t\u00e9 m\u00edsto.<\/strong><!--more--><\/p>\n<p>Na celkem p\u011bti rychlostn\u00edch zkou\u0161k\u00e1ch o celkov\u00e9 d\u00e9lce 35 kilometr\u016f mohli div\u00e1ci XXVIII. ro\u010dn\u00edku TipCars Pra\u017esk\u00e9ho Rallysprintu sledovat v\u00fdkony t\u00e9m\u011b\u0159 65 startuj\u00edc\u00edch pos\u00e1dek. Tentokr\u00e1t v\u0161ak panovalo nad Prahou ryze zimn\u00ed po\u010das\u00ed s\u00a0teplotami pod nulou a bohatou sn\u011bhovou nad\u00edlkou. Oproti minul\u00e9mu ro\u010dn\u00edku se v\u00a0programu sout\u011b\u017ee op\u011bt objevila se dv\u011bma pr\u016fjezdy v\u00a0minulosti velmi obl\u00edben\u00e1 rychlostn\u00ed zkou\u0161ka Cement\u00e1rna, vedouc\u00ed z\u00a0okraje Radot\u00edna sm\u011brem k\u00a0\u0158eporyj\u00edm. O cenn\u00e9 sekundy se n\u00e1sledn\u011b tradi\u010dn\u011b bojovalo okolo stadion\u016f na pra\u017esk\u00e9m Strahov\u011b.<\/p>\n<p>V\u00a0leto\u0161n\u00ed premi\u00e9\u0159e se v\u00a0barv\u00e1ch t\u00fdmu Racing21 p\u0159edstavil sout\u011b\u017en\u00ed v\u016fz VW Polo GTI R5 s\u00a0pos\u00e1dkou Vojt\u011bch \u0160tajf a Radim Kotl\u00e1\u0159. Oba se spole\u010dn\u011b \u00fa\u010dastnili tohoto tradi\u010dn\u00edho lou\u010den\u00ed s dom\u00e1c\u00ed sez\u00f3nou ji\u017e pot\u0159et\u00ed. Ve velmi n\u00e1ro\u010dn\u00fdch podm\u00ednk\u00e1ch se Vojt\u011bch \u0160tajf sna\u017eil, zejm\u00e9na na prvn\u00edch dvou rann\u00edch rychlostn\u00edch zkou\u0161k\u00e1ch, vyvarovat v\u011bt\u0161\u00edch chyb. Do \u00favodn\u00edho m\u011b\u0159en\u00e9ho \u00faseku na Strahov\u011b tak vstupovali s\u00a0Radimem Kotl\u00e1\u0159em na \u0161est\u00e9m m\u00edst\u011b. N\u011bkolik drobn\u00fdch chyb a tak\u00e9 ji\u017e opot\u0159ebovan\u00e9 pneumatiky zp\u016fsobily v\u00a0prvn\u00edm strahovsk\u00e9m pr\u016fjezdu \u010dasovou ztr\u00e1tu a sestup na pr\u016fb\u011b\u017en\u00e9 osm\u00e9 m\u00edsto.<\/p>\n<p>Po poledn\u00ed p\u0159est\u00e1vce nastoupili \u0160tajf s\u00a0Kotl\u00e1\u0159em ke zb\u00fdvaj\u00edc\u00edm dv\u011bma strahovsk\u00fdm m\u011b\u0159en\u00fdm \u00fasek\u016fm, a to ji\u017e s v\u00fdrazn\u011bj\u0161\u00edmi \u00fapravami v\u00a0nastaven\u00ed podvozku Pola GTI R5 a tak\u00e9 s novou sadou pneumatik do sn\u011bhov\u00fdch podm\u00ednek. Zejm\u00e9na t\u0159et\u00ed nejrychlej\u0161\u00ed \u010das v\u00a0posledn\u00ed rychlostn\u00ed zkou\u0161ce rozhodl nakonec o napln\u011bn\u00ed c\u00edle pro tuto sout\u011b\u017e v\u00a0podob\u011b p\u00e1t\u00e9ho m\u00edsta celkov\u00e9ho po\u0159ad\u00ed.<\/p>\n<p><strong>Ten spr\u00e1vn\u00fd zimn\u00ed rallysprint<\/strong><\/p>\n<p>\u201eByl zase po \u010dase ten spr\u00e1vn\u00fd ryze zimn\u00ed rallysprint, jak ho zn\u00e1me z minulosti! My jsme s\u00a0Radimem zvolili z\u00a0r\u00e1na konzervativn\u011bj\u0161\u00ed p\u0159\u00edstup i vzhledem k\u00a0ji\u017e pou\u017eit\u00fdm pneumatik\u00e1m a tak\u00e9 k\u00a0ne \u00fapln\u011b optim\u00e1ln\u00edmu nastaven\u00ed podvozku na\u0161eho Pola GTI R5, kter\u00fd byl na sn\u011bhov\u00fd povrch a\u017e p\u0159\u00edli\u0161 tvrd\u00fd,\u201c \u0159ekl v\u00a0c\u00edli Pra\u017esk\u00e9ho Rallysprintu spokojen\u00fd Vojt\u011bch \u0160tajf a dodal:<\/p>\n<p>\u201eNa poledn\u00edm servisu jsme s\u00a0mechaniky ma\u010farsk\u00e9ho t\u00fdmu T\u00faran Motorsport, kter\u00fd nyn\u00ed provozuje moje historicky prvn\u00ed Polo GTI R5, provedli dal\u0161\u00ed zm\u011bny na podvozku a sv\u011btl\u00e9 v\u00fd\u0161ce vozu, a nasadili nov\u00e9 pneumatiky. Byla tak mo\u017enost se do auta l\u00e9pe op\u0159\u00edt, a to jsme uk\u00e1zali t\u0159et\u00edm nejrychlej\u0161\u00edm \u010dasem na posledn\u00ed erzet\u011b. Odvr\u00e1til jsem tak ve sv\u016fj prosp\u011bch mimo jin\u00e9 i kamar\u00e1dsk\u00fd souboj s Petrem Ka\u010d\u00edrkem, s\u00a0jeho\u017e vozem jsem letos z\u00edskal Poh\u00e1r 2+. Za celkov\u011b p\u00e1t\u00e9 m\u00edsto jsme s\u00a0Radimem moc r\u00e1di. Te\u010f u\u017e mus\u00edm rychle balit, nebo\u0165 v\u00a0pond\u011bl\u00ed odl\u00e9t\u00e1m s\u00a0dal\u0161\u00ed \u010d\u00e1st\u00ed na\u0161eho t\u00fdmu do Afriky. Moc se na to safari dobrodru\u017estv\u00ed t\u011b\u0161\u00edm.\u201c<\/p>\n<p><img loading=\"lazy\" decoding=\"async\" class=\"alignnone size-medium wp-image-708\" src=\"http:\/\/www.automakers.cz\/wp-content\/uploads\/2023\/12\/prazsky-rallysprint-Stajf-900x600.jpg\" alt=\"\" width=\"900\" height=\"600\" \/><\/p>\n<p>T\u00fdm ACCR Racing21 se n\u00e1sledn\u011b p\u0159edstav\u00ed se dv\u011bma sout\u011b\u017en\u00edmi vozy na sout\u011b\u017ei East African Safari Classic 2023, kter\u00e1 odstartuje prologem ji\u017e v\u00a0sobotu 9. prosince v\u00a0africk\u00e9 Keni.<\/p>\n<p><strong>Zdroj: Tom\u00e1\u0161 Van\u011bk<\/strong><\/p>\n","protected":false},"excerpt":{"rendered":"<p>Po mnoha letech se tradi\u010dn\u00ed Pra\u017esk\u00fd Rallysprint odehr\u00e1l na sn\u011bhem pokryt\u00e9 trati a pos\u00e1dka t\u00fdmu&#8230;<\/p>\n","protected":false},"author":1,"featured_media":695,"comment_status":"open","ping_status":"open","sticky":false,"template":"","format":"standard","meta":{"footnotes":""},"categories":[19],"tags":[],"class_list":["post-693","post","type-post","status-publish","format-standard","has-post-thumbnail","hentry","category-motorsport"],"_links":{"self":[{"href":"https:\/\/www.automakers.cz\/index.php?rest_route=\/wp\/v2\/posts\/693","targetHints":{"allow":["GET"]}}],"collection":[{"href":"https:\/\/www.automakers.cz\/index.php?rest_route=\/wp\/v2\/posts"}],"about":[{"href":"https:\/\/www.automakers.cz\/index.php?rest_route=\/wp\/v2\/types\/post"}],"author":[{"embeddable":true,"href":"https:\/\/www.automakers.cz\/index.php?rest_route=\/wp\/v2\/users\/1"}],"replies":[{"embeddable":true,"href":"https:\/\/www.automakers.cz\/index.php?rest_route=%2Fwp%2Fv2%2Fcomments&post=693"}],"version-history":[{"count":4,"href":"https:\/\/www.automakers.cz\/index.php?rest_route=\/wp\/v2\/posts\/693\/revisions"}],"predecessor-version":[{"id":710,"href":"https:\/\/www.automakers.cz\/index.php?rest_route=\/wp\/v2\/posts\/693\/revisions\/710"}],"wp:featuredmedia":[{"embeddable":true,"href":"https:\/\/www.automakers.cz\/index.php?rest_route=\/wp\/v2\/media\/695"}],"wp:attachment":[{"href":"https:\/\/www.automakers.cz\/index.php?rest_route=%2Fwp%2Fv2%2Fmedia&parent=693"}],"wp:term":[{"taxonomy":"category","embeddable":true,"href":"https:\/\/www.automakers.cz\/index.php?rest_route=%2Fwp%2Fv2%2Fcategories&post=693"},{"taxonomy":"post_tag","embeddable":true,"href":"https:\/\/www.automakers.cz\/index.php?rest_route=%2Fwp%2Fv2%2Ftags&post=693"}],"curies":[{"name":"wp","href":"https:\/\/api.w.org\/{rel}","templated":true}]}}