{"id":6978,"date":"2024-09-06T06:45:29","date_gmt":"2024-09-06T06:45:29","guid":{"rendered":"https:\/\/www.automakers.cz\/?p=6978"},"modified":"2024-09-06T07:35:36","modified_gmt":"2024-09-06T07:35:36","slug":"kupka-auta-cekaji-prisnejsi-prohlidky-na-stk","status":"publish","type":"post","link":"https:\/\/www.automakers.cz\/?p=6978","title":{"rendered":"Kupka \u017e\u00e1d\u00e1 p\u0159\u00edsn\u011bj\u0161\u00ed prohl\u00eddky aut na STK"},"content":{"rendered":"<p><strong>Ministerstvo dopravy svolalo ve \u010dtvrtek novin\u00e1\u0159e na tiskovou konferenci k aktu\u00e1ln\u011b \u010dasto diskutovan\u00e9 problematice plyn\u016f, kter\u00e9 vypou\u0161t\u011bj\u00ed z v\u00fdfuk\u016f motorov\u00e1 vozidla, zejm\u00e9na ta s naftov\u00fdmi motory. Co jsme se dozv\u011bd\u011bli?<\/strong><!--more--><\/p>\n<p>O zintenzivn\u011bn\u00ed spole\u010dn\u00fdch kontrol Policie \u010cR a\u00a0<a href=\"https:\/\/www.cspsd.cz\/?utm_source=search.seznam.cz&amp;utm_medium=ppd&amp;utm_campaign=firmy.cz-173009\">Centra slu\u017eeb pro silni\u010dn\u00ed dopravu<\/a>\u00a0(CSPSD) Ministerstva dopravy, zam\u011b\u0159en\u00fdch p\u0159edev\u0161\u00edm na vozidla v\u00a0neodpov\u00eddaj\u00edc\u00edm technick\u00e9m stavu, informoval p\u0159\u00edtomn\u00e9 ministr dopravy Martin Kupka spolu s prvn\u00edm n\u00e1m\u011bstkem policejn\u00edho prezidenta, genmjr. Tom\u00e1\u0161em Lerchem a dal\u0161\u00edmi pracovn\u00edky Ministerstva dopravy.<\/p>\n<p><strong>Opat\u0159en\u00ed ke zkvalitn\u011bn\u00ed syst\u00e9mu kontrol<\/strong><\/p>\n<p>S\u00a0okam\u017eitou platnost\u00ed jsou zav\u00e1d\u011bny a budou zintenzivn\u011bny mobiln\u00ed kontroly v\u00fdfukov\u00fdch plyn\u016f v provozu. Kontroly se zam\u011b\u0159\u00ed p\u0159edev\u0161\u00edm na vytipovan\u00e1 vozidla, kter\u00e1 zjevn\u011b vykazuj\u00ed z\u00e1vady v\u00fdfukov\u00e9 soustavy. Jsou stanovena nov\u00e1 krit\u00e9ria pro automatickou kontrolu dat z\u00a0Informa\u010dn\u00edho syst\u00e9mu technick\u00fdch prohl\u00eddek (ISTP).<\/p>\n<p>Na z\u00e1klad\u011b kontroln\u00edch m\u011b\u0159en\u00ed bude doch\u00e1zet k\u00a0nez\u00e1visl\u00fdm anal\u00fdz\u00e1m fungov\u00e1n\u00ed Stanic m\u011b\u0159en\u00ed emis\u00ed (SME) a v\u00a0p\u0159\u00edpadech jejich pochyben\u00ed k p\u0159\u00edpadn\u00fdm p\u0159\u00edm\u00fdm postih\u016fm.<\/p>\n<p><strong>Na mu\u0161ce budou Stanice m\u011b\u0159en\u00ed emis\u00ed<\/strong><\/p>\n<p>Podle pod\u00edl\u016f vozidel, kter\u00e1 ve Stanic\u00edch m\u011b\u0159en\u00ed emis\u00ed \u201enepro\u0161la\u201c, by m\u011bl b\u00fdt vozov\u00fd park \u010cesk\u00e9 republiky dokonce v\u00a0lep\u0161\u00edm stavu ne\u017e v\u00a0sousedn\u00edm N\u011bmecku \u010di Rakousku. Tam m\u00e1 toti\u017e probl\u00e9my daleko v\u00edc kontrolovan\u00fdch aut, co\u017e samoz\u0159ejm\u011b vyvol\u00e1v\u00e1 podez\u0159en\u00ed, \u017ee se u n\u00e1s z\u0159ejm\u011b d\u00e1 zajistit SME a n\u00e1sledn\u011b STK m\u00e9n\u011b poctiv\u00fdm zp\u016fsobem. Proto tak\u00e9 bude doch\u00e1zet k\u00a0\u201etest\u016fm poctivosti\u201c.<\/p>\n<p><strong>Co uk\u00e1zaly kontroly<\/strong><\/p>\n<p>P\u0159i kontrol\u00e1ch mobiln\u00edho m\u011b\u0159en\u00ed pln\u011bn\u00ed limit\u016f emisn\u00edch zplodin u 363 vytipovan\u00fdch vozidel nevyhov\u011blo norm\u011b letos 77,13 % z\u00a0nich.<\/p>\n<p>Za prvn\u00ed pololet\u00ed bylo v\u00a0\u010cR uskute\u010dn\u011bno celkem 1\u00a0634\u00a0409 m\u011b\u0159en\u00ed emis\u00ed v\u00a0r\u00e1mci SME\/STK. Z\u00a0toho byla ozna\u010dena necel\u00e1 2 procenta m\u011b\u0159en\u00ed jako podez\u0159el\u00e1. Tento stav je nutn\u00e9 zlep\u0161it. Proto jsou a budou zav\u00e1d\u011bna opat\u0159en\u00ed ke zkvalitn\u011bn\u00ed syst\u00e9mu kontrol.<\/p>\n<p>Jako hor\u0161\u00ed se uk\u00e1zal technick\u00fd stavu u lehk\u00fdch u\u017eitkov\u00fdch a n\u00e1kladn\u00edch voz\u016f ne\u017e u osobn\u00edch, ale i tak po na\u0161ich silnic\u00edch jezd\u00ed nem\u00e1lo automobil\u016f, o jejich\u017e technick\u00fd stav se majitel\u00e9 velmi \u0161patn\u011b staraj\u00ed. To je pot\u0159eba zlep\u0161it.<\/p>\n<p><strong>C\u00edle jsou jasn\u00e9<\/strong><\/p>\n<p>Co nejv\u00edce sn\u00ed\u017eit pod\u00edl \u0161kodlivin ve v\u00fdfukov\u00fdch plynech u vozidel, kter\u00e1 evidentn\u011b vykazuj\u00ed \u0161patn\u00fd technick\u00fd stav. Ministr Kupka ale tak\u00e9 jasn\u011b zd\u016fraznil, \u017ee c\u00edlem t\u00e9to iniciativy nen\u00ed likvidace star\u00fdch motorov\u00fdch vozidel, ale zlep\u0161en\u00ed p\u00e9\u010de o vozidla a jejich technick\u00fd stav. Pokud by majitel\u00e9, kte\u0159\u00ed se o vozidla staraj\u00ed, nem\u011bli m\u00edt probl\u00e9my.<\/p>\n<p>D\u016fle\u017eit\u00fdm aspektem t\u00e9to iniciativy je tak\u00e9 zabr\u00e1nit v\u00a0kone\u010dn\u00e9m efektu podvod\u016fm, kter\u00e9 doposud v\u00a0oblasti m\u011b\u0159en\u00ed emis\u00ed evidentn\u011b existuj\u00ed.<\/p>\n<p><strong>Karel Ber\u00e1nek, Ministerstvo dopravy Praha<\/strong><\/p>\n<p><strong>P.S.<\/strong><\/p>\n<p>\u0160kodliv\u00e9 v\u00fdfukov\u00e9 plyny motorov\u00fdch vozidel netvo\u0159\u00ed jen viditeln\u00e1 kou\u0159ivost a \u010dichem rozpoznateln\u00fd z\u00e1pach, ale tak\u00e9 dal\u0161\u00ed zdrav\u00ed nebezpe\u010dn\u00e9 plynn\u00e9 emise, pevn\u00e9 \u010d\u00e1stice, saze atd. Proto\u017ee toto t\u00e9ma pova\u017eujeme za z\u00e1va\u017en\u00e9 a zaj\u00edmav\u00e9, p\u0159ipravujeme k\u00a0n\u011bmu dal\u0161\u00ed materi\u00e1ly, dopln\u011bn\u00e9 o pohledy odborn\u00edk\u016f.<\/p>\n<p><img loading=\"lazy\" decoding=\"async\" class=\"alignnone size-medium wp-image-6982\" src=\"http:\/\/www.automakers.cz\/wp-content\/uploads\/2024\/09\/TK_MD_Kupka-Vaculik-817x900.jpg\" alt=\"\" width=\"817\" height=\"900\" \/><\/p>\n<p><strong>O technick\u00fdch ot\u00e1zk\u00e1ch s\u00a0ministrem dopravy a vedouc\u00edm odd\u011blen\u00ed technick\u00fdch prohl\u00eddek MD zasv\u011bcen\u011b diskutoval kolega redaktor Sv\u011bta motor\u016f Martin Vacul\u00edk<\/strong><\/p>\n","protected":false},"excerpt":{"rendered":"<p>Ministerstvo dopravy svolalo ve \u010dtvrtek novin\u00e1\u0159e na tiskovou konferenci k aktu\u00e1ln\u011b \u010dasto diskutovan\u00e9 problematice plyn\u016f,&#8230;<\/p>\n","protected":false},"author":1,"featured_media":6981,"comment_status":"closed","ping_status":"closed","sticky":false,"template":"","format":"standard","meta":{"footnotes":""},"categories":[57,20],"tags":[],"class_list":["post-6978","post","type-post","status-publish","format-standard","has-post-thumbnail","hentry","category-emise","category-tiskovky"],"_links":{"self":[{"href":"https:\/\/www.automakers.cz\/index.php?rest_route=\/wp\/v2\/posts\/6978","targetHints":{"allow":["GET"]}}],"collection":[{"href":"https:\/\/www.automakers.cz\/index.php?rest_route=\/wp\/v2\/posts"}],"about":[{"href":"https:\/\/www.automakers.cz\/index.php?rest_route=\/wp\/v2\/types\/post"}],"author":[{"embeddable":true,"href":"https:\/\/www.automakers.cz\/index.php?rest_route=\/wp\/v2\/users\/1"}],"replies":[{"embeddable":true,"href":"https:\/\/www.automakers.cz\/index.php?rest_route=%2Fwp%2Fv2%2Fcomments&post=6978"}],"version-history":[{"count":7,"href":"https:\/\/www.automakers.cz\/index.php?rest_route=\/wp\/v2\/posts\/6978\/revisions"}],"predecessor-version":[{"id":6990,"href":"https:\/\/www.automakers.cz\/index.php?rest_route=\/wp\/v2\/posts\/6978\/revisions\/6990"}],"wp:featuredmedia":[{"embeddable":true,"href":"https:\/\/www.automakers.cz\/index.php?rest_route=\/wp\/v2\/media\/6981"}],"wp:attachment":[{"href":"https:\/\/www.automakers.cz\/index.php?rest_route=%2Fwp%2Fv2%2Fmedia&parent=6978"}],"wp:term":[{"taxonomy":"category","embeddable":true,"href":"https:\/\/www.automakers.cz\/index.php?rest_route=%2Fwp%2Fv2%2Fcategories&post=6978"},{"taxonomy":"post_tag","embeddable":true,"href":"https:\/\/www.automakers.cz\/index.php?rest_route=%2Fwp%2Fv2%2Ftags&post=6978"}],"curies":[{"name":"wp","href":"https:\/\/api.w.org\/{rel}","templated":true}]}}