{"id":7007,"date":"2024-09-09T16:26:01","date_gmt":"2024-09-09T16:26:01","guid":{"rendered":"https:\/\/www.automakers.cz\/?p=7007"},"modified":"2024-09-09T16:26:01","modified_gmt":"2024-09-09T16:26:01","slug":"cesky-siemens-meni-financniho-reditele","status":"publish","type":"post","link":"https:\/\/www.automakers.cz\/?p=7007","title":{"rendered":"\u010cesk\u00fd Siemens m\u011bn\u00ed finan\u010dn\u00edho \u0159editele"},"content":{"rendered":"<p><strong>Christian Diel (44 let) byl jmenov\u00e1n finan\u010dn\u00edm \u0159editelem (Chief Financial Officer) Siemensu \u010cesk\u00e1 republika a finan\u010dn\u00edm \u0159editelem divize Digital Industries. Ve sv\u00fdch pozic\u00edch odpov\u00edd\u00e1 za strategick\u00e9 finan\u010dn\u00ed \u0159\u00edzen\u00ed a pokra\u010duj\u00edc\u00ed digit\u00e1ln\u00ed transformaci finan\u010dn\u00edch odd\u011blen\u00ed a proces\u016f firmy.<\/strong><!--more--><\/p>\n<p>Christian Diel m\u00e1 rozs\u00e1hl\u00e9 a dlouholet\u00e9 zku\u0161enosti v oblasti finan\u010dn\u00edho \u0159\u00edzen\u00ed v r\u00e1mci glob\u00e1ln\u00edch struktur koncernu Siemens. Ve spole\u010dnosti p\u016fsob\u00ed od roku 2000, dlouhodob\u011b se zam\u011b\u0159uje p\u0159edev\u0161\u00edm na oblast finan\u010dn\u00edho \u0159\u00edzen\u00ed a prodeje. Do \u010cesk\u00e9 republiky p\u0159ich\u00e1z\u00ed z pozice finan\u010dn\u00edho \u0159editele Innomotics Low Voltage se s\u00eddlem v \u010d\u00ednsk\u00e9 \u0160anghaji, p\u0159edt\u00edm zast\u00e1val pozici finan\u010dn\u00edho \u0159editele v\u00fdrobn\u00edho z\u00e1vodu Siemens ve britsk\u00e9m Congletonu.<\/p>\n<p>Prvn\u00ed zku\u0161enosti s \u010desk\u00fdm trhem a prost\u0159ed\u00edm z\u00edskal Christian Diel v roce 2006, kdy pracoval z\u00e1vod\u011b Siemens Mohelnice. Ve funkci nahradil Jense Frankeho, kter\u00fd se stal finan\u010dn\u00edm \u0159editelem Siemens Smart Infrastructure v \u010c\u00edn\u011b.<\/p>\n<p><strong>Zdroj: Siemens<\/strong><\/p>\n","protected":false},"excerpt":{"rendered":"<p>Christian Diel (44 let) byl jmenov\u00e1n finan\u010dn\u00edm \u0159editelem (Chief Financial Officer) Siemensu \u010cesk\u00e1 republika a&#8230;<\/p>\n","protected":false},"author":2,"featured_media":7008,"comment_status":"closed","ping_status":"closed","sticky":false,"template":"","format":"standard","meta":{"footnotes":""},"categories":[6,5],"tags":[],"class_list":["post-7007","post","type-post","status-publish","format-standard","has-post-thumbnail","hentry","category-management","category-personalie"],"_links":{"self":[{"href":"https:\/\/www.automakers.cz\/index.php?rest_route=\/wp\/v2\/posts\/7007","targetHints":{"allow":["GET"]}}],"collection":[{"href":"https:\/\/www.automakers.cz\/index.php?rest_route=\/wp\/v2\/posts"}],"about":[{"href":"https:\/\/www.automakers.cz\/index.php?rest_route=\/wp\/v2\/types\/post"}],"author":[{"embeddable":true,"href":"https:\/\/www.automakers.cz\/index.php?rest_route=\/wp\/v2\/users\/2"}],"replies":[{"embeddable":true,"href":"https:\/\/www.automakers.cz\/index.php?rest_route=%2Fwp%2Fv2%2Fcomments&post=7007"}],"version-history":[{"count":2,"href":"https:\/\/www.automakers.cz\/index.php?rest_route=\/wp\/v2\/posts\/7007\/revisions"}],"predecessor-version":[{"id":7091,"href":"https:\/\/www.automakers.cz\/index.php?rest_route=\/wp\/v2\/posts\/7007\/revisions\/7091"}],"wp:featuredmedia":[{"embeddable":true,"href":"https:\/\/www.automakers.cz\/index.php?rest_route=\/wp\/v2\/media\/7008"}],"wp:attachment":[{"href":"https:\/\/www.automakers.cz\/index.php?rest_route=%2Fwp%2Fv2%2Fmedia&parent=7007"}],"wp:term":[{"taxonomy":"category","embeddable":true,"href":"https:\/\/www.automakers.cz\/index.php?rest_route=%2Fwp%2Fv2%2Fcategories&post=7007"},{"taxonomy":"post_tag","embeddable":true,"href":"https:\/\/www.automakers.cz\/index.php?rest_route=%2Fwp%2Fv2%2Ftags&post=7007"}],"curies":[{"name":"wp","href":"https:\/\/api.w.org\/{rel}","templated":true}]}}