{"id":701,"date":"2023-12-04T13:30:03","date_gmt":"2023-12-04T13:30:03","guid":{"rendered":"https:\/\/www.automakers.cz\/?p=701"},"modified":"2023-12-04T13:30:03","modified_gmt":"2023-12-04T13:30:03","slug":"autosap-chysta-valnou-hromadu-v-koline","status":"publish","type":"post","link":"https:\/\/www.automakers.cz\/?p=701","title":{"rendered":"AutoSAP chyst\u00e1 valnou hromadu v Kol\u00edn\u011b"},"content":{"rendered":"<p><strong>Vrcholn\u00ed p\u0159edstavitel\u00e9 \u010desk\u00e9ho autopr\u016fmyslu se sejdou 6. prosince na tradi\u010dn\u00ed valn\u00e9 hromad\u011b, kter\u00e1 se letos bude konat v kol\u00ednsk\u00e9 Toyota Motor Manufacturing Czech. Jak\u00fd bude letos program?<\/strong><!--more--><\/p>\n<p>Po p\u0159iv\u00edt\u00e1n\u00ed \u00fa\u010dastn\u00edk\u016f prezidentem hostitelsk\u00e9 spole\u010dnosti Koreatsu Aokim, p\u0159ednese prezident AutoSAPu Martin Jahn zpr\u00e1vu o \u010dinnosti Sdru\u017een\u00ed v roce 2023 a vizi na rok 2024.<\/p>\n<p>V r\u00e1mci programu jsou pro \u00fa\u010dastn\u00edky p\u0159ipraveny p\u0159edn\u00e1\u0161ky na aktu\u00e1ln\u00ed t\u00e9mata, kter\u00e9 rezonuj\u00ed nejen odv\u011btv\u00edm automobilov\u00e9ho pr\u016fmyslu.<\/p>\n<p><strong> Host\u00e9 se m\u016f\u017eou t\u011b\u0161it na: <\/strong><\/p>\n<p>1\ufe0f\u20e3 P\u0159ipravovan\u00e9 zm\u011bny v z\u00e1kladn\u00edm a st\u0159edn\u00edm \u0161kolstv\u00ed, o kter\u00fdch bude mluvit Jiri Nantl, n\u00e1m\u011bstek Ministerstvo \u0161kolstv\u00ed, ml\u00e1de\u017ee a t\u011blov\u00fdchovy (M\u0160MT)<\/p>\n<p>2\ufe0f\u20e3 Vliv dekarbonizovan\u00e9 energetiky na spot\u0159ebitele a distribu\u010dn\u00ed soustavu v pod\u00e1n\u00ed Michal Macenauer, \u0159editel strategie EG\u00da Brno<\/p>\n<p>3\ufe0f\u20e3 Panelovou diskuzi s n\u00e1zvem Opat\u0159en\u00ed ke zpru\u017en\u011bn\u00ed tuzemsk\u00e9ho trhu pr\u00e1ce, do kter\u00e9 zasednou Dana Rou\u010dkov\u00e1, vrchn\u00ed \u0159editelka sekce legislativy Ministerstvo pr\u00e1ce a soci\u00e1ln\u00edch v\u011bc\u00ed \u010cR, Bohdan Wojnar, viceprezident Svaz pr\u016fmyslu a dopravy \u010cR \/ Confederation of Industry CZ a Dr. Robert Kiml, viceprezident AutoSAP a Production Vice President Toyota Motor Manufacturing Czech.<\/p>\n<p>Po p\u0159iv\u00edt\u00e1n\u00ed a p\u0159edstaven\u00ed nov\u00fdch \u010dlen\u016f a B2B jedn\u00e1n\u00edch bude n\u00e1sledovat exkurze do v\u00fdroby kol\u00ednsk\u00e9ho z\u00e1vodu Toyoty.<\/p>\n<p><strong>Zdroj: AutoSAP\/Linked IN<\/strong><\/p>\n","protected":false},"excerpt":{"rendered":"<p>Vrcholn\u00ed p\u0159edstavitel\u00e9 \u010desk\u00e9ho autopr\u016fmyslu se sejdou 6. prosince na tradi\u010dn\u00ed valn\u00e9 hromad\u011b, kter\u00e1 se letos&#8230;<\/p>\n","protected":false},"author":1,"featured_media":238,"comment_status":"open","ping_status":"open","sticky":false,"template":"","format":"standard","meta":{"footnotes":""},"categories":[23,22],"tags":[],"class_list":["post-701","post","type-post","status-publish","format-standard","has-post-thumbnail","hentry","category-dodavatele","category-konference"],"_links":{"self":[{"href":"https:\/\/www.automakers.cz\/index.php?rest_route=\/wp\/v2\/posts\/701","targetHints":{"allow":["GET"]}}],"collection":[{"href":"https:\/\/www.automakers.cz\/index.php?rest_route=\/wp\/v2\/posts"}],"about":[{"href":"https:\/\/www.automakers.cz\/index.php?rest_route=\/wp\/v2\/types\/post"}],"author":[{"embeddable":true,"href":"https:\/\/www.automakers.cz\/index.php?rest_route=\/wp\/v2\/users\/1"}],"replies":[{"embeddable":true,"href":"https:\/\/www.automakers.cz\/index.php?rest_route=%2Fwp%2Fv2%2Fcomments&post=701"}],"version-history":[{"count":1,"href":"https:\/\/www.automakers.cz\/index.php?rest_route=\/wp\/v2\/posts\/701\/revisions"}],"predecessor-version":[{"id":702,"href":"https:\/\/www.automakers.cz\/index.php?rest_route=\/wp\/v2\/posts\/701\/revisions\/702"}],"wp:featuredmedia":[{"embeddable":true,"href":"https:\/\/www.automakers.cz\/index.php?rest_route=\/wp\/v2\/media\/238"}],"wp:attachment":[{"href":"https:\/\/www.automakers.cz\/index.php?rest_route=%2Fwp%2Fv2%2Fmedia&parent=701"}],"wp:term":[{"taxonomy":"category","embeddable":true,"href":"https:\/\/www.automakers.cz\/index.php?rest_route=%2Fwp%2Fv2%2Fcategories&post=701"},{"taxonomy":"post_tag","embeddable":true,"href":"https:\/\/www.automakers.cz\/index.php?rest_route=%2Fwp%2Fv2%2Ftags&post=701"}],"curies":[{"name":"wp","href":"https:\/\/api.w.org\/{rel}","templated":true}]}}