{"id":7024,"date":"2024-09-08T19:09:41","date_gmt":"2024-09-08T19:09:41","guid":{"rendered":"https:\/\/www.automakers.cz\/?p=7024"},"modified":"2024-09-08T19:09:41","modified_gmt":"2024-09-08T19:09:41","slug":"zmena-v-predstavenstvu-kooperativy","status":"publish","type":"post","link":"https:\/\/www.automakers.cz\/?p=7024","title":{"rendered":"Zm\u011bna v p\u0159edstavenstvu Kooperativy"},"content":{"rendered":"<p><strong>Dozor\u010d\u00ed rada VIG, kter\u00e1 vlastn\u00ed poji\u0161\u0165ovnu Kooperativa,\u00a0 od z\u00e1\u0159\u00ed jmenovala Christopha Ratha zastupuj\u00edc\u00edm \u010dlenem p\u0159edstavenstva VIG. Krok p\u0159ich\u00e1z\u00ed spolu s person\u00e1ln\u00edmi a struktur\u00e1ln\u00edmi zm\u011bnami ve st\u00e1vaj\u00edc\u00ed organiza\u010dn\u00ed struktu\u0159e holdingu.<\/strong><!--more--><span id=\"more-1673\"><\/span><\/p>\n<p>Nicolas Mucherl se stal n\u00e1stupcem Christopha Ratha ve funkci CFO (Chief Financial Officer) \u010desk\u00fdch spole\u010dnost\u00ed Kooperativa a \u010cPP a p\u0159edal tak svou st\u00e1vaj\u00edc\u00ed funkci \u0159editele Pl\u00e1nov\u00e1n\u00ed &amp; controllingu v holdingu VIG.<\/p>\n<p>Z\u00e1rove\u0148 byl Nicolas Mucherl od 1. 7. 2024 zvolen \u010dlenem p\u0159edstavenstva Kooperativa a \u010cPP. S v\u00fdjimkou oblasti zaji\u0161t\u011bn\u00ed p\u0159ebral do sv\u00e9 p\u016fsobnosti rezorty Christopha Ratha.<\/p>\n<p>Christoph Rath z\u016fstal do 31. 8. 2024 \u010dlenem p\u0159edstavenstva Kooperativy a \u010cPP, kde byl zodpov\u011bdn\u00fd za oblast zaji\u0161t\u011bn\u00ed. Od 1. 9. 2024 p\u0159ipadla oblast zaji\u0161t\u011bn\u00ed Nicolasi Mucherlemu.<\/p>\n<p><strong>Zdroj: VIG<\/strong><\/p>\n","protected":false},"excerpt":{"rendered":"<p>Dozor\u010d\u00ed rada VIG, kter\u00e1 vlastn\u00ed poji\u0161\u0165ovnu Kooperativa,\u00a0 od z\u00e1\u0159\u00ed jmenovala Christopha Ratha zastupuj\u00edc\u00edm \u010dlenem p\u0159edstavenstva&#8230;<\/p>\n","protected":false},"author":1,"featured_media":7025,"comment_status":"closed","ping_status":"closed","sticky":false,"template":"","format":"standard","meta":{"footnotes":""},"categories":[5,61,35],"tags":[],"class_list":["post-7024","post","type-post","status-publish","format-standard","has-post-thumbnail","hentry","category-personalie","category-pneu","category-pojisteni"],"_links":{"self":[{"href":"https:\/\/www.automakers.cz\/index.php?rest_route=\/wp\/v2\/posts\/7024","targetHints":{"allow":["GET"]}}],"collection":[{"href":"https:\/\/www.automakers.cz\/index.php?rest_route=\/wp\/v2\/posts"}],"about":[{"href":"https:\/\/www.automakers.cz\/index.php?rest_route=\/wp\/v2\/types\/post"}],"author":[{"embeddable":true,"href":"https:\/\/www.automakers.cz\/index.php?rest_route=\/wp\/v2\/users\/1"}],"replies":[{"embeddable":true,"href":"https:\/\/www.automakers.cz\/index.php?rest_route=%2Fwp%2Fv2%2Fcomments&post=7024"}],"version-history":[{"count":2,"href":"https:\/\/www.automakers.cz\/index.php?rest_route=\/wp\/v2\/posts\/7024\/revisions"}],"predecessor-version":[{"id":7027,"href":"https:\/\/www.automakers.cz\/index.php?rest_route=\/wp\/v2\/posts\/7024\/revisions\/7027"}],"wp:featuredmedia":[{"embeddable":true,"href":"https:\/\/www.automakers.cz\/index.php?rest_route=\/wp\/v2\/media\/7025"}],"wp:attachment":[{"href":"https:\/\/www.automakers.cz\/index.php?rest_route=%2Fwp%2Fv2%2Fmedia&parent=7024"}],"wp:term":[{"taxonomy":"category","embeddable":true,"href":"https:\/\/www.automakers.cz\/index.php?rest_route=%2Fwp%2Fv2%2Fcategories&post=7024"},{"taxonomy":"post_tag","embeddable":true,"href":"https:\/\/www.automakers.cz\/index.php?rest_route=%2Fwp%2Fv2%2Ftags&post=7024"}],"curies":[{"name":"wp","href":"https:\/\/api.w.org\/{rel}","templated":true}]}}