{"id":703,"date":"2023-12-05T08:51:34","date_gmt":"2023-12-05T08:51:34","guid":{"rendered":"https:\/\/www.automakers.cz\/?p=703"},"modified":"2023-12-05T09:17:16","modified_gmt":"2023-12-05T09:17:16","slug":"startuje-anketa-pr-roku-2023-sda","status":"publish","type":"post","link":"https:\/\/www.automakers.cz\/?p=703","title":{"rendered":"Startuje anketa PR roku 2023 SDA"},"content":{"rendered":"<p><strong>Valn\u00e1 hromada Klubu motoristick\u00fdch novin\u00e1\u0159\u016f odstartovala anketu o nejlep\u0161\u00ed medi\u00e1ln\u00ed servis v r\u00e1mci Svazu dovozc\u016f automobil\u016f v roce 2023. Hlasov\u00e1n\u00ed u\u017e za\u010dalo. Jak\u00fd bude harmonogram akce?<br \/>\n<\/strong><span id=\"more-147229\"><\/span><span id=\"more-7322\"><\/span><!--more--><\/p>\n<p>Klub motoristick\u00fdch novin\u00e1\u0159\u016f vyhla\u0161uj\u00ed anketu v novodob\u00e9 historii u\u017e poosm\u00e9.<\/p>\n<p>Jeho \u010dlenov\u00e9 budou moci d\u00e1vat sv\u00e9 hlasy v\u0161em ofici\u00e1ln\u00edm mluv\u010d\u00edm spole\u010dnost\u00ed sdru\u017een\u00fdch v SDA, kte\u0159\u00ed poskytovali PR servis v pr\u016fb\u011bhu roku 2023.<\/p>\n<p>\u201eJi\u017e na valn\u00e9 hromadw\u011b byly distribuov\u00e1ny hlasovac\u00ed l\u00edstky, motoristi\u010dt\u00ed novin\u00e1\u0159i je vypln\u00ed v pr\u016fb\u011bhu prosince a ledna. Vyhl\u00e1\u0161en\u00ed mana\u017eer\u016f, kte\u0159\u00ed letos poskytovali nejdostupn\u011bj\u0161\u00ed informa\u010dn\u00ed servis pro jejich redakce, chyst\u00e1me na 6. \u00fanor, spole\u010dn\u011b s ozn\u00e1men\u00edm v\u00fdsledk\u016f ankety Auto roku 2024,\u201c up\u0159es\u0148uje p\u0159edseda KMN Michal Busta.<\/p>\n<p><strong>Ka\u017ed\u00fd hlas znamen\u00e1 nominaci<\/strong><\/p>\n<p>Do sout\u011b\u017ee bude op\u011bt nominov\u00e1n ka\u017ed\u00fd mana\u017eer, kter\u00fd obdr\u017e\u00ed alespo\u0148 jeden novin\u00e1\u0159sk\u00fd hlas. Loni takto volilo sv\u00e9 obl\u00edben\u00e9 mluv\u010d\u00ed p\u0159es 30 motonovin\u00e1\u0159\u016f.<\/p>\n<p>\u201eLetos se op\u011bt po\u010d\u00edt\u00e1 s vedlej\u0161\u00ed kategori\u00ed Tiskovka roku,\u201c uvedl \u0161\u00e9fredaktor Automakers Erich Handl s t\u00edm, \u017ee v redakci Automakers, kter\u00e1 sout\u011b\u017e organiza\u010dn\u011b zaji\u0161\u0165uje, se u\u017e sch\u00e1zej\u00ed prvn\u00ed hlasy.<\/p>\n<p><strong>Nejlep\u0161\u00ed hl\u00e1\u0161ky p\u0159ijdou na Silvestra<\/strong><\/p>\n<p>Anketa bude m\u00edt pravideln\u00e9 v\u00fdstupy na webu KMN a tak\u00e9 na port\u00e1lu Automakers.cz. &#8222;Na Silvestra ur\u010dit\u011b nezapomeneme op\u011bt p\u0159ipomenout leto\u0161n\u00ed nezapomenuteln\u00e1 slovn\u00ed hodnocen\u00ed PR mana\u017eer\u016f ze strany novin\u00e1\u0159\u016f,&#8220; slibuje Handl.<\/p>\n<p><strong>Zdroj: Valn\u00e1 hromada KMN<\/strong><\/p>\n","protected":false},"excerpt":{"rendered":"<p>Valn\u00e1 hromada Klubu motoristick\u00fdch novin\u00e1\u0159\u016f odstartovala anketu o nejlep\u0161\u00ed medi\u00e1ln\u00ed servis v r\u00e1mci Svazu dovozc\u016f&#8230;<\/p>\n","protected":false},"author":1,"featured_media":704,"comment_status":"open","ping_status":"open","sticky":false,"template":"","format":"standard","meta":{"footnotes":""},"categories":[32,27],"tags":[],"class_list":["post-703","post","type-post","status-publish","format-standard","has-post-thumbnail","hentry","category-ankety","category-novinari"],"_links":{"self":[{"href":"https:\/\/www.automakers.cz\/index.php?rest_route=\/wp\/v2\/posts\/703","targetHints":{"allow":["GET"]}}],"collection":[{"href":"https:\/\/www.automakers.cz\/index.php?rest_route=\/wp\/v2\/posts"}],"about":[{"href":"https:\/\/www.automakers.cz\/index.php?rest_route=\/wp\/v2\/types\/post"}],"author":[{"embeddable":true,"href":"https:\/\/www.automakers.cz\/index.php?rest_route=\/wp\/v2\/users\/1"}],"replies":[{"embeddable":true,"href":"https:\/\/www.automakers.cz\/index.php?rest_route=%2Fwp%2Fv2%2Fcomments&post=703"}],"version-history":[{"count":3,"href":"https:\/\/www.automakers.cz\/index.php?rest_route=\/wp\/v2\/posts\/703\/revisions"}],"predecessor-version":[{"id":707,"href":"https:\/\/www.automakers.cz\/index.php?rest_route=\/wp\/v2\/posts\/703\/revisions\/707"}],"wp:featuredmedia":[{"embeddable":true,"href":"https:\/\/www.automakers.cz\/index.php?rest_route=\/wp\/v2\/media\/704"}],"wp:attachment":[{"href":"https:\/\/www.automakers.cz\/index.php?rest_route=%2Fwp%2Fv2%2Fmedia&parent=703"}],"wp:term":[{"taxonomy":"category","embeddable":true,"href":"https:\/\/www.automakers.cz\/index.php?rest_route=%2Fwp%2Fv2%2Fcategories&post=703"},{"taxonomy":"post_tag","embeddable":true,"href":"https:\/\/www.automakers.cz\/index.php?rest_route=%2Fwp%2Fv2%2Ftags&post=703"}],"curies":[{"name":"wp","href":"https:\/\/api.w.org\/{rel}","templated":true}]}}