{"id":7049,"date":"2024-09-10T06:42:57","date_gmt":"2024-09-10T06:42:57","guid":{"rendered":"https:\/\/www.automakers.cz\/?p=7049"},"modified":"2024-09-10T06:44:55","modified_gmt":"2024-09-10T06:44:55","slug":"letni-dovolene-poslaly-vyrobu-do-minusu","status":"publish","type":"post","link":"https:\/\/www.automakers.cz\/?p=7049","title":{"rendered":"Letn\u00ed dovolen\u00e9 poslaly v\u00fdrobu do minusu"},"content":{"rendered":"<p><strong>\u010cesk\u00e1 pr\u016fmyslov\u00e1 v\u00fdroba za \u010dervenec zaznamenala dal\u0161\u00ed sn\u00ed\u017een\u00ed, kdy\u017e v re\u00e1ln\u00e9m vyj\u00e1d\u0159en\u00ed poklesla o 1,9 %. Nevzrostla tentokr\u00e1t ani v mezim\u011bs\u00ed\u010dn\u00edm vyj\u00e1d\u0159en\u00ed, kdy pokles \u010dinil -0,8 %. Za poklesem tentokr\u00e1t stoj\u00ed posun celoz\u00e1vodn\u00edch dovolen\u00fdch v automotive na \u010dervenec, kter\u00e9 v p\u0159edchoz\u00edm roce zasahovaly i do srpna.<\/strong><br \/>\n<!--more--><\/p>\n<p>Pohledem na\u00a0<strong>jednotliv\u00e1 odv\u011btv\u00ed<\/strong> je z\u0159ejm\u00e9, \u017ee za celkov\u00fdm propadem tentokr\u00e1t stoj\u00ed zejm\u00e9na\u00a0<strong>automobilov\u00fd pr\u016fmysl<\/strong>, kdy\u017e nap\u0159. ve \u0160koda Auto prob\u00edhala v pr\u016fb\u011bhu \u010dervence dvout\u00fddenn\u00ed celoz\u00e1vodn\u00ed dovolen\u00e1. Ta p\u0159itom v lo\u0148sk\u00e9m roce p\u0159ipadla sp\u00ed\u0161e na srpen a pokles v\u00fdroby tak byl rozlo\u017een do v\u00edce m\u011bs\u00edc\u016f. Letos v \u010dervenci tak \u010din\u00ed meziro\u010dn\u00ed propad v automotive -16,4 %, co\u017e celkov\u00fd v\u00fdsledek pr\u016fmyslu st\u00e1hlo o v\u00edce ne\u017e 3 p.b. dol\u016f.<\/p>\n<p>V\u00fdkon automotive je nav\u00edc v leto\u0161n\u00edm roce zat\u00edm obecn\u011b hor\u0161\u00ed ne\u017e vloni, kdy\u017e st\u00e1le nedoch\u00e1z\u00ed k dostate\u010dn\u00e9mu o\u017eiven\u00ed popt\u00e1vky na exportn\u00edch trz\u00edch. To se projevuje i v klesaj\u00edc\u00ed v\u00fdrob\u011b\u00a0<strong>z\u00e1kladn\u00edch kov\u016f, v hutnictv\u00ed a sl\u00e9v\u00e1renstv\u00ed<\/strong>(-7,8 % r\/r), ale tak\u00e9 zejm\u00e9na ve v\u00fdrob\u011b\u00a0<strong>stroj\u016f a za\u0159\u00edzen\u00ed<\/strong>\u00a0(-5,4 %), kter\u00e9 maj\u00ed na celkov\u00fd v\u00fdkon pr\u016fmyslu hned po automotive nyn\u00ed nejhor\u0161\u00ed vliv.<\/p>\n<p><img loading=\"lazy\" decoding=\"async\" class=\"alignnone size-medium wp-image-303\" src=\"http:\/\/www.automakers.cz\/wp-content\/uploads\/2023\/11\/Audi-vyroba-linka-Gyor-900x600.jpg\" alt=\"\" width=\"900\" height=\"600\" \/>Pozitivn\u011b se projevuje naopak odv\u011btv\u00ed vyr\u00e1b\u011bj\u00edc\u00ed\u00a0<strong>kovov\u00e9 konstrukce a dal\u0161\u00ed slo\u017eit\u011bj\u0161\u00ed v\u00fdrobky<\/strong>\u00a0(krom\u011b stroj\u016f a za\u0159\u00edzen\u00ed), kter\u00e9 zv\u00fd\u0161ilo svou v\u00fdrobu t\u00e9m\u011b\u0159 o 4 % a do celkov\u00e9ho rozkladu pr\u016fmyslu p\u0159isp\u011blo v \u010dervenci nejv\u00edce (+0,4 p.b.). D\u00e1le byl pro \u010desk\u00fd pr\u016fmysl nyn\u00ed v\u00fdrazn\u00fd zejm\u00e9na p\u0159\u00edsp\u011bvek\u00a0<strong>farmaceutick\u00e9ho pr\u016fmyslu<\/strong>\u00a0(+0,36 p.b.), ale tak\u00e9 pokra\u010duj\u00edc\u00ed r\u016fst v\u00fdroby potravin\u00e1\u0159sk\u00fdch v\u00fdrobk\u016f (+0,26 p.b.).<\/p>\n<p><strong>Nov\u00e9 zak\u00e1zky <\/strong>p\u0159in\u00e1\u0161\u00ed dal\u0161\u00ed \u0161patn\u00e9 zpr\u00e1vy ohledn\u011b v\u00fdhledu pro \u010desk\u00fd pr\u016fmysl, kdy\u017e na rozd\u00edl od \u010dervna nyn\u00ed op\u011bt popt\u00e1vka v pr\u016fmyslu klesla (-1,8 %). Nejv\u00edce se zv\u00fd\u0161ila popt\u00e1vka po v\u00fdrob\u011b\u00a0<strong>farmaceutick\u00fdch v\u00fdrobk\u016f<\/strong>\u00a0(+36,1 %) a v\u00fdrob\u011b\u00a0<strong>po\u010d\u00edta\u010d\u016f, elektronick\u00fdch a optick\u00fdch p\u0159\u00edstroj\u016f a za\u0159\u00edzen\u00ed<\/strong>(+30,4 %). Obecn\u011b v\u0161ak doch\u00e1z\u00ed k r\u016fstu popt\u00e1vky sp\u00ed\u0161e po v\u00fdrob\u011b v relativn\u011b m\u00e9n\u011b zastoupen\u00fdch odv\u011btv\u00edch, jako je v\u00fdroba\u00a0<strong>pap\u00edru a v\u00fdrobk\u016f z pap\u00edru<\/strong>\u00a0(+11,2 %) \u010di v\u00fdroba\u00a0<strong>od\u011bv\u016f\u00a0<\/strong>(+7,3 %). Naopak v nejv\u00edce zastoupen\u00e9m odv\u011btv\u00ed\u00a0<strong>automotive\u00a0<\/strong>zaznamen\u00e1v\u00e1me propad nov\u00fdch zak\u00e1zek t\u00e9m\u011b\u0159 o 20 %.<\/p>\n<p>Na pr\u016fmyslov\u00e9m <strong>trhu pr\u00e1ce<\/strong>\u00a0se pokles v\u00fdroby projevuje op\u011bt v ni\u017e\u0161\u00ed zam\u011bstnanosti (-1,9 % r\/r), pr\u016fm\u011brn\u00e9 mzdy naopak rostou meziro\u010dn\u00edm tempem +9,1 %.<\/p>\n<p><strong>Zdroj: RB<\/strong><\/p>\n<p><img loading=\"lazy\" decoding=\"async\" class=\"alignnone wp-image-7052\" src=\"http:\/\/www.automakers.cz\/wp-content\/uploads\/2024\/09\/undefined.gif\" alt=\"\" width=\"945\" height=\"134\" \/><\/p>\n","protected":false},"excerpt":{"rendered":"<p>\u010cesk\u00e1 pr\u016fmyslov\u00e1 v\u00fdroba za \u010dervenec zaznamenala dal\u0161\u00ed sn\u00ed\u017een\u00ed, kdy\u017e v re\u00e1ln\u00e9m vyj\u00e1d\u0159en\u00ed poklesla o 1,9&#8230;<\/p>\n","protected":false},"author":2,"featured_media":7050,"comment_status":"closed","ping_status":"closed","sticky":false,"template":"","format":"standard","meta":{"footnotes":""},"categories":[10,18],"tags":[],"class_list":["post-7049","post","type-post","status-publish","format-standard","has-post-thumbnail","hentry","category-statistika","category-vyroba"],"_links":{"self":[{"href":"https:\/\/www.automakers.cz\/index.php?rest_route=\/wp\/v2\/posts\/7049","targetHints":{"allow":["GET"]}}],"collection":[{"href":"https:\/\/www.automakers.cz\/index.php?rest_route=\/wp\/v2\/posts"}],"about":[{"href":"https:\/\/www.automakers.cz\/index.php?rest_route=\/wp\/v2\/types\/post"}],"author":[{"embeddable":true,"href":"https:\/\/www.automakers.cz\/index.php?rest_route=\/wp\/v2\/users\/2"}],"replies":[{"embeddable":true,"href":"https:\/\/www.automakers.cz\/index.php?rest_route=%2Fwp%2Fv2%2Fcomments&post=7049"}],"version-history":[{"count":6,"href":"https:\/\/www.automakers.cz\/index.php?rest_route=\/wp\/v2\/posts\/7049\/revisions"}],"predecessor-version":[{"id":7092,"href":"https:\/\/www.automakers.cz\/index.php?rest_route=\/wp\/v2\/posts\/7049\/revisions\/7092"}],"wp:featuredmedia":[{"embeddable":true,"href":"https:\/\/www.automakers.cz\/index.php?rest_route=\/wp\/v2\/media\/7050"}],"wp:attachment":[{"href":"https:\/\/www.automakers.cz\/index.php?rest_route=%2Fwp%2Fv2%2Fmedia&parent=7049"}],"wp:term":[{"taxonomy":"category","embeddable":true,"href":"https:\/\/www.automakers.cz\/index.php?rest_route=%2Fwp%2Fv2%2Fcategories&post=7049"},{"taxonomy":"post_tag","embeddable":true,"href":"https:\/\/www.automakers.cz\/index.php?rest_route=%2Fwp%2Fv2%2Ftags&post=7049"}],"curies":[{"name":"wp","href":"https:\/\/api.w.org\/{rel}","templated":true}]}}