{"id":7055,"date":"2024-09-10T06:50:13","date_gmt":"2024-09-10T06:50:13","guid":{"rendered":"https:\/\/www.automakers.cz\/?p=7055"},"modified":"2024-09-10T06:50:13","modified_gmt":"2024-09-10T06:50:13","slug":"skoda-uvolnila-prvni-skicy-elroqu","status":"publish","type":"post","link":"https:\/\/www.automakers.cz\/?p=7055","title":{"rendered":"\u0160koda uvolnila prvn\u00ed skicy Elroqu"},"content":{"rendered":"<p><strong>P\u0159i p\u0159\u00edle\u017eitosti Sv\u011btov\u00e9ho dne elektromobil\u016f odhalila \u0160koda detaily Elroqu, prvn\u00edho s\u00e9riov\u00e9ho modelu zna\u010dky s designov\u00fdm jazykem Modern Solid. Prvn\u00ed skici exteri\u00e9ru nab\u00edz\u00ed pohled na design s n\u00e1pisem \u0160koda na p\u0159\u00eddi, maskou Tech-Deck Face a Matrix-LED p\u0159edn\u00edmi sv\u011btlomety integrovan\u00fdmi do p\u0159edn\u00edho n\u00e1razn\u00edku.<\/strong><br \/>\n<!--more--><\/p>\n<p>Karl Neuhold, vedouc\u00ed designu exteri\u00e9ru spole\u010dnosti \u0160koda Auto, \u0159\u00edk\u00e1: \u201eZcela nov\u00e1 \u0160koda Elroq je zt\u011blesn\u011bn\u00edm na\u0161eho nov\u00e9ho designov\u00e9ho jazyka Modern Solid a posouv\u00e1 design na novou \u00farove\u0148 \u2013 i d\u00edky atraktivn\u00ed masce Tech-Deck Face a v\u00fdrazn\u00e9mu p\u0159edn\u00edmu n\u00e1razn\u00edku. Dal\u0161\u00edm charakteristick\u00fdm prvkem nov\u00e9ho pln\u011b elektrick\u00e9ho vozu je n\u00e1pis \u0160koda na kapot\u011b. Vzhled automobilu dopl\u0148uj\u00ed akcenty vyveden\u00e9 v odst\u00ednu Dark Chrome. Vzhledem k dlouh\u00e9mu dojezdu a robustn\u00ed karoserii bude Elroq skv\u011bl\u00fdm spole\u010dn\u00edkem na cest\u00e1ch do p\u0159\u00edrody, d\u00edky kompaktn\u00edm rozm\u011br\u016fm je sou\u010dasn\u011b ide\u00e1ln\u00ed i do m\u011bstsk\u00e9ho prost\u0159ed\u00ed.\u201c<\/p>\n<p>D\u011blen\u00e9 p\u0159edn\u00ed sv\u011btlomety, n\u00e1pis \u0160koda na kapot\u011b a maska Tech-Deck Face Skici exteri\u00e9ru pln\u011b elektrick\u00e9ho modelu \u0160koda Elroq zobrazuj\u00ed v\u00fdraznou p\u0159\u00ed\u010f. Kl\u00ed\u010dov\u00fdm prvkem je \u0161irok\u00e1 ploch\u00e1 maska Tech-Deck Face, kter\u00e1 nahrazuje klasickou masku chladi\u010de. P\u0159\u00ed\u010f se d\u00e1le vyzna\u010duje d\u011blen\u00fdmi sv\u011btlomety, jejich\u017e u\u017e\u0161\u00ed horn\u00ed \u010d\u00e1st plynule p\u0159ech\u00e1z\u00ed do blatn\u00edk\u016f. Na kapot\u011b se nach\u00e1z\u00ed n\u00e1pis \u0160koda vyveden\u00fd v odst\u00ednu Dark Chrome. Vzhled modelu Elroq podtrhuje odst\u00edn laku zelen\u00e1 Timiano. Robustn\u00ed dojem vozu umoc\u0148uje masivn\u00ed p\u0159edn\u00ed a zadn\u00ed n\u00e1razn\u00edk.<\/p>\n<p>Z\u00e1\u010f vozu Elroq zdob\u00ed st\u0159e\u0161n\u00ed spoiler a \u00fazk\u00e1 LED zadn\u00ed sv\u011btla. K dal\u0161\u00edm vizu\u00e1ln\u00edm highlight\u016fm pat\u0159\u00ed designov\u00e9 prvky vyveden\u00e9 v odst\u00ednu Dark Chrome, jako je n\u00e1pis um\u00edst\u011bn\u00fd uprost\u0159ed p\u00e1t\u00fdch dve\u0159\u00edch a 2D logo \u0160koda zdob\u00edc\u00ed st\u0159edov\u00e9 krytky kol z lehk\u00e9 slitiny.<\/p>\n<p><img loading=\"lazy\" decoding=\"async\" class=\"alignnone size-medium wp-image-7057\" src=\"http:\/\/www.automakers.cz\/wp-content\/uploads\/2024\/09\/skoda-elroq-2small-900x506.jpg\" alt=\"\" width=\"900\" height=\"506\" srcset=\"https:\/\/www.automakers.cz\/wp-content\/uploads\/2024\/09\/skoda-elroq-2small-900x506.jpg 900w, https:\/\/www.automakers.cz\/wp-content\/uploads\/2024\/09\/skoda-elroq-2small-1024x576.jpg 1024w, https:\/\/www.automakers.cz\/wp-content\/uploads\/2024\/09\/skoda-elroq-2small-768x432.jpg 768w, https:\/\/www.automakers.cz\/wp-content\/uploads\/2024\/09\/skoda-elroq-2small-1536x864.jpg 1536w, https:\/\/www.automakers.cz\/wp-content\/uploads\/2024\/09\/skoda-elroq-2small-2048x1152.jpg 2048w, https:\/\/www.automakers.cz\/wp-content\/uploads\/2024\/09\/skoda-elroq-2small-1280x720.jpg 1280w\" sizes=\"auto, (max-width: 900px) 100vw, 900px\" \/><\/p>\n","protected":false},"excerpt":{"rendered":"<p>P\u0159i p\u0159\u00edle\u017eitosti Sv\u011btov\u00e9ho dne elektromobil\u016f odhalila \u0160koda detaily Elroqu, prvn\u00edho s\u00e9riov\u00e9ho modelu zna\u010dky s designov\u00fdm&#8230;<\/p>\n","protected":false},"author":2,"featured_media":7056,"comment_status":"closed","ping_status":"closed","sticky":false,"template":"","format":"standard","meta":{"footnotes":""},"categories":[13,9],"tags":[],"class_list":["post-7055","post","type-post","status-publish","format-standard","has-post-thumbnail","hentry","category-design","category-elektromobily"],"_links":{"self":[{"href":"https:\/\/www.automakers.cz\/index.php?rest_route=\/wp\/v2\/posts\/7055","targetHints":{"allow":["GET"]}}],"collection":[{"href":"https:\/\/www.automakers.cz\/index.php?rest_route=\/wp\/v2\/posts"}],"about":[{"href":"https:\/\/www.automakers.cz\/index.php?rest_route=\/wp\/v2\/types\/post"}],"author":[{"embeddable":true,"href":"https:\/\/www.automakers.cz\/index.php?rest_route=\/wp\/v2\/users\/2"}],"replies":[{"embeddable":true,"href":"https:\/\/www.automakers.cz\/index.php?rest_route=%2Fwp%2Fv2%2Fcomments&post=7055"}],"version-history":[{"count":5,"href":"https:\/\/www.automakers.cz\/index.php?rest_route=\/wp\/v2\/posts\/7055\/revisions"}],"predecessor-version":[{"id":7098,"href":"https:\/\/www.automakers.cz\/index.php?rest_route=\/wp\/v2\/posts\/7055\/revisions\/7098"}],"wp:featuredmedia":[{"embeddable":true,"href":"https:\/\/www.automakers.cz\/index.php?rest_route=\/wp\/v2\/media\/7056"}],"wp:attachment":[{"href":"https:\/\/www.automakers.cz\/index.php?rest_route=%2Fwp%2Fv2%2Fmedia&parent=7055"}],"wp:term":[{"taxonomy":"category","embeddable":true,"href":"https:\/\/www.automakers.cz\/index.php?rest_route=%2Fwp%2Fv2%2Fcategories&post=7055"},{"taxonomy":"post_tag","embeddable":true,"href":"https:\/\/www.automakers.cz\/index.php?rest_route=%2Fwp%2Fv2%2Ftags&post=7055"}],"curies":[{"name":"wp","href":"https:\/\/api.w.org\/{rel}","templated":true}]}}