{"id":7061,"date":"2024-09-10T06:48:16","date_gmt":"2024-09-10T06:48:16","guid":{"rendered":"https:\/\/www.automakers.cz\/?p=7061"},"modified":"2024-09-10T06:48:16","modified_gmt":"2024-09-10T06:48:16","slug":"recyklacni-centrum-bmw-slavi-30-let","status":"publish","type":"post","link":"https:\/\/www.automakers.cz\/?p=7061","title":{"rendered":"Recykla\u010dn\u00ed centrum BMW slav\u00ed 30 let"},"content":{"rendered":"<p class=\"teaser clear\"><strong>Centrum pro recyklaci a demont\u00e1\u017e BMW Group (RDC) ji\u017e 30 let vyv\u00edj\u00ed a testuje procesy umo\u017e\u0148uj\u00edc\u00ed v\u00fdznamn\u00e9 pokroky v recyklaci d\u00edl\u016f a materi\u00e1l\u016f.<\/strong><br \/>\n<!--more--><\/p>\n<p>Zku\u0161enosti z\u00edskan\u00e9 v RDC, podpo\u0159en\u00e9 glob\u00e1ln\u00ed s\u00edt\u00ed v recykla\u010dn\u00edm pr\u016fmyslu, napom\u00e1haj\u00ed k zav\u00e1d\u011bn\u00ed ob\u011bhov\u00e9ho hospod\u00e1\u0159stv\u00ed v\u00a0automobilov\u00e9m pr\u016fmyslu. RDC se rovn\u011b\u017e zapojuje do procesu navrhov\u00e1n\u00ed produkt\u016f BMW Group a zaji\u0161\u0165uje, aby recyklovatelnost nov\u00fdch model\u016f byla zohledn\u011bna od sam\u00e9ho po\u010d\u00e1tku jejich v\u00fdvoje.<\/p>\n<p>Ka\u017ed\u00fd rok RDC recykluje n\u011bkolik tis\u00edc vozidel, v\u011bt\u0161inou p\u0159eds\u00e9riov\u00fdch, kter\u00e1 byla pou\u017eita k testov\u00e1n\u00ed a nemohou b\u00fdt prod\u00e1na koncov\u00fdm z\u00e1kazn\u00edk\u016fm. Tyto vozy jsou demontov\u00e1ny pomoc\u00ed standardizovan\u00e9ho procesu zam\u011b\u0159en\u00e9ho na identifikaci znovu pou\u017eiteln\u00fdch s\u00e9riov\u00fdch komponent\u016f a materi\u00e1l\u016f vhodn\u00fdch k\u00a0recyklaci.<\/p>\n<p><img loading=\"lazy\" decoding=\"async\" class=\"alignnone size-medium wp-image-7063\" src=\"http:\/\/www.automakers.cz\/wp-content\/uploads\/2024\/09\/Recyklacni-centrum-BMW-2-small-900x600.jpg\" alt=\"\" width=\"900\" height=\"600\" srcset=\"https:\/\/www.automakers.cz\/wp-content\/uploads\/2024\/09\/Recyklacni-centrum-BMW-2-small-900x600.jpg 900w, https:\/\/www.automakers.cz\/wp-content\/uploads\/2024\/09\/Recyklacni-centrum-BMW-2-small-1024x683.jpg 1024w, https:\/\/www.automakers.cz\/wp-content\/uploads\/2024\/09\/Recyklacni-centrum-BMW-2-small-768x512.jpg 768w, https:\/\/www.automakers.cz\/wp-content\/uploads\/2024\/09\/Recyklacni-centrum-BMW-2-small-1536x1024.jpg 1536w, https:\/\/www.automakers.cz\/wp-content\/uploads\/2024\/09\/Recyklacni-centrum-BMW-2-small-2048x1365.jpg 2048w\" sizes=\"auto, (max-width: 900px) 100vw, 900px\" \/><\/p>\n<p><strong>Centrum pro recyklaci je vzorem pro cel\u00e9 odv\u011btv\u00ed<br \/>\n<\/strong><\/p>\n<p>To, co za\u010dalo v roce 1994 jako nov\u00e9 recykla\u010dn\u00ed za\u0159\u00edzen\u00ed vlastn\u011bn\u00e9 spole\u010dnost\u00ed BMW Group, se b\u011bhem t\u0159\u00ed desetilet\u00ed prom\u011bnilo ve skute\u010dn\u00e9 pr\u016fkopnick\u00e9 centrum pro recyklaci vozidel. S ohledem na nov\u00e9 p\u0159edpisy a ambici\u00f3zn\u00ed c\u00edle BMW Group bude RDC hr\u00e1t v budoucnu je\u0161t\u011b v\u00fdznamn\u011bj\u0161\u00ed roli. Odborn\u00e9 znalosti, kter\u00e9 z\u00edskalo, jsou kl\u00ed\u010dem k dal\u0161\u00edmu zlep\u0161ov\u00e1n\u00ed recyklovatelnosti automobil\u016f.<\/p>\n<p>BMW Group se pod\u00edlela na vytvo\u0159en\u00ed platformy IDIS (International Dismantling Information System), na kter\u00e9 RDC zve\u0159ej\u0148uje sv\u00e9 informace a poznatky. Tyto informace jsou k dispozici zdarma recykla\u010dn\u00edm spole\u010dnostem po cel\u00e9m sv\u011bt\u011b. Spole\u010dnou recykla\u010dn\u00ed datab\u00e1zi v sou\u010dasn\u00e9 dob\u011b vyu\u017e\u00edv\u00e1 p\u0159ibli\u017en\u011b 3000 organizac\u00ed ve 41 zem\u00edch, kter\u00e9 se u\u010d\u00ed, jak n\u00e1kladov\u011b efektivn\u011b demontovat recyklovateln\u00e9 sou\u010d\u00e1sti a z\u00edsk\u00e1vat cenn\u00e9 materi\u00e1ly.<\/p>\n<p>V\u00fdvoj a zdokonalov\u00e1n\u00ed recykla\u010dn\u00edch proces\u016f je sou\u010d\u00e1st\u00ed snahy o sn\u00ed\u017een\u00ed ekologick\u00e9 stopy, k\u00a0n\u00ed\u017e p\u0159isp\u00edv\u00e1 i \u0161et\u0159en\u00ed zdroj\u016f.<\/p>\n<p><strong>Dne\u0161n\u00ed \u0161rot, z\u00edt\u0159ej\u0161\u00ed surovina<br \/>\n<\/strong><\/p>\n<p>Recyklace vozidel v RDC za\u010d\u00edn\u00e1 \u0159\u00edzenou aktivac\u00ed bezpe\u010dnostn\u00edch z\u00e1dr\u017en\u00fdch syst\u00e9m\u016f a vypu\u0161t\u011bn\u00edm v\u0161ech provozn\u00edch kapalin. K neutralizaci pyrotechnick\u00fdch l\u00e1tek v airbagu se mimo jin\u00e9 pou\u017e\u00edv\u00e1 vlastn\u00ed proces BMW Group. Speci\u00e1ln\u011b vyvinut\u00e9 za\u0159\u00edzen\u00ed tak\u00e9 ods\u00e1v\u00e1 olej z tlumi\u010d\u016f.<\/p>\n<p>B\u011bhem demont\u00e1\u017ee se klade d\u016fraz na recyklaci jednotliv\u00fdch komponent\u016f. Funk\u010dn\u00ed a bezvadn\u00e9 komponenty nejsou likvidov\u00e1ny, ale p\u0159ed\u00e1v\u00e1ny registrovan\u00fdm prodejc\u016fm k dal\u0161\u00edmu prodeji. P\u0159i mechanick\u00e9 demont\u00e1\u017ei vozidla jsou n\u011bkter\u00e9 materi\u00e1ly, jako nap\u0159\u00edklad m\u011b\u010f obsa\u017een\u00e1 v kabelov\u00fdch svazc\u00edch, odd\u011bleny pomoc\u00ed speci\u00e1ln\u011b vyvinut\u00e9ho stroje. Po vyjmut\u00ed bloku motoru a\u00a0p\u0159evodovky se zbytek vozidla slisuje a rozdrt\u00ed v extern\u00edm recykla\u010dn\u00edm za\u0159\u00edzen\u00ed.<\/p>\n<p>C\u00edlen\u00e1 demont\u00e1\u017e kov\u016f zaji\u0161\u0165uje, \u017ee se dne\u0161n\u00ed \u0161rot stane z\u00edt\u0159ej\u0161\u00ed surovinou, a to v co nejv\u011bt\u0161\u00edm rozsahu a nejvy\u0161\u0161\u00ed mo\u017en\u00e9 kvalit\u011b. To je d\u016fle\u017eit\u00e9 nejen z\u00a0pohledu ochrany \u017eivotn\u00edho prost\u0159ed\u00ed, ale i z finan\u010dn\u00edho hlediska: kovy pou\u017e\u00edvan\u00e9 v hnac\u00edm \u00fastroj\u00ed, jako je m\u011b\u010f, p\u0159in\u00e1\u0161ej\u00ed obzvl\u00e1\u0161t\u011b vysok\u00e9 p\u0159\u00edjmy. Demont\u00e1\u017e katalyz\u00e1toru je rovn\u011b\u017e ekonomicky efektivn\u00ed d\u00edky cenn\u00fdm kov\u016fm, kter\u00e9 obsahuje.<\/p>\n<p><img loading=\"lazy\" decoding=\"async\" class=\"alignnone size-medium wp-image-7064\" src=\"http:\/\/www.automakers.cz\/wp-content\/uploads\/2024\/09\/Recyklacni-centrum-BMW-3-small-900x600.jpg\" alt=\"\" width=\"900\" height=\"600\" srcset=\"https:\/\/www.automakers.cz\/wp-content\/uploads\/2024\/09\/Recyklacni-centrum-BMW-3-small-900x600.jpg 900w, https:\/\/www.automakers.cz\/wp-content\/uploads\/2024\/09\/Recyklacni-centrum-BMW-3-small-1024x683.jpg 1024w, https:\/\/www.automakers.cz\/wp-content\/uploads\/2024\/09\/Recyklacni-centrum-BMW-3-small-768x512.jpg 768w, https:\/\/www.automakers.cz\/wp-content\/uploads\/2024\/09\/Recyklacni-centrum-BMW-3-small-1536x1024.jpg 1536w, https:\/\/www.automakers.cz\/wp-content\/uploads\/2024\/09\/Recyklacni-centrum-BMW-3-small-2048x1365.jpg 2048w\" sizes=\"auto, (max-width: 900px) 100vw, 900px\" \/><\/p>\n<p><strong>Car2Cor: d\u016fsledn\u00fd v\u00fdzkum pro efektivn\u00ed recyklaci<br \/>\n<\/strong><\/p>\n<p>BMW Group podporuje tak\u00e9 extern\u00ed v\u00fdzkum zam\u011b\u0159en\u00fd na inovativn\u00ed recykla\u010dn\u00ed procesy, kter\u00e9 \u0161et\u0159\u00ed zdroje i finance. V r\u00e1mci v\u00fdzkumn\u00e9ho projektu Car2Car, dotovan\u00e9ho n\u011bmeckou spolkovou vl\u00e1dou, poskytuje RDC jak odborn\u00e9 znalosti, tak vyslou\u017eil\u00e9 vozy. V uplynul\u00e9m roce byly v r\u00e1mci projektu vyvinuty metody, kter\u00e9 umo\u017e\u0148uj\u00ed vyu\u017e\u00edvat p\u0159i v\u00fdrob\u011b nov\u00fdch automobil\u016f v\u00edce recyklovateln\u00fdch materi\u00e1l\u016f z vozidel s ukon\u010denou \u017eivotnost\u00ed, a to zejm\u00e9na oceli, hlin\u00edku, m\u011bdi, skla a plast\u016f.<\/p>\n<p>BMW Group se ujala role vedouc\u00edho konsorcia Car2Cor a spolupracuje se \u010dleny recykla\u010dn\u00edho pr\u016fmyslu, spole\u010dnostmi zpracov\u00e1vaj\u00edc\u00edmi suroviny a v\u011bdci. St\u0159edn\u011bdob\u00e9 hodnocen\u00ed projektu ukazuje velk\u00fd pokrok v hodnocen\u00ed ekonomick\u00fdch a environment\u00e1ln\u00edch dopad\u016f r\u016fzn\u00fdch recykla\u010dn\u00edch proces\u016f. V\u00fdm\u011bna poznatk\u016f a spole\u010dn\u00e1 anal\u00fdza vedly k nov\u00fdm pohled\u016fm na recyklaci zbytkov\u00fdch materi\u00e1l\u016f a poskytly pevn\u00fd z\u00e1klad pro budov\u00e1n\u00ed inovativn\u00edch proces\u016f. V\u011bdci a odborn\u00edci z pr\u016fmyslu nap\u0159\u00edklad spole\u010dn\u011b navrhuj\u00ed poloautomatick\u00e9 procesy demont\u00e1\u017ee, kter\u00e9 umo\u017en\u00ed cenov\u011b v\u00fdhodnou separaci recyklovateln\u00fdch materi\u00e1l\u016f.<\/p>\n<p><strong>Cirkul\u00e1rn\u00ed design pro uzav\u0159en\u00fd kolob\u011bh materi\u00e1lu<br \/>\n<\/strong><\/p>\n<p>Ve\u0161ker\u00e9 poznatky z\u00edskan\u00e9 v RDC o recyklovatelnosti komponent\u016f a materi\u00e1l\u016f jsou ji\u017e za\u010dlen\u011bny do v\u00fdvoje produkt\u016f BMW Group. Uplat\u0148ov\u00e1n\u00edm princip\u016f Re:Think, Re:Duce, Re:Use a Re:Cycle se BMW Group sna\u017e\u00ed zajistit, aby vozidla po skon\u010den\u00ed sv\u00e9 \u017eivotnosti, kter\u00e1 v N\u011bmecku dosahuje v pr\u016fm\u011bru 21 let, slou\u017eila jako zdroj materi\u00e1l\u016f pro nov\u00e9 vozy. Kl\u00ed\u010dov\u00fdm faktorem je pou\u017e\u00edv\u00e1n\u00ed monomateri\u00e1l\u016f nam\u00edsto kompozit\u016f, proto\u017ee ty se d\u00edky sv\u00e9 vy\u0161\u0161\u00ed \u010distot\u011b snadn\u011bji recykluj\u00ed.<\/p>\n<p>Na z\u00e1klad\u011b z\u00e1v\u011br\u016f RDC se reviduj\u00ed tak\u00e9 v\u00fdrobn\u00ed procesy v tov\u00e1rn\u00e1ch BMW Group po cel\u00e9m sv\u011bt\u011b. P\u0159i v\u00fdrob\u011b nov\u00fdch voz\u016f se up\u0159ednost\u0148uj\u00ed metody, kter\u00e9 usnad\u0148uj\u00ed demont\u00e1\u017e sou\u010d\u00e1st\u00ed a t\u0159\u00edd\u011bn\u00ed materi\u00e1l\u016f podle druhu. Nap\u0159\u00edklad lepen\u00ed bylo nahrazeno inovativn\u00edmi \u0159e\u0161en\u00edmi spojov\u00e1n\u00ed.<\/p>\n<p><img loading=\"lazy\" decoding=\"async\" class=\"alignnone size-medium wp-image-7065\" src=\"http:\/\/www.automakers.cz\/wp-content\/uploads\/2024\/09\/Recyklacni-centrum-BMW-4-small-900x600.jpg\" alt=\"\" width=\"900\" height=\"600\" srcset=\"https:\/\/www.automakers.cz\/wp-content\/uploads\/2024\/09\/Recyklacni-centrum-BMW-4-small-900x600.jpg 900w, https:\/\/www.automakers.cz\/wp-content\/uploads\/2024\/09\/Recyklacni-centrum-BMW-4-small-1024x683.jpg 1024w, https:\/\/www.automakers.cz\/wp-content\/uploads\/2024\/09\/Recyklacni-centrum-BMW-4-small-768x512.jpg 768w, https:\/\/www.automakers.cz\/wp-content\/uploads\/2024\/09\/Recyklacni-centrum-BMW-4-small-1536x1024.jpg 1536w, https:\/\/www.automakers.cz\/wp-content\/uploads\/2024\/09\/Recyklacni-centrum-BMW-4-small-2048x1365.jpg 2048w\" sizes=\"auto, (max-width: 900px) 100vw, 900px\" \/><\/p>\n<p><strong>Recyklace vysokonap\u011b\u0165ov\u00fdch bateri\u00ed v uzav\u0159en\u00e9m cyklu.<br \/>\n<\/strong>S rostouc\u00edm roz\u0161\u00ed\u0159en\u00edm elektromobility se dal\u0161\u00ed prioritou st\u00e1v\u00e1 recyklace vysokonap\u011b\u0165ov\u00fdch bateri\u00ed. Ji\u017e \u0159adu let spolupracuje RDC s pr\u016fmyslem a\u00a0akademickou obc\u00ed na v\u00fdvoji inovativn\u00edch metod recyklace bateri\u00ed elektricky poh\u00e1n\u011bn\u00fdch automobil\u016f.<\/p>\n<p>RDC op\u011bt ud\u00e1v\u00e1 sm\u011br na cest\u011b k ob\u011bhov\u00e9mu hospod\u00e1\u0159stv\u00ed. V uplynul\u00fdch t\u0159ech desetilet\u00edch opakovan\u011b podporovalo v\u00fdvoj nov\u00fdch model\u016f, materi\u00e1l\u016f a\u00a0technologi\u00ed, a to poskytov\u00e1n\u00edm zku\u0161enost\u00ed v oblasti recyklace. Nyn\u00ed, v \u00e9\u0159e elektromobility, se RDC uj\u00edm\u00e1 \u00fakolu z\u00edsk\u00e1vat hlubok\u00e9 odborn\u00e9 znalosti o\u00a0op\u011btovn\u00e9m vyu\u017eit\u00ed cenn\u00fdch zdroj\u016f a \u0161iroce je zp\u0159\u00edstup\u0148ovat recykla\u010dn\u00edmu pr\u016fmyslu. T\u00edmto zp\u016fsobem RDC neust\u00e1le roz\u0161i\u0159uje svou roli hlavn\u00edho centra v\u00a0oblasti recyklace vozidel. V dob\u011b, kdy se ob\u011bhov\u00e9 hospod\u00e1\u0159stv\u00ed st\u00e1v\u00e1 pro budoucnost automobilov\u00e9ho pr\u016fmyslu st\u00e1le d\u016fle\u017eit\u011bj\u0161\u00edm, jsou odborn\u00e9 znalosti a dovednosti z\u00edskan\u00e9 v RDC v\u00fdznamn\u011bj\u0161\u00ed ne\u017e kdykoli p\u0159edt\u00edm.<\/p>\n<p><img loading=\"lazy\" decoding=\"async\" class=\"alignnone size-medium wp-image-7066\" src=\"http:\/\/www.automakers.cz\/wp-content\/uploads\/2024\/09\/Recyklacni-centrum-BMW-6-900x600.jpg\" alt=\"\" width=\"900\" height=\"600\" srcset=\"https:\/\/www.automakers.cz\/wp-content\/uploads\/2024\/09\/Recyklacni-centrum-BMW-6-900x600.jpg 900w, https:\/\/www.automakers.cz\/wp-content\/uploads\/2024\/09\/Recyklacni-centrum-BMW-6-1024x683.jpg 1024w, https:\/\/www.automakers.cz\/wp-content\/uploads\/2024\/09\/Recyklacni-centrum-BMW-6-768x512.jpg 768w, https:\/\/www.automakers.cz\/wp-content\/uploads\/2024\/09\/Recyklacni-centrum-BMW-6-1536x1024.jpg 1536w, https:\/\/www.automakers.cz\/wp-content\/uploads\/2024\/09\/Recyklacni-centrum-BMW-6-2048x1365.jpg 2048w\" sizes=\"auto, (max-width: 900px) 100vw, 900px\" \/><\/p>\n","protected":false},"excerpt":{"rendered":"<p>Centrum pro recyklaci a demont\u00e1\u017e BMW Group (RDC) ji\u017e 30 let vyv\u00edj\u00ed a testuje procesy&#8230;<\/p>\n","protected":false},"author":2,"featured_media":7062,"comment_status":"closed","ping_status":"closed","sticky":false,"template":"","format":"standard","meta":{"footnotes":""},"categories":[41,4],"tags":[],"class_list":["post-7061","post","type-post","status-publish","format-standard","has-post-thumbnail","hentry","category-ekologie","category-vyroci"],"_links":{"self":[{"href":"https:\/\/www.automakers.cz\/index.php?rest_route=\/wp\/v2\/posts\/7061","targetHints":{"allow":["GET"]}}],"collection":[{"href":"https:\/\/www.automakers.cz\/index.php?rest_route=\/wp\/v2\/posts"}],"about":[{"href":"https:\/\/www.automakers.cz\/index.php?rest_route=\/wp\/v2\/types\/post"}],"author":[{"embeddable":true,"href":"https:\/\/www.automakers.cz\/index.php?rest_route=\/wp\/v2\/users\/2"}],"replies":[{"embeddable":true,"href":"https:\/\/www.automakers.cz\/index.php?rest_route=%2Fwp%2Fv2%2Fcomments&post=7061"}],"version-history":[{"count":5,"href":"https:\/\/www.automakers.cz\/index.php?rest_route=\/wp\/v2\/posts\/7061\/revisions"}],"predecessor-version":[{"id":7096,"href":"https:\/\/www.automakers.cz\/index.php?rest_route=\/wp\/v2\/posts\/7061\/revisions\/7096"}],"wp:featuredmedia":[{"embeddable":true,"href":"https:\/\/www.automakers.cz\/index.php?rest_route=\/wp\/v2\/media\/7062"}],"wp:attachment":[{"href":"https:\/\/www.automakers.cz\/index.php?rest_route=%2Fwp%2Fv2%2Fmedia&parent=7061"}],"wp:term":[{"taxonomy":"category","embeddable":true,"href":"https:\/\/www.automakers.cz\/index.php?rest_route=%2Fwp%2Fv2%2Fcategories&post=7061"},{"taxonomy":"post_tag","embeddable":true,"href":"https:\/\/www.automakers.cz\/index.php?rest_route=%2Fwp%2Fv2%2Ftags&post=7061"}],"curies":[{"name":"wp","href":"https:\/\/api.w.org\/{rel}","templated":true}]}}