{"id":7099,"date":"2024-09-10T06:58:52","date_gmt":"2024-09-10T06:58:52","guid":{"rendered":"https:\/\/www.automakers.cz\/?p=7099"},"modified":"2024-09-10T08:36:57","modified_gmt":"2024-09-10T08:36:57","slug":"zemrel-zavodnik-a-vydavatel-miran-velkoborsky","status":"publish","type":"post","link":"https:\/\/www.automakers.cz\/?p=7099","title":{"rendered":"Zem\u0159el z\u00e1vodn\u00edk a vydavatel Miran Velkoborsk\u00fd"},"content":{"rendered":"<p><strong>Jm\u00e9no Mirana Velkoborsk\u00e9ho je v\u00a0motoristick\u00e9 bran\u017ei spojeno p\u0159edev\u0161\u00edm s\u00a0jeho \u00fasp\u011bchy v\u00a0automobilov\u00e9m sportu. M\u00e9n\u011b je zn\u00e1m\u00e9, \u017ee se v\u00a0minulosti tak\u00e9 zaslou\u017eil o z\u00e1chranu \u010dasopisu Automobil, kdy\u017e podpo\u0159il Milana Joz\u00edfa a spole\u010dn\u011b s Vlastimilem \u0160ev\u010d\u00edkem zalo\u017eili vydavatelskou spole\u010dnost Unipress. Pr\u00e1v\u011b Miran Velkoborsk\u00fd byl t\u00e9m\u011b\u0159 desetilet\u00ed tak trochu utajen\u00fdm vydavatelem Automobilu.<\/strong> <!--more--><\/p>\n<p>Miran Velkoborsk\u00fd zem\u0159el 8. z\u00e1\u0159\u00ed ve v\u011bku 78 let. Svoji sportovn\u00ed kari\u00e9ru za\u010dal po vzoru star\u0161\u00edho bratra V\u00e1clava starty v\u00a0motocyklov\u00fdch sout\u011b\u017e\u00edch, ale brzo ho zl\u00e1kala \u010dty\u0159i kola. Zkusil to nejprve v\u00a0rallye, av\u0161ak ani to nebylo ono. Z\u00e1konit\u011b p\u0159esedlal do tehdy u n\u00e1s obl\u00edben\u00fdch formulov\u00fdch voz\u016f \u0160koda a Easter (MTX 1-02), kter\u00e9 n\u00e1sledn\u011b vym\u011bnil za volanty sportovn\u00edch spider\u016f MTX 2-01 BMW a MTX 2-01 Ford.<\/p>\n<p><img loading=\"lazy\" decoding=\"async\" class=\"alignnone size-medium wp-image-7104\" src=\"http:\/\/www.automakers.cz\/wp-content\/uploads\/2024\/09\/MTX-2-01-BMW_Velkoborsky_Hoskovice-900x602.jpg\" alt=\"\" width=\"900\" height=\"602\" \/>S\u00a0\u201eplackami\u201c, jak se tehdy tomuto druhu z\u00e1vodn\u00edch automobil\u016f \u0159\u00edkalo, z\u00edskal n\u011bkolik dom\u00e1c\u00edch titul\u016f v z\u00e1vodech na okruz\u00edch i do vrchu. N\u00e1sledn\u011b se od roku 1977 z\u00fa\u010dastnil i seri\u00e1lu z\u00e1vod\u016f Interserie a mistrovstv\u00ed Evropy do vrchu. V\u00a0mosteck\u00e9 Interserii 1980 dojel p\u00e1t\u00fd a \u010dtvrt\u00fd v\u00a0divizi II, \u010dasto ho v\u0161ak st\u00edhaly technick\u00e9 probl\u00e9my. St\u00e1l tak\u00e9 u zrodu samonosn\u00e9 formule Easter (KDV) a v\u00a0kategorii kamion\u016f se dokonce z\u00fa\u010dastnil legend\u00e1rn\u00ed sout\u011b\u017ee Pa\u0159\u00ed\u017e \u2013 Dakar.<\/p>\n<p>Po roce 1989 se za\u010dal \u00fasp\u011b\u0161n\u011b v\u011bnovat podnik\u00e1n\u00ed v\u00a0\u0159ad\u011b oblast\u00ed, a to doma i v\u00a0zahrani\u010d\u00ed. Jednou z\u00a0jeho aktivit bylo i ji\u017e zm\u00edn\u011bn\u00e9 zalo\u017een\u00ed vydavatelstv\u00ed Unipress, kter\u00e9 na za\u010d\u00e1tku divok\u00fdch devades\u00e1t\u00fdch let pr\u00e1v\u011b jeho z\u00e1sluhou v\u00a0podstat\u011b zachr\u00e1nilo \u010dasopis Automobil.<\/p>\n<p><img loading=\"lazy\" decoding=\"async\" class=\"alignnone size-medium wp-image-7103\" src=\"http:\/\/www.automakers.cz\/wp-content\/uploads\/2024\/09\/Velkoborsky-Miran_1-2-769x900.jpg\" alt=\"\" width=\"769\" height=\"900\" srcset=\"https:\/\/www.automakers.cz\/wp-content\/uploads\/2024\/09\/Velkoborsky-Miran_1-2-769x900.jpg 769w, https:\/\/www.automakers.cz\/wp-content\/uploads\/2024\/09\/Velkoborsky-Miran_1-2-875x1024.jpg 875w, https:\/\/www.automakers.cz\/wp-content\/uploads\/2024\/09\/Velkoborsky-Miran_1-2-768x899.jpg 768w, https:\/\/www.automakers.cz\/wp-content\/uploads\/2024\/09\/Velkoborsky-Miran_1-2.jpg 970w\" sizes=\"auto, (max-width: 769px) 100vw, 769px\" \/><\/p>\n<p>Poh\u0159eb Mirana Velkoborsk\u00e9ho se kon\u00e1 v\u00a0pond\u011bl\u00ed 16. z\u00e1\u0159\u00ed v\u00a011.10 v\u00a0nov\u00e9 ob\u0159adn\u00ed s\u00edni na Ol\u0161ansk\u00fdch h\u0159bitovech.<\/p>\n<p><strong>Karel Ber\u00e1nek, FOTO: archiv Tom\u00e1\u0161e Hyana<br \/>\n<\/strong><\/p>\n","protected":false},"excerpt":{"rendered":"<p>Jm\u00e9no Mirana Velkoborsk\u00e9ho je v\u00a0motoristick\u00e9 bran\u017ei spojeno p\u0159edev\u0161\u00edm s\u00a0jeho \u00fasp\u011bchy v\u00a0automobilov\u00e9m sportu. M\u00e9n\u011b je zn\u00e1m\u00e9,&#8230;<\/p>\n","protected":false},"author":1,"featured_media":7102,"comment_status":"closed","ping_status":"closed","sticky":false,"template":"","format":"standard","meta":{"footnotes":""},"categories":[19,27,5],"tags":[],"class_list":["post-7099","post","type-post","status-publish","format-standard","has-post-thumbnail","hentry","category-motorsport","category-novinari","category-personalie"],"_links":{"self":[{"href":"https:\/\/www.automakers.cz\/index.php?rest_route=\/wp\/v2\/posts\/7099","targetHints":{"allow":["GET"]}}],"collection":[{"href":"https:\/\/www.automakers.cz\/index.php?rest_route=\/wp\/v2\/posts"}],"about":[{"href":"https:\/\/www.automakers.cz\/index.php?rest_route=\/wp\/v2\/types\/post"}],"author":[{"embeddable":true,"href":"https:\/\/www.automakers.cz\/index.php?rest_route=\/wp\/v2\/users\/1"}],"replies":[{"embeddable":true,"href":"https:\/\/www.automakers.cz\/index.php?rest_route=%2Fwp%2Fv2%2Fcomments&post=7099"}],"version-history":[{"count":4,"href":"https:\/\/www.automakers.cz\/index.php?rest_route=\/wp\/v2\/posts\/7099\/revisions"}],"predecessor-version":[{"id":7113,"href":"https:\/\/www.automakers.cz\/index.php?rest_route=\/wp\/v2\/posts\/7099\/revisions\/7113"}],"wp:featuredmedia":[{"embeddable":true,"href":"https:\/\/www.automakers.cz\/index.php?rest_route=\/wp\/v2\/media\/7102"}],"wp:attachment":[{"href":"https:\/\/www.automakers.cz\/index.php?rest_route=%2Fwp%2Fv2%2Fmedia&parent=7099"}],"wp:term":[{"taxonomy":"category","embeddable":true,"href":"https:\/\/www.automakers.cz\/index.php?rest_route=%2Fwp%2Fv2%2Fcategories&post=7099"},{"taxonomy":"post_tag","embeddable":true,"href":"https:\/\/www.automakers.cz\/index.php?rest_route=%2Fwp%2Fv2%2Ftags&post=7099"}],"curies":[{"name":"wp","href":"https:\/\/api.w.org\/{rel}","templated":true}]}}