{"id":7117,"date":"2024-09-11T08:32:13","date_gmt":"2024-09-11T08:32:13","guid":{"rendered":"https:\/\/www.automakers.cz\/?p=7117"},"modified":"2024-09-11T08:37:12","modified_gmt":"2024-09-11T08:37:12","slug":"vw-vypovedel-dohodu-o-zajisteni-pracovnich-mist","status":"publish","type":"post","link":"https:\/\/www.automakers.cz\/?p=7117","title":{"rendered":"VW vypov\u011bd\u011bl dohodu o zaji\u0161t\u011bn\u00ed pracovn\u00edch m\u00edst"},"content":{"rendered":"<p><strong>N\u011bmeck\u00fd koncern <span class=\"highlight-query highlight-E1id0 highlight-E4id0 highlight-E1M highlight-E4M\">Volkswagen<\/span> form\u00e1ln\u011b vypov\u011bd\u011bl dohodu o zaji\u0161t\u011bn\u00ed pracovn\u00edch m\u00edst, kter\u00e1 br\u00e1nila propu\u0161t\u011bn\u00ed <span class=\"highlight-E5id2 highlight-E5M\">zam\u011bstnanc\u016f<\/span> v jeho n\u011bmeck\u00fdch podnic\u00edch od roku 1994. V \u00fater\u00fd o tom podle agentury <span class=\"highlight-E4id1 highlight-E1id1 highlight-E4M highlight-E1M\">DPA<\/span> informoval odbory.<\/strong> <!--more--><\/p>\n<p>Znamen\u00e1 to, \u017ee smlouva, kter\u00e1 m\u011bla p\u016fvodn\u011b platit a\u017e do roku 2029, vypr\u0161\u00ed za \u0161est m\u011bs\u00edc\u016f, tak\u017ee v \u010dervenci p\u0159\u00ed\u0161t\u00edho roku m\u016f\u017ee podnik za\u010d\u00edt v <span class=\"highlight-E0id0 highlight-E0M\">N\u011bmecku<\/span> propou\u0161t\u011bt. Krom\u011b dohody o zaji\u0161t\u011bn\u00ed pracovn\u00edch m\u00edst veden\u00ed <span class=\"highlight-query highlight-E1id0 highlight-E4id0 highlight-E1M highlight-E4M\">Volkswagenu<\/span> zru\u0161ilo i program, kter\u00fd zaji\u0161\u0165oval zam\u011bstn\u00e1v\u00e1n\u00ed <span class=\"highlight-E5id3 highlight-E5M\">st\u00e1\u017eist\u016f<\/span>, a program zam\u011bstn\u00e1v\u00e1n\u00ed <span class=\"highlight-E5id4 highlight-E5M\">lid\u00ed<\/span> prost\u0159ednictv\u00edm pracovn\u00edch agentur. Nyn\u00ed se firma chyst\u00e1 dohodnout s odbory a z\u00e1vodn\u00ed radou na nov\u00fdch pravidlech tak, aby mohla za\u010d\u00edt platit od poloviny p\u0159\u00ed\u0161t\u00edho roku.<\/p>\n<p>&#8222;Tento \u010dasov\u00fd \u00fasek n\u00e1m nyn\u00ed d\u00e1v\u00e1 p\u0159\u00edle\u017eitost naj\u00edt spole\u010dn\u011b se z\u00e1stupci <span class=\"highlight-E5id2 highlight-E5M\">zam\u011bstnanc\u016f<\/span> \u0159e\u0161en\u00ed, jak u\u010dinit <span class=\"highlight-query highlight-E1id0 highlight-E4id0 highlight-E1M highlight-E4M\">Volkswagen<\/span> trvale konkurenceschopn\u00fdm,&#8220; uvedl person\u00e1ln\u00ed <span class=\"highlight-E5id0 highlight-E5M\">\u0159editel<\/span> Gunnar Kilian.<\/p>\n<p>&#8222;Sou\u010dasn\u00e1 f\u00e1ze p\u0159isp\u00edv\u00e1 k nejistot\u011b. M\u016f\u017eeme j\u00ed \u010delit, pokud v\u010das vytvo\u0159\u00edme pro na\u0161i spole\u010dnost perspektivy do budoucna,&#8220; dodal Kilian. <span class=\"highlight-query highlight-E1id0 highlight-E4id0 highlight-E1M highlight-E4M\">Volkswagen<\/span> ozn\u00e1mil, \u017ee bude nucen zru\u0161it program ochrany pracovn\u00edch m\u00edst, kter\u00fd platil 30 let, minul\u00fd t\u00fdden. Sd\u011blil tak\u00e9, \u017ee mo\u017en\u00e1 bude nucen uzav\u0159\u00edt n\u011bkter\u00fd ze sv\u00fdch n\u011bmeck\u00fdch z\u00e1vod\u016f. \u017d\u00e1dn\u00fd \u010dasov\u00fd pl\u00e1n ale zat\u00edm nezve\u0159ejnil.<\/p>\n<p><strong>Odbory nesouhlas\u00ed<\/strong><\/p>\n<p>Vnitropodnikov\u00e9 odbory a odborov\u00fd svaz <span class=\"highlight-E1id3 highlight-E1M\">IG<\/span> <span class=\"highlight-E1id3 highlight-E1M\">Metall<\/span> se od t\u00e9 doby proti pl\u00e1n\u016fm veden\u00ed ohrazuj\u00ed. &#8222;Nyn\u00ed spole\u010dnost splnila to, co jsme u\u017e n\u011bkolik dn\u00ed o\u010dek\u00e1vali,&#8220; \u0159ekla <span class=\"highlight-E5id1 highlight-E5M\">\u0161\u00e9fka<\/span> podnikov\u00e9 rady <span class=\"highlight-E2id0 highlight-E2M\">Daniela<\/span> <span class=\"highlight-E2id0 highlight-E2M\">Cavalloov\u00e1<\/span>. Z\u00e1rove\u0148 zopakovala nesouhlas s ozn\u00e1men\u00fdm z\u00e1m\u011brem. &#8222;Budeme se tvrd\u011b br\u00e1nit tomuto historick\u00e9mu \u00fatoku na na\u0161e zam\u011bstn\u00e1n\u00ed. Z provozn\u00edch d\u016fvod\u016f u n\u00e1s nedojde k \u017e\u00e1dn\u00e9mu propou\u0161t\u011bn\u00ed,&#8220; citovala ji <span class=\"highlight-E1id1 highlight-E4id1 highlight-E1M highlight-E4M\">DPA<\/span>.<\/p>\n<p><strong>Zdroj: <span class=\"highlight-E4id1 highlight-E1id2 highlight-E4M highlight-E1M\">DPA,<\/span><\/strong><\/p>\n<p><strong><span class=\"highlight-E4id1 highlight-E1id2 highlight-E4M highlight-E1M\">Koment\u00e1\u0159 \u010cT 24:<br \/>\n<\/span><\/strong><\/p>\n<p>&nbsp;<\/p>\n<p><iframe loading=\"lazy\"  id=\"_ytid_45269\"  width=\"640\" height=\"360\"  data-origwidth=\"640\" data-origheight=\"360\" src=\"https:\/\/www.youtube.com\/embed\/OcE1QiTiAZM?enablejsapi=1&#038;autoplay=0&#038;cc_load_policy=0&#038;cc_lang_pref=&#038;iv_load_policy=1&#038;loop=0&#038;modestbranding=0&#038;rel=1&#038;fs=1&#038;playsinline=0&#038;autohide=2&#038;theme=dark&#038;color=red&#038;controls=1&#038;\" class=\"__youtube_prefs__  epyt-is-override  no-lazyload\" title=\"YouTube player\"  allow=\"accelerometer; autoplay; clipboard-write; encrypted-media; gyroscope; picture-in-picture\" allowfullscreen data-no-lazy=\"1\" data-skipgform_ajax_framebjll=\"\"><\/iframe><\/p>\n<p>&nbsp;<\/p>\n","protected":false},"excerpt":{"rendered":"<p>N\u011bmeck\u00fd koncern Volkswagen form\u00e1ln\u011b vypov\u011bd\u011bl dohodu o zaji\u0161t\u011bn\u00ed pracovn\u00edch m\u00edst, kter\u00e1 br\u00e1nila propu\u0161t\u011bn\u00ed zam\u011bstnanc\u016f v&#8230;<\/p>\n","protected":false},"author":1,"featured_media":7034,"comment_status":"closed","ping_status":"closed","sticky":false,"template":"","format":"standard","meta":{"footnotes":""},"categories":[31,5,18],"tags":[],"class_list":["post-7117","post","type-post","status-publish","format-standard","has-post-thumbnail","hentry","category-news","category-personalie","category-vyroba"],"_links":{"self":[{"href":"https:\/\/www.automakers.cz\/index.php?rest_route=\/wp\/v2\/posts\/7117","targetHints":{"allow":["GET"]}}],"collection":[{"href":"https:\/\/www.automakers.cz\/index.php?rest_route=\/wp\/v2\/posts"}],"about":[{"href":"https:\/\/www.automakers.cz\/index.php?rest_route=\/wp\/v2\/types\/post"}],"author":[{"embeddable":true,"href":"https:\/\/www.automakers.cz\/index.php?rest_route=\/wp\/v2\/users\/1"}],"replies":[{"embeddable":true,"href":"https:\/\/www.automakers.cz\/index.php?rest_route=%2Fwp%2Fv2%2Fcomments&post=7117"}],"version-history":[{"count":5,"href":"https:\/\/www.automakers.cz\/index.php?rest_route=\/wp\/v2\/posts\/7117\/revisions"}],"predecessor-version":[{"id":7119,"href":"https:\/\/www.automakers.cz\/index.php?rest_route=\/wp\/v2\/posts\/7117\/revisions\/7119"}],"wp:featuredmedia":[{"embeddable":true,"href":"https:\/\/www.automakers.cz\/index.php?rest_route=\/wp\/v2\/media\/7034"}],"wp:attachment":[{"href":"https:\/\/www.automakers.cz\/index.php?rest_route=%2Fwp%2Fv2%2Fmedia&parent=7117"}],"wp:term":[{"taxonomy":"category","embeddable":true,"href":"https:\/\/www.automakers.cz\/index.php?rest_route=%2Fwp%2Fv2%2Fcategories&post=7117"},{"taxonomy":"post_tag","embeddable":true,"href":"https:\/\/www.automakers.cz\/index.php?rest_route=%2Fwp%2Fv2%2Ftags&post=7117"}],"curies":[{"name":"wp","href":"https:\/\/api.w.org\/{rel}","templated":true}]}}