{"id":7158,"date":"2024-09-13T07:38:29","date_gmt":"2024-09-13T07:38:29","guid":{"rendered":"https:\/\/www.automakers.cz\/?p=7158"},"modified":"2024-09-13T07:38:29","modified_gmt":"2024-09-13T07:38:29","slug":"prochazkova-povysila-do-evropskeho-prologisu","status":"publish","type":"post","link":"https:\/\/www.automakers.cz\/?p=7158","title":{"rendered":"Proch\u00e1zkov\u00e1 pov\u00fd\u0161ila do evropsk\u00e9ho Prologisu"},"content":{"rendered":"<div><strong>Prologis pov\u00fd\u0161il Pavlu Proch\u00e1zkovou na novou vedouc\u00ed pozici Vice President, Real Estate and Customer Experience Lead pro Evropu.<\/strong><\/div>\n<p><!--more--><\/p>\n<div>Proch\u00e1zkov\u00e1 nastoupila do spole\u010dnosti Prologis v roce 2010 a od roku 2022 zast\u00e1v\u00e1 pozici Central Europe Real Estate and Customer Experience Lead, Director. Vede technickou a obchodn\u00ed spr\u00e1vu milion\u016f metr\u016f \u010dtvere\u010dn\u00edch logistick\u00fdch nemovitost\u00ed, v\u010detn\u011b sestavov\u00e1n\u00ed rozpo\u010dtu, dohledu nad n\u00e1kupem energi\u00ed, \u00fadr\u017ebou a revizemi \u010di strategi\u00ed spr\u00e1vy majetku a spr\u00e1vy poji\u0161t\u011bn\u00ed.<\/div>\n<div><\/div>\n<div>Proch\u00e1zkov\u00e1 p\u0159enese sv\u00e9 zku\u0161enosti na n\u00e1rodn\u00ed a region\u00e1ln\u00ed \u00farovni na evropskou sc\u00e9nu. Tento krok v jej\u00ed kari\u00e9\u0159e je sou\u010d\u00e1st\u00ed organiza\u010dn\u00edch zm\u011bn ve spole\u010dnosti Prologis, jejich\u017e c\u00edlem je podpo\u0159it u\u017e\u0161\u00ed soudr\u017enost t\u00fdm\u016f p\u0159i poskytov\u00e1n\u00ed slu\u017eeb z\u00e1kazn\u00edk\u016fm. Nov\u00e1 role Pavly Proch\u00e1zkov\u00e9 je v\u00fdsledkem zefektivn\u011bn\u00ed celoevropsk\u00e9 struktury t\u00fdmu RECX.<br \/>\n<em><br \/>\n<\/em><\/div>\n<div>\n<p><em>\u201eMoje pr\u00e1ce spo\u010d\u00edv\u00e1 v neust\u00e1l\u00fdch inovac\u00edch a nach\u00e1zen\u00ed nov\u00fdch \u0159e\u0161en\u00ed pro na\u0161e z\u00e1kazn\u00edky. V\u017edy se sna\u017e\u00edm j\u00edt nad r\u00e1mec sou\u010dasn\u00e9ho stavu a vytv\u00e1\u0159et z na\u0161ich park\u016f skute\u010dn\u011b v\u00fdjime\u010dn\u00e1 m\u00edsta pro pr\u00e1ci. Tyto hodnoty jsou hnac\u00edm motorem celosv\u011btov\u00e9ho \u00fasp\u011bchu spole\u010dnosti Prologis a j\u00e1 jsem poct\u011bna, \u017ee nyn\u00ed mohu pomoci v\u00e9st oblast RECX v Evrop\u011b a velmi se t\u011b\u0161\u00edm na dal\u0161\u00ed pr\u00e1ci pro na\u0161e z\u00e1kazn\u00edky nap\u0159\u00ed\u010d Evropou,\u201c<\/em>\u00a0\u0159\u00edk\u00e1 Pavla Proch\u00e1zkov\u00e1.<\/p>\n<p><em>\u201eZ Pavlina \u00fasil\u00ed zajistit, aby z\u00e1kazn\u00edci mohli pln\u011b vyu\u017e\u00edvat v\u00fdhod pr\u00e1ce v na\u0161ich parc\u00edch budou nyn\u00ed t\u011b\u017eit na\u0161i partne\u0159i v cel\u00e9 Evrop\u011b,\u201c<\/em>\u00a0\u0159\u00edk\u00e1 Martin Bal\u00e1\u017e, SVP, Head of Asset Management pro st\u0159edn\u00ed Evropu.\u00a0<em>\u201ePavlino pov\u00fd\u0161en\u00ed je zaslou\u017een\u00e9 a je d\u016fkazem jej\u00edho strategick\u00e9ho p\u0159\u00edstupu k prosazov\u00e1n\u00ed \u00fa\u010dinn\u00fdch zm\u011bn, kter\u00e9 p\u0159in\u00e1\u0161ej\u00ed z\u00e1kazn\u00edk\u016fm je\u0161t\u011b vy\u0161\u0161\u00ed p\u0159idanou hodnotu. Nem\u016f\u017eeme se do\u010dkat, a\u017e v t\u00e9to nov\u00e9 roli naplno vyu\u017eije sv\u00e9 schopnosti a zku\u0161enosti.\u201c<\/em><\/p>\n<p><strong>Zdroj: Prologis<\/strong><\/p>\n<\/div>\n","protected":false},"excerpt":{"rendered":"<p>Prologis pov\u00fd\u0161il Pavlu Proch\u00e1zkovou na novou vedouc\u00ed pozici Vice President, Real Estate and Customer Experience&#8230;<\/p>\n","protected":false},"author":2,"featured_media":7159,"comment_status":"closed","ping_status":"closed","sticky":false,"template":"","format":"standard","meta":{"footnotes":""},"categories":[43,5],"tags":[],"class_list":["post-7158","post","type-post","status-publish","format-standard","has-post-thumbnail","hentry","category-logistika","category-personalie"],"_links":{"self":[{"href":"https:\/\/www.automakers.cz\/index.php?rest_route=\/wp\/v2\/posts\/7158","targetHints":{"allow":["GET"]}}],"collection":[{"href":"https:\/\/www.automakers.cz\/index.php?rest_route=\/wp\/v2\/posts"}],"about":[{"href":"https:\/\/www.automakers.cz\/index.php?rest_route=\/wp\/v2\/types\/post"}],"author":[{"embeddable":true,"href":"https:\/\/www.automakers.cz\/index.php?rest_route=\/wp\/v2\/users\/2"}],"replies":[{"embeddable":true,"href":"https:\/\/www.automakers.cz\/index.php?rest_route=%2Fwp%2Fv2%2Fcomments&post=7158"}],"version-history":[{"count":4,"href":"https:\/\/www.automakers.cz\/index.php?rest_route=\/wp\/v2\/posts\/7158\/revisions"}],"predecessor-version":[{"id":7210,"href":"https:\/\/www.automakers.cz\/index.php?rest_route=\/wp\/v2\/posts\/7158\/revisions\/7210"}],"wp:featuredmedia":[{"embeddable":true,"href":"https:\/\/www.automakers.cz\/index.php?rest_route=\/wp\/v2\/media\/7159"}],"wp:attachment":[{"href":"https:\/\/www.automakers.cz\/index.php?rest_route=%2Fwp%2Fv2%2Fmedia&parent=7158"}],"wp:term":[{"taxonomy":"category","embeddable":true,"href":"https:\/\/www.automakers.cz\/index.php?rest_route=%2Fwp%2Fv2%2Fcategories&post=7158"},{"taxonomy":"post_tag","embeddable":true,"href":"https:\/\/www.automakers.cz\/index.php?rest_route=%2Fwp%2Fv2%2Ftags&post=7158"}],"curies":[{"name":"wp","href":"https:\/\/api.w.org\/{rel}","templated":true}]}}