{"id":716,"date":"2023-12-05T08:52:11","date_gmt":"2023-12-05T08:52:11","guid":{"rendered":"https:\/\/www.automakers.cz\/?p=716"},"modified":"2023-12-05T09:03:47","modified_gmt":"2023-12-05T09:03:47","slug":"kupka-rozjel-pr-kampan-k-dostavbe-prazskeho-okruhu","status":"publish","type":"post","link":"https:\/\/www.automakers.cz\/?p=716","title":{"rendered":"Kupka jede PR kampa\u0148 k pra\u017esk\u00e9mu okruhu"},"content":{"rendered":"<p><strong>V souvislosti s procesem EIA k dostavb\u011b severn\u00ed \u010d\u00e1sti Pra\u017esk\u00e9ho okruhu (D0 518, 519 a 520) za\u010dalo ve\u0159ejn\u00e9 projedn\u00e1v\u00e1n\u00ed stavby. Ministr dopravy Martin Kupka tak v posledn\u00edch t\u00fddnech vysv\u011btloval z\u00e1m\u011br ob\u010dan\u016fm Chaber, Suchdola a Horn\u00edch Po\u010dernic.<\/strong><!--more--><\/p>\n<p>C\u00edlem akce je p\u0159esv\u011bd\u010dit ve\u0159ejnost, \u017ee dostavba \u0161estiproud\u00e9 d\u00e1lnice skrz Prahu v\u00fdrazn\u011b ulev\u00ed doprav\u011b v metropoli a \u017ee bude m\u00edt pozitivn\u00ed dopady na \u017eivotn\u00ed prost\u0159ed\u00ed. Martin Kupka a veden\u00ed \u0158SD mus\u00ed na setk\u00e1n\u00ed \u010delit \u0159ad\u011b kritik\u016f, kte\u0159\u00ed poukazuj\u00ed na probl\u00e9my kolem dostavby.<\/p>\n<p>\u0158editelstv\u00ed silnic a d\u00e1lnic si proto najalo PR agenturu s c\u00edlem zm\u011bnit postoj obyvatel dot\u010den\u00fdch oblast\u00ed a z\u00edskat kladn\u00e9 stanovisko EIA. Celkov\u00e9 n\u00e1klady na medi\u00e1ln\u00ed a komunika\u010dn\u00ed aktivity k okruhu budou podle webu Rozumnadoprava.cz \u010dinit cca 3 miliony K\u010d.<\/p>\n<p><strong>Zdroj: Erich Handl, setk\u00e1n\u00ed Horn\u00ed Po\u010dernice, archiv, FOTO: autor<br \/>\n<\/strong><\/p>\n<p><img loading=\"lazy\" decoding=\"async\" class=\"alignnone size-medium wp-image-721\" src=\"http:\/\/www.automakers.cz\/wp-content\/uploads\/2023\/12\/Kupka-okruh-Pocernice-stodola-900x675.jpg\" alt=\"\" width=\"900\" height=\"675\" srcset=\"https:\/\/www.automakers.cz\/wp-content\/uploads\/2023\/12\/Kupka-okruh-Pocernice-stodola-900x675.jpg 900w, https:\/\/www.automakers.cz\/wp-content\/uploads\/2023\/12\/Kupka-okruh-Pocernice-stodola-1024x768.jpg 1024w, https:\/\/www.automakers.cz\/wp-content\/uploads\/2023\/12\/Kupka-okruh-Pocernice-stodola-768x576.jpg 768w, https:\/\/www.automakers.cz\/wp-content\/uploads\/2023\/12\/Kupka-okruh-Pocernice-stodola-1536x1152.jpg 1536w, https:\/\/www.automakers.cz\/wp-content\/uploads\/2023\/12\/Kupka-okruh-Pocernice-stodola.jpg 2040w\" sizes=\"auto, (max-width: 900px) 100vw, 900px\" \/><\/p>\n","protected":false},"excerpt":{"rendered":"<p>V souvislosti s procesem EIA k dostavb\u011b severn\u00ed \u010d\u00e1sti Pra\u017esk\u00e9ho okruhu (D0 518, 519 a&#8230;<\/p>\n","protected":false},"author":1,"featured_media":720,"comment_status":"open","ping_status":"open","sticky":false,"template":"","format":"standard","meta":{"footnotes":""},"categories":[47,21],"tags":[],"class_list":["post-716","post","type-post","status-publish","format-standard","has-post-thumbnail","hentry","category-doprava","category-pr"],"_links":{"self":[{"href":"https:\/\/www.automakers.cz\/index.php?rest_route=\/wp\/v2\/posts\/716","targetHints":{"allow":["GET"]}}],"collection":[{"href":"https:\/\/www.automakers.cz\/index.php?rest_route=\/wp\/v2\/posts"}],"about":[{"href":"https:\/\/www.automakers.cz\/index.php?rest_route=\/wp\/v2\/types\/post"}],"author":[{"embeddable":true,"href":"https:\/\/www.automakers.cz\/index.php?rest_route=\/wp\/v2\/users\/1"}],"replies":[{"embeddable":true,"href":"https:\/\/www.automakers.cz\/index.php?rest_route=%2Fwp%2Fv2%2Fcomments&post=716"}],"version-history":[{"count":6,"href":"https:\/\/www.automakers.cz\/index.php?rest_route=\/wp\/v2\/posts\/716\/revisions"}],"predecessor-version":[{"id":719,"href":"https:\/\/www.automakers.cz\/index.php?rest_route=\/wp\/v2\/posts\/716\/revisions\/719"}],"wp:featuredmedia":[{"embeddable":true,"href":"https:\/\/www.automakers.cz\/index.php?rest_route=\/wp\/v2\/media\/720"}],"wp:attachment":[{"href":"https:\/\/www.automakers.cz\/index.php?rest_route=%2Fwp%2Fv2%2Fmedia&parent=716"}],"wp:term":[{"taxonomy":"category","embeddable":true,"href":"https:\/\/www.automakers.cz\/index.php?rest_route=%2Fwp%2Fv2%2Fcategories&post=716"},{"taxonomy":"post_tag","embeddable":true,"href":"https:\/\/www.automakers.cz\/index.php?rest_route=%2Fwp%2Fv2%2Ftags&post=716"}],"curies":[{"name":"wp","href":"https:\/\/api.w.org\/{rel}","templated":true}]}}