{"id":7170,"date":"2024-09-12T15:03:23","date_gmt":"2024-09-12T15:03:23","guid":{"rendered":"https:\/\/www.automakers.cz\/?p=7170"},"modified":"2024-09-13T07:44:21","modified_gmt":"2024-09-13T07:44:21","slug":"konstrukter-petr-hrdlicka-slavi-90-let","status":"publish","type":"post","link":"https:\/\/www.automakers.cz\/?p=7170","title":{"rendered":"Konstrukt\u00e9r Petr Hrdli\u010dka oslavil 90 let"},"content":{"rendered":"<p><strong>\u017divotn\u00ed p\u0159\u00edb\u011bh Petra Hrdli\u010dky, kter\u00fd oslavil 90. narozeniny (*12. z\u00e1\u0159\u00ed 1934), je \u00fazce spojen\u00fd s tuzemsk\u00fdm automobilov\u00fdm pr\u016fmyslem a zna\u010dkou \u0160koda.<\/strong> <!--more--><\/p>\n<p>Dok\u00e1zal se prosadit d\u00edky sv\u00fdm znalostem konstrukce modern\u00edch automobil\u016f, stal se \u0159editelem technick\u00e9ho v\u00fdvoje, jeho\u017e hlavn\u00edm \u00fakolem byl v\u00fdvoj modelu \u0160koda Favorit, svou stopu zanechal i u modelu \u0160koda 1000 MB a evoluce voz\u016f \u0160koda<br \/>\ns motorem vzadu v 80. letech.<\/p>\n<p><strong>\u00dasp\u011b\u0161n\u00e1 kari\u00e9ra okolnostem navzdory <\/strong><br \/>\nPetr Hrdli\u010dka se narodil 12. z\u00e1\u0159\u00ed 1934 v Praze. K\u00e1drov\u00e9 posudky mu kv\u016fli p\u016fsoben\u00ed jeho otce na pozici \u0159editele automobilky za 2. sv\u011btov\u00e9 v\u00e1lky znemo\u017enily p\u0159ijet\u00ed na vysokou \u0161kolu, a tak nastoupil do \u00dastavu pro v\u00fdzkum motorov\u00fdch vozidel (\u00daVMV). D\u00edky schopnostem a odhodl\u00e1n\u00ed, ale i souhrou p\u0159\u00edzniv\u00fdch okolnost\u00ed jej v roce 1954 p\u0159ece jen p\u0159ijali na \u010cVUT, po promoci pak<br \/>\nPetr Hrdli\u010dka nastoupil v roce 1959 do automobilky \u0160koda do odd\u011blen\u00ed konstrukce p\u0159\u00edpravk\u016f.<\/p>\n<p><strong>Zna\u010dn\u00fd dopad na modely s motorem vzadu <\/strong><br \/>\nD\u00edky specializaci na hypoidn\u00ed ozuben\u00e1 kola dostal Petr Hrdli\u010dka ji\u017e v roce 1959 \u00fakol vypo\u010d\u00edtat parametry soukol\u00ed zadn\u00ed n\u00e1pravy na p\u0159ipravovan\u00fd nov\u00fd model \u0160koda 1000 MB. Jeho pr\u00e1ce se projevila i na zm\u011bn\u00e1ch dal\u0161\u00edch komponent vozu tak, aby byla zaji\u0161t\u011bna jejich odolnost.<\/p>\n<p>V druh\u00e9 polovin\u011b 70. let minul\u00e9ho stolet\u00ed pracoval Petr Hrdli\u010dka jako vedouc\u00ed \u00fatvaru V\u011bdeckotechnick\u00e9ho rozvoje v UVMV, kde zalo\u017eil i odd\u011blen\u00ed inovac\u00ed, kter\u00e9 se zab\u00fdvalo i modernizac\u00ed model\u016f \u0160koda 742 a 743. P\u0159isp\u011bl zejm\u00e9na k v\u00fdvoji vle\u010den\u00e9 zadn\u00ed n\u00e1pravy, ale zasadil se t\u0159eba i o aplikaci h\u0159eben\u00e9ho \u0159\u00edzen\u00ed, v\u00fdkonn\u011bj\u0161\u00ed brzdov\u00e9 soustavy \u010di \u00fapravy \u010dty\u0159stup\u0148ov\u00e9 p\u0159evodovky na p\u011btistup\u0148ovou s c\u00edlem dos\u00e1hnout ni\u017e\u0161\u00ed hlu\u010dnosti a spot\u0159eby paliva.<\/p>\n<p><strong> Nejd\u016fle\u017eit\u011bj\u0161\u00ed projekt: V\u00fdvoj modelu \u0160koda Favorit <\/strong><br \/>\nPetr Hrdli\u010dka je nejv\u00edce spjat\u00fd s modelem \u0160koda Favorit, jeho\u017e \u00fasp\u011bch byl pro automobilku \u017eivotn\u011b d\u016fle\u017eit\u00fd \u2013 p\u0159inesl vytou\u017een\u00fd p\u0159echod na modern\u00ed koncepci s motorem vp\u0159edu a s pohonem p\u0159edn\u00edch kol. Jako \u0159editel technick\u00e9ho v\u00fdvoje pracoval Petr Hrdli\u010dka v Mlad\u00e9 Boleslavi sedm let od b\u0159ezna 1983 do b\u0159ezna 1990.<\/p>\n<p>Na samotn\u00e9m po\u010d\u00e1tku byl str\u016fjcem kontraktu s design\u00e9rem Giuseppem \u201eNuccio\u201c Bertonem a d\u00edky sv\u00e9 technick\u00e9 erudici<br \/>\novliv\u0148oval u ve\u0161ker\u00fdch komponent vozu jejich v\u00fdvoj, konstrukci i p\u0159\u00edpadn\u00e9 dod\u00e1vky od subdodavatel\u016f, u nich\u017e prosadil zaveden\u00ed \u0159ady modern\u00edch technologi\u00ed. T\u00fdmu kolem Petra Hrdli\u010dky se poda\u0159ilo projekt \u0160koda Favorit \u00fasp\u011b\u0161n\u011b dokon\u010dit v rekordn\u00edm \u010dase. Zcela nov\u00fd v\u016fz se ve\u0159ejnosti poprv\u00e9 p\u0159edstavil u\u017e v z\u00e1\u0159\u00ed 1987. Modern\u00ed koncepc\u00ed a zaveden\u00edm nov\u00fdch technologi\u00ed v\u00fdrazn\u011b p\u0159isp\u011bl k modernizaci cel\u00e9ho automobilov\u00e9ho pr\u016fmyslu v tehdej\u0161\u00edm \u010ceskoslovensku a polo\u017eil z\u00e1klady pro rozhodnut\u00ed koncernu Volkswagen o vstupu do \u010desk\u00e9 automobilky v roce 1991.<\/p>\n<p>Po odchodu ze \u0160koda Auto v roce 1990 se Petr Hrdli\u010dka s automobilkou op\u011bt profesn\u011b spojil v polovin\u011b 90. let v pozici extern\u00edho konzultanta a nad\u00e1le z\u016fst\u00e1val v kontaktu p\u0159edev\u0161\u00edm s odd\u011blen\u00edm v\u00fdvoje.<\/p>\n<p><strong>Technick\u00e9 d\u011bdictv\u00ed rodiny Hrdli\u010dkov\u00fdch <\/strong><br \/>\nS mladoboleslavskou automobilkou je s\u00e1ga rodiny Hrdli\u010dkov\u00fdch spjata ji\u017e od ledna 1929, kdy se Karel Hrdli\u010dka (1. 3. 1888 \u2013 7. 12. 1979, otec Petra Hrdli\u010dky) stal n\u00e1m\u011bstkem z\u00e1vodn\u00edho \u0159editele, a z\u00e1hy \u0159editelem cel\u00e9 automobilky, jej\u00ed\u017e tehdej\u0161\u00ed ofici\u00e1ln\u00ed n\u00e1zev byl Akciov\u00e1 spole\u010dnost pro automobilov\u00fd pr\u016fmysl (ASAP). Na t\u00e9to pozici setrval a\u017e do roku 1942, kdy jeho anga\u017em\u00e1 pod t\u00edhou v\u00e1le\u010dn\u00fdch ud\u00e1lost\u00ed skon\u010dilo. Za jeho \u00e9ry se \u0160koda posunula na prvn\u00ed m\u00edsto mezi silnou dom\u00e1c\u00ed konkurenc\u00ed a etablovala mimo jin\u00e9 modelov\u00e9 \u0159ady Popular, Rapid, Favorit \u010di Superb. To v\u0161e zejm\u00e9na d\u00edky zaveden\u00ed poprv\u00e9 v \u010ceskoslovensku s\u00e9riov\u00e9 v\u00fdroby ve zcela nov\u00e9m modern\u00edm z\u00e1vod\u011b.<\/p>\n<p><img loading=\"lazy\" decoding=\"async\" class=\"alignnone size-medium wp-image-7173\" src=\"http:\/\/www.automakers.cz\/wp-content\/uploads\/2024\/09\/Petr-Hrdlicka-celebrates-90th-birthday-2_71da1e8c-900x600.jpg\" alt=\"\" width=\"900\" height=\"600\" \/>V rodinn\u00e9 tradici pokra\u010duje syn Petra Hrdli\u010dky Martin (*1969), kter\u00fd spojil svou profesn\u00ed dr\u00e1hu s mladoboleslavskou zna\u010dkou \u0160koda v lednu 1993. Tak\u00e9 on se \u0159ad\u00ed k rozen\u00fdm technik\u016fm s glob\u00e1ln\u00edm p\u0159esahem, nyn\u00ed p\u016fsob\u00ed jako vedouc\u00ed v\u00fdvoje podvozku a agreg\u00e1tu.<\/p>\n<p><strong>Zdroj: V\u00edt\u011bzslav Kodym <\/strong><br \/>\n<strong>Vedouc\u00ed Komunikace produktu<\/strong><\/p>\n","protected":false},"excerpt":{"rendered":"<p>\u017divotn\u00ed p\u0159\u00edb\u011bh Petra Hrdli\u010dky, kter\u00fd oslavil 90. narozeniny (*12. z\u00e1\u0159\u00ed 1934), je \u00fazce spojen\u00fd s&#8230;<\/p>\n","protected":false},"author":1,"featured_media":7172,"comment_status":"closed","ping_status":"closed","sticky":false,"template":"","format":"standard","meta":{"footnotes":""},"categories":[5,4],"tags":[],"class_list":["post-7170","post","type-post","status-publish","format-standard","has-post-thumbnail","hentry","category-personalie","category-vyroci"],"_links":{"self":[{"href":"https:\/\/www.automakers.cz\/index.php?rest_route=\/wp\/v2\/posts\/7170","targetHints":{"allow":["GET"]}}],"collection":[{"href":"https:\/\/www.automakers.cz\/index.php?rest_route=\/wp\/v2\/posts"}],"about":[{"href":"https:\/\/www.automakers.cz\/index.php?rest_route=\/wp\/v2\/types\/post"}],"author":[{"embeddable":true,"href":"https:\/\/www.automakers.cz\/index.php?rest_route=\/wp\/v2\/users\/1"}],"replies":[{"embeddable":true,"href":"https:\/\/www.automakers.cz\/index.php?rest_route=%2Fwp%2Fv2%2Fcomments&post=7170"}],"version-history":[{"count":3,"href":"https:\/\/www.automakers.cz\/index.php?rest_route=\/wp\/v2\/posts\/7170\/revisions"}],"predecessor-version":[{"id":7218,"href":"https:\/\/www.automakers.cz\/index.php?rest_route=\/wp\/v2\/posts\/7170\/revisions\/7218"}],"wp:featuredmedia":[{"embeddable":true,"href":"https:\/\/www.automakers.cz\/index.php?rest_route=\/wp\/v2\/media\/7172"}],"wp:attachment":[{"href":"https:\/\/www.automakers.cz\/index.php?rest_route=%2Fwp%2Fv2%2Fmedia&parent=7170"}],"wp:term":[{"taxonomy":"category","embeddable":true,"href":"https:\/\/www.automakers.cz\/index.php?rest_route=%2Fwp%2Fv2%2Fcategories&post=7170"},{"taxonomy":"post_tag","embeddable":true,"href":"https:\/\/www.automakers.cz\/index.php?rest_route=%2Fwp%2Fv2%2Ftags&post=7170"}],"curies":[{"name":"wp","href":"https:\/\/api.w.org\/{rel}","templated":true}]}}